{"id":608029,"date":"2025-12-18T19:06:11","date_gmt":"2025-12-18T19:06:11","guid":{"rendered":"https:\/\/www.europesays.com\/fr\/608029\/"},"modified":"2025-12-18T19:06:11","modified_gmt":"2025-12-18T19:06:11","slug":"la-saison-3-demaster-crimes-avec-muriel-robin-sur-tf1-le-lancement-de-la-saison-6-de-qui-veut-etre-mon-associe-sur-m6-les-temps-forts-a-la-television-du-3-au-9-janvier-2026","status":"publish","type":"post","link":"https:\/\/www.europesays.com\/fr\/608029\/","title":{"rendered":"La saison 3 de\u00a0\u00bbMaster crimes\u00a0\u00bb avec Muriel Robin sur TF1, le lancement de la saison 6 de \u00ab\u00a0Qui veut \u00eatre mon associ\u00e9 ?\u00a0\u00bb sur M6&#8230; Les temps forts \u00e0 la t\u00e9l\u00e9vision du 3 au 9 janvier 2026"},"content":{"rendered":"<p>Quoi de neuf dans le PAF ? Chaque semaine, Purem\u00e9dias vous propose un aper\u00e7u des grilles des programmes des cha\u00eenes fran\u00e7aises \u00e0 l&rsquo;antenne dans trois semaines. En plus des primes des cha\u00eenes historiques et des principales cha\u00eenes de la TNT, d\u00e9couvrez \u00e9galement les modifications de programmation en deuxi\u00e8me partie de soir\u00e9e ou en journ\u00e9e sur l&rsquo;ensemble des cha\u00eenes. Voici notre s\u00e9lection pour la semaine du samedi 3 au vendredi 9 janvier 2026.<\/p>\n<p>Samedi 3 janvier 2026<\/p>\n<p><strong>Prime<\/strong><br \/><strong>TF1 : <\/strong><a href=\"https:\/\/www.ozap.com\/actu\/semaine-des-destins-lies-et-tres-grosse-star-sur-le-prime-michael-goldman-revele-le-programme-a-venir-des-eleves-de-la-star-academy-2025\/652575\" target=\"_blank\" rel=\"noopener\">\u00ab\u00a0Star Academy\u00a0\u00bb<\/a>, divertissement pr\u00e9sent\u00e9 par Nikos Aliagas<br \/><strong>France 2 :<\/strong> \u00ab\u00a0The Floor, \u00e0 la conqu\u00eate du sol\u00a0\u00bb, divertissement pr\u00e9sent\u00e9 par Cyril F\u00e9raud (in\u00e9dit)<br \/><strong>France 3 :<\/strong> \u00ab\u00a0Meurtres \u00e0 Saint-Martin\u00a0\u00bb, t\u00e9l\u00e9film r\u00e9alis\u00e9 par Fran\u00e7ois Gu\u00e9rin, avec Fabrice Deville et Aude Legastelois Bid\u00e9 (in\u00e9dit)<br \/><strong>France 4 :<\/strong> \u00ab\u00a0Deux fils\u00a0\u00bb, film r\u00e9alis\u00e9 par F\u00e9lix Moati, avec Vincent Lacoste et Beno\u00eet Poelvoorde<br \/><strong>France 5 :<\/strong> \u00ab\u00a0\u00c9chapp\u00e9es belles\u00a0\u00bb, magazine pr\u00e9sent\u00e9 par Isma\u00ebl Khelifa sur le th\u00e8me \u00ab\u00a0Le Salvador se r\u00e9v\u00e8le\u00a0\u00bb<br \/><strong>M6 :<\/strong> \u00ab\u00a0Mary Poppins\u00a0\u00bb, film r\u00e9alis\u00e9 par Robert Stevenson, avec Julie Andrews<br \/><strong>Arte :<\/strong> \u00ab\u00a0Renaissance \u2013 Une \u00e9poque de sang et de beaut\u00e9\u00a0\u00bb, s\u00e9rie documentaire r\u00e9alis\u00e9e par Emma Frank (in\u00e9dit)<br \/><strong>W9 :<\/strong> \u00ab\u00a0La petite histoire de France\u00a0\u00bb, s\u00e9rie avec Alban Ivanov, Alexandra Roth et Maxime Gasteuil<br \/><strong>TMC :<\/strong> \u00ab\u00a0Monk : le retour\u00a0\u00bb, film r\u00e9alis\u00e9 par Randy Zisk, avec Tony Shalhoub<br \/><strong>TFX :<\/strong> \u00ab\u00a0Chroniques criminelles\u00a0\u00bb, magazine sur le th\u00e8me \u00ab\u00a019 ans apr\u00e8s, la v\u00e9rit\u00e9 au bout de l&rsquo;enqu\u00eate ? \/ La mort au camping\u00a0\u00bb<br \/><strong>Gulli\u00a0:<\/strong> \u00ab\u00a0Le meilleur du plus grand cabaret du monde\u00a0\u00bb, divertissement pr\u00e9sent\u00e9 par \u00c9lodie Gossuin (in\u00e9dit)<br \/><strong>CStar :<\/strong> \u00ab\u00a0Au c\u0153ur de l&rsquo;enqu\u00eate\u00a0\u00bb, magazine pr\u00e9sent\u00e9 par Shana Loustau (in\u00e9dit)<br \/><strong>T18 :<\/strong> \u00ab\u00a0Calvi comedy festival\u00a0\u00bb, spectacle orchestr\u00e9 par Redouane Bougheraba<br \/><strong>NOVO19 :<\/strong> \u00ab\u00a0Les th\u00e9ories du Saint Graal\u00a0\u00bb, documentaire r\u00e9alis\u00e9 par St\u00e9phane Cascino<br \/><strong>TF1 S\u00e9ries Films :<\/strong> \u00ab\u00a0Jos\u00e9phine, ange gardien\u00a0\u00bb, t\u00e9l\u00e9film avec Mimie Mathy<br \/><strong>6ter :<\/strong> \u00ab\u00a0MacGyver\u00a0\u00bb, saison 4 de la s\u00e9rie avec Lucas Till<\/p>\n<p><strong>Et aussi :<\/strong><br \/><strong>Canal+<\/strong> : \u00e0 21h00, \u00ab\u00a0Union Bordeaux-B\u00e8gles \/ Racing 92\u00a0\u00bb, rugby, 14e journ\u00e9e du Top 14 (en direct)<\/p>\n<p>Dimanche 4 janvier 2026<\/p>\n<p><strong>Prime<\/strong><br \/><strong>TF1 :<\/strong> \u00ab\u00a0The Tomorrow war\u00a0\u00bb, film r\u00e9alis\u00e9 par Chris McKay, avec Chris Pratt et Yvonne Strahovski<br \/><strong>France 2 :<\/strong> \u00ab\u00a0Les tontons flingueurs\u00a0\u00bb, film r\u00e9alis\u00e9 par Georges Lautner, avec Lino Ventura, Bernard Blier et Francis Blanche<br \/><strong>France 3 :<\/strong> \u00ab\u00a0Dolomites : Pi\u00e9g\u00e9s aux sommets\u00a0\u00bb, s\u00e9rie avec Alessandro Preziosi et Rike Schmid (in\u00e9dit)<br \/><strong>France 4 :<\/strong> \u00ab\u00a0Chers parents\u00a0\u00bb, pi\u00e8ce de th\u00e9\u00e2tre avec Fr\u00e9d\u00e9rique Tirmont, Bernard Alane, \u00c9lise Diamant, Rudy Milstein et Emmanuel Patron<br \/><strong>France 5 :<\/strong> \u00ab\u00a0Les 100 lieux qu&rsquo;il faut voir : Au fil du canal de la Marne au Rhin\u00a0\u00bb, s\u00e9rie documentaire (in\u00e9dit)<br \/><strong>M6 :<\/strong> \u00ab\u00a0Capital\u00a0\u00bb, magazine pr\u00e9sent\u00e9 par Julien Courbet sur le th\u00e8me \u00ab\u00a0Gagner plus : enqu\u00eate sur les jobs qui rapportent vraiment !\u00a0\u00bb (in\u00e9dit)<br \/><strong>Arte :<\/strong> \u00ab\u00a0Kingdom of Heaven\u00a0\u00bb, film r\u00e9alis\u00e9 par Ridley Scott, avec Orlando Bloom et Eva green<br \/><strong>W9 :<\/strong> \u00ab\u00a0The Holiday\u00a0\u00bb, film r\u00e9alis\u00e9 par Nancy Meyers, avec Cameron Diaz, Kate Winslet, Jude Law et Jack Black<br \/><strong>TMC :<\/strong> \u00ab\u00a0Les trois fr\u00e8res\u00a0\u00bb, film r\u00e9alis\u00e9 par Didier Bourdon et Bernard Campan, avec Pascal Legitimus, Didier Bourdon et Bernard Campan<br \/><strong>TFX :<\/strong> \u00ab\u00a0Boule et Bill 2\u00a0\u00bb, film r\u00e9alis\u00e9 par Pascal Bourdiaux, avec Franck Dubosc et Mathilde Seigner<br \/><strong>Gulli :<\/strong> \u00ab\u00a0Code Quantum\u00a0\u00bb, s\u00e9rie avec Raymond Lee et Caitlin Basset\u00a0<br \/><strong>CStar :<\/strong> \u00ab\u00a0S.W.A.T\u00a0\u00bb, s\u00e9rie avec Shemar Moore<br \/><strong>T18 :<\/strong> \u00ab\u00a0Les pouvoirs du corps humain\u00a0\u00bb, magazine pr\u00e9sent\u00e9 par Michel Cymes et Adriana Karembeu<br \/><strong>NOVO19 :<\/strong> \u00ab\u00a0B\u00fbcheron, un m\u00e9tier \u00e0 hauts risques\u00a0\u00bb, s\u00e9rie documentaire sur le th\u00e8me \u00ab\u00a0Chantiers p\u00e9rilleux\u00a0\u00bb<br \/><strong>TF1 S\u00e9ries Films :<\/strong> \u00ab\u00a0La brigade\u00a0\u00bb, film r\u00e9alis\u00e9 par Louis-Julien Petit, avec Audrey Lamy et Fran\u00e7ois Cluzet<br \/><strong>6ter :<\/strong> \u00ab\u00a0La vengeance du serpent \u00e0 plumes\u00a0\u00bb, film r\u00e9alis\u00e9 par G\u00e9rard Oury, avec Coluche et Marushka Detmers<\/p>\n<p><strong>Et aussi :<\/strong><br \/><strong>T18 :<\/strong> \u00e0 18h15, \u00ab\u00a0Chiens et chats sans colliers\u00a0\u00bb, s\u00e9rie documentaire (in\u00e9dit)<br \/><strong>Gulli :<\/strong>\u00a0\u00e0 20h45, \u00ab\u00a0Animaux info\u00a0\u00bb, divertissement (in\u00e9dit)<br \/><strong>Canal+ :<\/strong> \u00e0 21h05, \u00ab\u00a0Stade Rochelais \/ RC Toulon\u00a0\u00bb, rugby, 14e journ\u00e9e du Top 14 (en direct)<br \/><strong>M6 :<\/strong> \u00e0 23h10, \u00ab\u00a0Enqu\u00eate exclusive\u00a0\u00bb, magazine pr\u00e9sent\u00e9 par Bernard de la Villardi\u00e8re sur le th\u00e8me \u00ab\u00a0F\u00eates, c\u0153urs \u00e0 prendre et ours g\u00e9ants : bienvenue en Alaska\u00a0\u00bb (in\u00e9dit)<\/p>\n<p>Lundi 5 janvier 2026<\/p>\n<p><strong>Prime<\/strong><br \/><strong>TF1 :<\/strong> \u00ab\u00a0Le gendre de ma vie\u00a0\u00bb, film r\u00e9alis\u00e9 par Fran\u00e7ois Desagnat, avec Kad Merad et Julie Gayet<br \/><strong>France 2 :<\/strong> \u00ab\u00a0Mitterrand confidentiel\u00a0\u00bb, s\u00e9rie avec Denis Podalyd\u00e8s, Val\u00e9rie Karsenti et Judith Chemla (in\u00e9dit)<br \/><strong>France 3 :<\/strong> \u00ab\u00a0Famille je vous aime\u00a0\u00bb, divertissement pr\u00e9sent\u00e9 par Michel Drucker (in\u00e9dit)<br \/><strong>France 4 :<\/strong> \u00ab\u00a0Charlie Chaplin, le g\u00e9nie de la libert\u00e9\u00a0\u00bb, documentaire r\u00e9alis\u00e9 par \u00ab\u00a0Yves Jeuland\u00a0\u00bb<br \/><strong>France 5 :<\/strong> \u00ab\u00a0Les tr\u00e9sors des favorites des rois de France\u00a0\u00bb, documentaire r\u00e9alis\u00e9 par Nathalie Conscience<br \/><strong>M6 :<\/strong> \u00ab\u00a0Cauchemar en cuisine\u00a0\u00bb, magazine pr\u00e9sent\u00e9 par Philippe Etchebest (in\u00e9dit)\u00a0<br \/><strong>Arte :<\/strong> \u00ab\u00a0Les choses de la vie\u00a0\u00bb, film r\u00e9alis\u00e9 par Claude Sautet, avec Romy Schneider et Michel Piccoli<br \/><strong>W9 :<\/strong> \u00ab\u00a0Insaisissables\u00a0\u00bb, film r\u00e9alis\u00e9 par Louis Leterrier, avec Jesse Eisenberg, Mark Ruffalo, M\u00e9lanie Laurent et Morgan Freeman<br \/><strong>TMC :<\/strong> \u00ab\u00a0Expendables : unite sp\u00e9ciale\u00a0\u00bb, film r\u00e9alis\u00e9 par Sylvester Stallone, avec Jason Statham, Jet Li, Charisma Carpenter et Sylvester Stallone<br \/><strong>TFX :<\/strong> \u00ab\u00a0Appels d&rsquo;urgence\u00a0\u00bb, magazine pr\u00e9sent\u00e9 par H\u00e9l\u00e8ne Mannarino sur le th\u00e8me \u00ab\u00a0Gendarmes, pompiers, secouristes: urgences au f\u00e9minin\u00a0\u00bb<br \/><strong>Gulli :<\/strong> \u00ab\u00a0Muriel\u00a0\u00bb, film r\u00e9alis\u00e9 par P.J Hogan, avec Toni Collette et Bill Hunter<br \/><strong>CStar :<\/strong> \u00ab\u00a0Olivier de Benoist &#8211; Le petit dernier\u00a0\u00bb, spectacle<br \/><strong>T18 :<\/strong> \u00ab\u00a0Meurtre parfait\u00a0\u00bb, film r\u00e9alis\u00e9 par Andrew Davis, avec Gwyneth Paltrow, Michael Douglas et Vigo Mortensen<br \/><strong>NOVO19 :<\/strong> \u00ab\u00a0Enqu\u00eate Chrono\u00a0\u00bb, s\u00e9rie documentaire sur le th\u00e8me \u00ab\u00a0L&rsquo;affaire Touche : Un meurtrier sous mon toit\u00a0\u00bb<br \/><strong>TF1 S\u00e9ries Films :<\/strong> \u00ab\u00a0Justice League\u00a0\u00bb, film r\u00e9alis\u00e9 par Zack Snyder, avec Henry Cavill, Ben Affleck, Gal Gadot et Jason Momoa\u00a0<br \/><strong>6ter :<\/strong> \u00ab\u00a0Kaamelott\u00a0\u00bb, s\u00e9rie avec Alexandre et Lionnel Astier<\/p>\n<p><strong>Et aussi :<\/strong><br \/><strong>Gulli :<\/strong> \u00e0 18h00, \u00ab\u00a0Un d\u00eener presque parfait\u00a0\u00bb, divertissement (in\u00e9dit)<\/p>\n<p>Mardi 6 janvier 2026<\/p>\n<p><strong>Prime<\/strong><br \/><strong>TF1 :<\/strong> \u00ab\u00a0Le grand concours\u00a0\u00bb, divertissement pr\u00e9sent\u00e9 par Arthur (in\u00e9dit)<br \/><strong>France 2 :<\/strong> <a href=\"https:\/\/www.ozap.com\/actu\/lanneau-les-soupcons-de-conflits-dinterets-entre-france-televisions-et-christian-estrosi-vont-ils-enterrer-le-nouveau-koh-lanta-de-france-2-presente-par-laurent-luyat\/652343\" target=\"_blank\" rel=\"noopener\">\u00ab\u00a0L&rsquo;Anneau\u00a0\u00bb<\/a>, divertissement pr\u00e9sent\u00e9 par Laurent Luyat (in\u00e9dit)<br \/><strong>France 3 :<\/strong> \u00ab\u00a0Face \u00e0 face\u00a0\u00bb, s\u00e9rie avec Claire Borotra, Constance Gay et Marianne James (in\u00e9dit)<br \/><strong>France 4 :<\/strong> \u00ab\u00a0Concert du nouvel an\u00a0\u00bb, concert comment\u00e9 par Fran\u00e7ois-Xavier Szymczak<br \/><strong>France 5 :<\/strong> \u00ab\u00a0Produits fermiers : \u00e0 boire et \u00e0 manger ?\u00a0\u00bb, documentaire r\u00e9alis\u00e9 par M\u00e9riem Lay<br \/><strong>M6 :<\/strong> \u00ab\u00a0<a href=\"https:\/\/www.ozap.com\/actu\/le-maillon-faible-pandore-quel-est-l-age-de-votre-cerveau-decouvrez-les-trois-premieres-emissions-que-presentera-olivier-minne-sur-m6\/650506\" target=\"_blank\" rel=\"noopener\">Pandore<\/a>\u00ab\u00a0, divertissement pr\u00e9sent\u00e9 par Olivier Minne (in\u00e9dit)<br \/><strong>Arte :<\/strong> \u00ab\u00a0Narcotrafic, le poison de l&rsquo;Europe\u00a0\u00bb, documentaire r\u00e9alis\u00e9 par Christophe Bouquet et Mathieu Verboud (in\u00e9dit)<br \/><strong>W9 :<\/strong> \u00ab\u00a0Miss Peregrine et les enfants particuliers\u00a0\u00bb, film r\u00e9alis\u00e9 par Tim Burton, avec Eva Green et Samuel L. Jackson<br \/><strong>TMC :<\/strong> \u00ab\u00a090&prime; Enqu\u00eates\u00a0\u00bb, magazine pr\u00e9sent\u00e9 par Tatiana Silva sur le th\u00e8me \u00ab\u00a0D\u00e9rapages interdits pour les d\u00e9linquants de Clermont-Ferrand\u00a0\u00bb<br \/><strong>TFX :<\/strong> \u00ab\u00a0Super Nanny\u00a0\u00bb, divertissement<br \/><strong>Gulli :<\/strong> \u00ab\u00a0Garfield\u00a0\u00bb, film r\u00e9alis\u00e9 par Peter Hewitt, avec Breckin Meyeret Jennifer Love Hewitt<br \/><strong>CStar :<\/strong> \u00ab\u00a0Femmes d&rsquo;action\u00a0\u00bb, s\u00e9rie documentaire (in\u00e9dit)<br \/><strong>T18 :<\/strong> \u00ab\u00a0Non \u00e9lucid\u00e9\u00a0\u00bb, magazine sur le th\u00e8me \u00ab\u00a0l&rsquo;affaire Commeau\u00a0\u00bb<br \/><strong>NOVO19 :<\/strong> \u00ab\u00a0Le Prix de la trahison\u00a0\u00bb, t\u00e9l\u00e9film r\u00e9alis\u00e9 par Fran\u00e7ois Gu\u00e9rin, avec Mimie Mathy, Mathieu Delarive et Juliette Ch\u00eane<br \/><strong>TF1 S\u00e9ries Films :<\/strong> \u00ab\u00a0Camping paradis\u00a0\u00bb, s\u00e9rie avec Laurent Ournac<br \/><strong>6ter :<\/strong> \u00ab\u00a0Divorce Club\u00a0\u00bb, film r\u00e9alis\u00e9 par Micha\u00ebl Youn, avec Arnaud Ducret, Fran\u00e7ois-Xavier Demaison, Audrey Fleurot, Caroline Anglade et Micha\u00ebl Youn<br \/><strong>RMC Life :<\/strong> \u00ab\u00a0\u00c7a se discute\u00a0\u00bb, magazine pr\u00e9sent\u00e9 par Estelle Denis sur le th\u00e8me \u00ab\u00a0Parents ados : trop jeunes pour avoir un b\u00e9b\u00e9 ?\u00a0\u00bb (in\u00e9dit)<\/p>\n<p><strong>Et aussi :<\/strong><br \/><strong>Canal+ :<\/strong>\u00a0\u00e0 21h10, \u00ab\u00a0Life of Chuck\u00a0\u00bb, film r\u00e9alis\u00e9 par Mike Flanagan, avec Tom Hiddleston et Mark Hamill (in\u00e9dit)<\/p>\n<p>Mercredi 7 janvier 2026<\/p>\n<p><strong>Prime<\/strong><br \/><strong>TF1 :<\/strong> \u00ab\u00a0Elsbeth\u00a0\u00bb, s\u00e9rie avec Carrie Preston (in\u00e9dit)<br \/><strong>France 2 :<\/strong> \u00ab\u00a0Il \u00e9tait deux fois\u00a0\u00bb, s\u00e9rie avec Odile Vuillemin, Hubert Delattre et Nicole Calfan (in\u00e9dit)<br \/><strong>France 3 :<\/strong> \u00ab\u00a0Des Racines &amp; Des Ailes\u00a0\u00bb, magazine pr\u00e9sent\u00e9 par Carole Gaessler sur le th\u00e8me \u00ab\u00a0Passion Patrimoine : Mon village dans les Alpes\u00a0\u00bb (in\u00e9dit)<br \/><strong>France 4 :<\/strong> \u00ab\u00a0Alain Souchon en concert &lsquo;ici et l\u00e0&rsquo; au d\u00f4me de Paris\u00a0\u00bb, concert<br \/><strong>France 5 :<\/strong> \u00ab\u00a0La grande librairie\u00a0\u00bb, magazine pr\u00e9sent\u00e9 par Augustin Trapenard (in\u00e9dit)<br \/><strong>M6 :<\/strong> \u00ab\u00a0Etre une femme dans les ann\u00e9es 60 : La grande exp\u00e9rience\u00a0\u00bb, divertissement (in\u00e9dit)<br \/><strong>Arte :<\/strong> \u00ab\u00a0Garde \u00e0 vue\u00a0\u00bb, film r\u00e9alis\u00e9 par Claude Miller, avec Lino Ventura, Michel Serrault, Romy Schneider et Guy Marchand<br \/><strong>W9 :<\/strong> \u00ab\u00a0Enqu\u00eates criminelles\u00a0\u00bb, magazine pr\u00e9sent\u00e9 par Nathalie Renoux et Michel Mary sur le th\u00e8me \u00ab\u00a0Qui a tu\u00e9 la belle-s\u0153ur de l\u2019influenceuse Magali Berdah ?\u00a0\u00bb<br \/><strong>TMC :<\/strong> \u00ab\u00a0Les docs de Ma\u00efa Mazaurette : L&rsquo;amour \u00e0 plusieurs\u00a0\u00bb, magazine pr\u00e9sent\u00e9 par Ma\u00efa Mazaurette (in\u00e9dit)<br \/><strong>TFX :<\/strong> \u00ab\u00a0Incroyables mariages gitans\u00a0\u00bb, magazine (in\u00e9dit)<br \/><strong>Gulli :<\/strong> \u00ab\u00a0Malcom\u00a0\u00bb, s\u00e9rie avec Frankie Muniz et Bryan Cranston<br \/><strong>CStar :<\/strong> \u00ab\u00a0Citoyen d&rsquo;honneur\u00a0\u00bb, film r\u00e9alis\u00e9 par Mohamed Hamidi, avec Kad Merad et Fatsah Bouyahmed<br \/><strong>T18 :<\/strong> \u00ab\u00a0Le crime lui va si bien\u00a0\u00bb, t\u00e9l\u00e9film avec Claudia Tagbo et Medi Sadoun<br \/><strong>NOVO19 :<\/strong> \u00ab\u00a0Le Pr\u00e9nom\u00a0\u00bb, film r\u00e9alis\u00e9 par Alexandre de La Patelli\u00e8re et Matthieu Delaporte, avec Patrick Bruel, \u00a0Val\u00e9rie Benguigui et Charles Berling<br \/><strong>TF1 S\u00e9ries Films :<\/strong> \u00ab\u00a0CREED : L&rsquo;h\u00e9ritage de Rocky Balboa\u00a0\u00bb, film r\u00e9alis\u00e9 par Ryan Coogler, avec Michael B. Jordan et Sylvester Stallone<br \/><strong>6ter :<\/strong> \u00ab\u00a0Rock\u00a0\u00bb, film r\u00e9alis\u00e9 par Michael Bay, avec Sean Connery, Nicolas Cage et Ed Harris\u00a0<\/p>\n<p><strong>Et aussi :<\/strong><br \/><strong>Gulli :<\/strong> \u00e0 13h30, \u00ab\u00a0Ma super Ligue 1\u00a0\u00bb, magazine pr\u00e9sent\u00e9 par SoAnne (in\u00e9dit)<br \/><strong>Canal+ :<\/strong> \u00e0 21h10, \u00ab\u00a0L&rsquo;arnaqueur de Paris &#8211; Mensonges et gastronomie\u00a0\u00bb, documentaire (in\u00e9dit)<\/p>\n<p>Jeudi 8 janvier 2026<\/p>\n<p><strong>Prime<\/strong><br \/><strong>TF1 :<\/strong> \u00ab\u00a0<a href=\"https:\/\/www.ozap.com\/actu\/master-crimes-la-serie-avec-muriel-robin-et-anne-le-nen-aura-t-elle-droit-a-une-saison-3-sur-tf1\/647509\" target=\"_blank\" rel=\"noopener\">Master crimes<\/a>\u00ab\u00a0, saison 3 de la s\u00e9rie avec Muriel Robin et Anne Le Nen (in\u00e9dit)<br \/><strong>France 2 :<\/strong> \u00ab\u00a0Envoy\u00e9 sp\u00e9cial\u00a0\u00bb, magazine pr\u00e9sent\u00e9 par Elise Lucet<br \/><strong>France 3 :<\/strong> \u00ab\u00a0Meurtres \u00e0 Toulouse\u00a0\u00bb, t\u00e9l\u00e9film r\u00e9alis\u00e9 par Sylvie Ayme, avec Lionnel Astier et Camille Aguilar<br \/><strong>France 4 :<\/strong> \u00ab\u00a0Django Unchained\u00a0\u00bb, film r\u00e9alis\u00e9 par Quentin Tarentino, avec Jamie Foxx, Christoph Waltz, Leonardo Dicaprio et Samuel L. Jackson<br \/><strong>France 5 :<\/strong> \u00ab\u00a0Notre-Dame r\u00e9surrection\u00a0\u00bb, documentaire r\u00e9alis\u00e9 par Xavier Lefebvre<br \/><strong>M6 :<\/strong> \u00ab\u00a0Qui veut \u00eatre mon associ\u00e9 ?\u00a0\u00bb, divertissement (in\u00e9dit)<br \/><strong>Arte :<\/strong> \u00ab\u00a0Boglands, enqu\u00eate en terre noire\u00a0\u00bb, s\u00e9rie avec Donall O H\u00e9alai et Hannah Brady (in\u00e9dit)<br \/><strong>W9 :<\/strong> \u00ab\u00a0<a href=\"https:\/\/www.ozap.com\/actu\/fin-de-c8-y-a-que-la-verite-qui-compte-produite-par-cyril-hanouna-basculera-sur-w9-a-la-rentree\/649113\" target=\"_blank\" rel=\"noopener\">Y&rsquo;a que la v\u00e9rit\u00e9 qui compte<\/a>\u00ab\u00a0, divertissement pr\u00e9sent\u00e9 par Pascal Bataille et Laurent Fontaine (in\u00e9dit)<br \/><strong>TMC :<\/strong> \u00ab\u00a0L&rsquo;Agence : l&rsquo;immobilier de luxe en famille\u00a0\u00bb, magazine (in\u00e9dit)<br \/><strong>TFX :<\/strong> \u00ab\u00a0En eaux troubles\u00a0\u00bb, film r\u00e9alis\u00e9 par Jon Turteltaub, avec Jason Statham<br \/><strong>Gulli :<\/strong> \u00ab\u00a0Fais un v\u0153u pour No\u00ebl\u00a0\u00bb, t\u00e9l\u00e9film r\u00e9alis\u00e9 par Jonathan Wright, avec Jen Lilley et Carlo Marks<br \/><strong>CStar :<\/strong> \u00ab\u00a0Au c\u0153ur de l&rsquo;enqu\u00eate\u00a0\u00bb, magazine pr\u00e9sent\u00e9 par Shana Loustau (in\u00e9dit)<br \/><strong>T18 :<\/strong> \u00ab\u00a0Yes Man\u00a0\u00bb, film r\u00e9alis\u00e9 par Peyton Reed, avec Jim Carrey et Zooey Deschanel<br \/><strong>NOVO19 :<\/strong> \u00ab\u00a0De l&rsquo;autre c\u00f4t\u00e9 du lit\u00a0\u00bb, film r\u00e9alis\u00e9 par Pascale Pouzadoux , avec Sophie Marceau, Dany Boon et Roland Giraud<br \/><strong>TF1 S\u00e9ries Films :<\/strong> \u00ab\u00a0New York Police Judiciaire\u00a0\u00bb, s\u00e9rie avec Jeffrey Donovan, Mehcad Brooks, Camryn Manheim et Sam Waterston<br \/><strong>6ter\u00a0:<\/strong> \u00ab\u00a0Le masque de l&rsquo;araign\u00e9e\u00a0\u00bb, film r\u00e9alis\u00e9 par Lee Tamahori, avec Morgan Freeman et Monica Potter<br \/><strong>RMC D\u00e9couverte :<\/strong> \u00ab\u00a0Apocalypse en Asie : Le Tsunami 2004 minute par minute\u00a0\u00bb, documentaire r\u00e9alis\u00e9 par Caroline Colonna (in\u00e9dit)<br \/><strong>RMC Life :<\/strong> \u00ab\u00a0Adam &amp; \u00c8ve : retour \u00e0 l&rsquo;instinct primaire\u00a0\u00bb, t\u00e9l\u00e9-r\u00e9alit\u00e9 (in\u00e9dit)<\/p>\n<p><strong>Et aussi :<\/strong><br \/><strong>Canal+ :<\/strong> \u00e0 21h10, \u00ab\u00a0Playing Nice\u00a0\u00bb, s\u00e9rie avec James Norton et Niamh Algar (2 \u00e9pisodes in\u00e9dits)<\/p>\n<p>Vendredi 9 janvier 2026<\/p>\n<p><strong>Prime<\/strong><br \/><strong>TF1 :<\/strong> \u00ab\u00a0Qui sera le plus nul ?\u00a0\u00bb, divertissement pr\u00e9sent\u00e9 par Camille Combal<br \/><strong>France 2 :<\/strong> \u00ab\u00a0C\u00e9sar Wagner\u00a0\u00bb, s\u00e9rie avec Gil Alma (in\u00e9dit)<br \/><strong>France 3 :<\/strong> \u00ab\u00a0La bo\u00eete \u00e0 secret\u00a0\u00bb, divertissement pr\u00e9sent\u00e9 par Faustine Bollaert (in\u00e9dit)<br \/><strong>France 4 :<\/strong> \u00ab\u00a0David Bowie : Naissance d&rsquo;une l\u00e9gende\u00a0\u00bb, documentaire r\u00e9alis\u00e9 par Francis Whately<br \/><strong>France 5 :<\/strong> \u00ab\u00a0Le sauvage\u00a0\u00bb, film r\u00e9alis\u00e9 par Jean-Paul Rappeneau, avec Yves Montand et Catherine Deneuve<br \/><strong>M6 :<\/strong> \u00ab\u00a03 jours max\u00a0\u00bb, film r\u00e9alis\u00e9 par Tarek Boudali, avec Philippe Lacheau, Julien Arruti, Vanessa Guide et Tarek Boudali (in\u00e9dit)<br \/><strong>Arte :<\/strong> \u00ab\u00a0D&rsquo;une vie \u00e0 l&rsquo;autre\u00a0\u00bb, film r\u00e9alis\u00e9 par Georg Maas, avec Juliane K\u00f6hler et Liv Ullmann<br \/><strong>W9 :<\/strong> \u00ab\u00a0Enqu\u00eate d&rsquo;action\u00a0\u00bb, magazine en deux parties pr\u00e9sent\u00e9 par Marie-Ange Casalta sur le th\u00e8me \u00ab\u00a0P\u00e9ril sur l&rsquo;A1 ! Un an avec les gendarmes de l&rsquo;autoroute\u00a0\u00bb (in\u00e9dit)<br \/><strong>TMC :<\/strong> \u00ab\u00a090&prime; Enqu\u00eates\u00a0\u00bb, magazine pr\u00e9sent\u00e9 par Tatiana Silva sur le th\u00e8me \u00ab\u00a0Police de la Rochelle : op\u00e9ration z\u00e9ro d\u00e9linquance\u00a0\u00bb<br \/><strong>TFX :<\/strong> \u00ab\u00a0Cleaners les experts du m\u00e9nage\u00a0\u00bb, magazine\u00a0<br \/><strong>Gulli :<\/strong> \u00ab\u00a0Beethoven\u00a0\u00bb, film r\u00e9alis\u00e9 par Brian Levant, avec Charles Grodin et Bonnie Hunt<br \/><strong>CStar :<\/strong> \u00ab\u00a0Ghost Hunters\u00a0\u00bb, s\u00e9rie documentaire<br \/><strong>T18 :<\/strong> \u00ab\u00a0M comme maison\u00a0\u00bb, magazine pr\u00e9sent\u00e9 par St\u00e9phane Thebaut (in\u00e9dit)<br \/><strong>NOVO19 :<\/strong> \u00ab\u00a039-45 : L\u2019Histoire des bases sous-marines\u00a0\u00bb, documentaire r\u00e9alis\u00e9 par K\u00e9vin Accart<br \/><strong>TF1 S\u00e9ries Films :<\/strong> \u00ab\u00a0New York, unit\u00e9 sp\u00e9ciale\u00a0\u00bb, s\u00e9rie avec Mariska Hargitay, Richard Belzer et Dann Florek<br \/><strong>6ter :<\/strong> \u00ab\u00a0Hawaii 5-0\u00a0\u00bb, saison 3 de la s\u00e9rie avec Alex O&rsquo;Loughlin (6 \u00e9pisodes)<br \/><strong>RMC Story :<\/strong> \u00ab\u00a0Le Bigdil sp\u00e9cial \u00e7a d\u00e9coiffe !\u00a0\u00bb, divertissement pr\u00e9sent\u00e9 par Vincent Lagaf&rsquo; (in\u00e9dit)<\/p>\n","protected":false},"excerpt":{"rendered":"Quoi de neuf dans le PAF ? Chaque semaine, Purem\u00e9dias vous propose un aper\u00e7u des grilles des programmes&hellip;\n","protected":false},"author":2,"featured_media":608030,"comment_status":"","ping_status":"","sticky":false,"template":"","format":"standard","meta":{"footnotes":""},"categories":[1356],"tags":[58,59,1011,27,252,1364],"class_list":{"0":"post-608029","1":"post","2":"type-post","3":"status-publish","4":"format-standard","5":"has-post-thumbnail","7":"category-television","8":"tag-divertissement","9":"tag-entertainment","10":"tag-fr","11":"tag-france","12":"tag-television","13":"tag-tv"},"share_on_mastodon":{"url":"https:\/\/pubeurope.com\/@fr\/115742139144093199","error":""},"_links":{"self":[{"href":"https:\/\/www.europesays.com\/fr\/wp-json\/wp\/v2\/posts\/608029","targetHints":{"allow":["GET"]}}],"collection":[{"href":"https:\/\/www.europesays.com\/fr\/wp-json\/wp\/v2\/posts"}],"about":[{"href":"https:\/\/www.europesays.com\/fr\/wp-json\/wp\/v2\/types\/post"}],"author":[{"embeddable":true,"href":"https:\/\/www.europesays.com\/fr\/wp-json\/wp\/v2\/users\/2"}],"replies":[{"embeddable":true,"href":"https:\/\/www.europesays.com\/fr\/wp-json\/wp\/v2\/comments?post=608029"}],"version-history":[{"count":0,"href":"https:\/\/www.europesays.com\/fr\/wp-json\/wp\/v2\/posts\/608029\/revisions"}],"wp:featuredmedia":[{"embeddable":true,"href":"https:\/\/www.europesays.com\/fr\/wp-json\/wp\/v2\/media\/608030"}],"wp:attachment":[{"href":"https:\/\/www.europesays.com\/fr\/wp-json\/wp\/v2\/media?parent=608029"}],"wp:term":[{"taxonomy":"category","embeddable":true,"href":"https:\/\/www.europesays.com\/fr\/wp-json\/wp\/v2\/categories?post=608029"},{"taxonomy":"post_tag","embeddable":true,"href":"https:\/\/www.europesays.com\/fr\/wp-json\/wp\/v2\/tags?post=608029"}],"curies":[{"name":"wp","href":"https:\/\/api.w.org\/{rel}","templated":true}]}}