{"id":608047,"date":"2025-12-18T19:18:09","date_gmt":"2025-12-18T19:18:09","guid":{"rendered":"https:\/\/www.europesays.com\/fr\/608047\/"},"modified":"2025-12-18T19:18:09","modified_gmt":"2025-12-18T19:18:09","slug":"dans-la-loire-le-nombre-dhabitants-continue-a-legerement-progresser-a-saint-etienne-aussi","status":"publish","type":"post","link":"https:\/\/www.europesays.com\/fr\/608047\/","title":{"rendered":"Dans la Loire, le nombre d&rsquo;habitants continue \u00e0 l\u00e9g\u00e8rement progresser, \u00e0 Saint-Etienne aussi"},"content":{"rendered":"<p class=\"is-style-chapo\">La \u00ab\u00a0photographie\u00a0\u00bb 2025 que vient de communiquer l\u2019Insee (donnant la population l\u00e9gale au 1er janvier 2026) fait appara\u00eetre une progression de plus de 2 000 habitants dans la Loire par rapport \u00e0 celle de <a href=\"https:\/\/www.if-saint-etienne.fr\/societe\/la-population-de-la-loire-progresse-saint-etienne-reste-quasiment-stable\" target=\"_blank\" rel=\"noopener\">2024<\/a>. La population officielle du d\u00e9partement va ainsi passer ainsi de 772 041 \u00e0 774 133 (+ 0,27 % apr\u00e8s + 0,39 % entre 2023 et 2024). Au niveau des villes les plus peupl\u00e9es du d\u00e9partement, Saint-Etienne repart de l\u2019avant d\u00e9mographiquement (+ 0,3 %) par rapport \u00e0 la derni\u00e8re mise \u00e0 jour. Tr\u00e8s l\u00e9g\u00e8res hausses \u00e0 Saint-Chamond et Roanne.<\/p>\n<p><img fetchpriority=\"high\" decoding=\"async\" width=\"1024\" height=\"576\" src=\"https:\/\/www.europesays.com\/fr\/wp-content\/uploads\/2025\/12\/population-1024x576.jpg\" alt=\"\" class=\"wp-image-6630\"  \/>\u00a9Bedney Images \u2013 photo d\u2019illustration<\/p>\n<p>Mine de rien, ce sont 45 600 Lig\u00e9riens suppl\u00e9mentaires que le D\u00e9partement a gagn\u00e9s depuis 1999, soit + 6,2 % de croissance d\u00e9mographique. Ce qui en fait \u00e0 ce jour le 30e le plus peupl\u00e9 de France (le 4e des 12 d\u2019Auvergne-Rh\u00f4ne-Alpes). Notre pays a cependant augment\u00e9 sa population de 14 % dans le m\u00eame laps de temps. La mise \u00e0 jour 2025 de <a href=\"https:\/\/www.insee.fr\/fr\/accueil\" target=\"_blank\" rel=\"noreferrer noopener\">l\u2019Insee<\/a> \u2013 qu\u2019il faut lire en r\u00e9alit\u00e9 comme une \u00ab\u00a0photographie\u00a0\u00bb de 2023, estimation connue avec un d\u00e9calage mais du fait de sa m\u00e9thodologie<strong>*<\/strong> \u2013 fait donc appara\u00eetre un gain de plus de 2 000 habitants dans la Loire par rapport \u00e0 la derni\u00e8re mise au point, de fin <a href=\"https:\/\/www.if-saint-etienne.fr\/societe\/la-population-de-la-loire-progresse-saint-etienne-reste-quasiment-stable\" target=\"_blank\" rel=\"noreferrer noopener\">2024<\/a>. La population officielle du d\u00e9partement va ainsi passer au 1er janvier 2026 de 772 041 \u00e0 774 133 (+ 0,27 % apr\u00e8s + 0,39 % entre 2023 et 2024).<\/p>\n<p>\u00ab\u00a0La croissance d\u00e9mographique reste faiblement dynamique, du seul fait de l\u2019attractivit\u00e9 r\u00e9sidentielle\u00a0\u00bb, commente l\u2019Insee \u00e0 propos de la Loire. L\u2019Institut pr\u00e9cise cette \u00e9volution sur la p\u00e9riode 2017 \/ 2023 (\u00ab\u00a0population de r\u00e9f\u00e9rence\u00a0\u00bb). Sur ces ann\u00e9es l\u00e0, le gain annuel moyen pour la Loire est de 1 865 habitants (+ 0,2 %), avec un solde naturel moyen nul et un \u00ab\u00a0solde migratoire apparent\u00a0\u00bb de + 0,2 % contre au niveau r\u00e9gional + 0,5 %\/an d\u00fb \u00e0 + 0,2 % au solde naturel et +0,3 % du solde migratoire apparent. Sur la p\u00e9riode pr\u00e9c\u00e9dente (2012 \/ 2017), la croissance d\u00e9mographique de la Loire avait \u00e9t\u00e9 quasiment identique (1 836 habitants de plus par an) mais seulement en raison du solde naturel. Conclusions\u00a0: moins de b\u00e9b\u00e9s made in Loire mais plus d\u2019arriv\u00e9es que de d\u00e9parts de population.<\/p>\n<p><img loading=\"lazy\" decoding=\"async\" width=\"812\" height=\"832\" src=\"https:\/\/www.europesays.com\/fr\/wp-content\/uploads\/2025\/12\/capture-1.png\" alt=\"\" class=\"wp-image-81433\"  \/>Evolution moyenne annuelle de la population de la Loire par canton de 2017 \u00e0 2023. \u00a9Insee<\/p>\n<p>Qu\u2019en est-il du c\u00f4t\u00e9 des cinq villes les plus peupl\u00e9es\u00a0?<\/p>\n<p>Saint-Etienne gagne \u00e0 nouveau des habitants <\/p>\n<p>Saint-Etienne qui avait vu sa population \u2013 celle municipale et donc de r\u00e9f\u00e9rence officielle, sans la portion compt\u00e9e \u00e0 part donc \u2013 rest\u00e9e quasiment stable (une tr\u00e8s l\u00e9g\u00e8re baisse, de 0,086 %) lors de la derni\u00e8re mise \u00e0 jour avec officiellement 172 569 St\u00e9phanois au 1er janvier 2025 contre 172 718 au 1er janvier 2024 la verra officiellement passer \u00e0 173 136 au 1er janvier 2026. Soit un peu plus de 600 habitants suppl\u00e9mentaires (+ 0,3 %). Apr\u00e8s avoir connu son point le plus bas depuis le d\u00e9but des ann\u00e9es 1920 en 2011 avec 170 049 habitants, la pr\u00e9fecture de la Loire se stabilise, voire progresse, certes loin de son pic historique de plus de 223 000 habitants atteints en 1968. Le rythme de croissance moyen de 2017 \u00e0 2023 a \u00e9t\u00e9 de 0,1 %, comme entre 2012 et 2017.<\/p>\n<p>Saint-Chamond en tr\u00e8s l\u00e9g\u00e8re progression<\/p>\n<p>Il y aura au 1er janvier 2026 officiellement 35 646 Couramiauds contre 35 586 au 1er janvier 2025 (toujours la population strictement municipale), 60 de plus apr\u00e8s le gain plus significatif de 500 habitants enregistr\u00e9s il y a un an. L\u00e0 aussi, on est loin des 40 267 de son apog\u00e9e d\u00e9mographique remontant \u00e0 1982 mais le meilleur compte enregistr\u00e9 depuis les pertes d\u00e9mographiques des ann\u00e9es 1980 \/ 1990, jusque-l\u00e0 datait de 2006 (35 608).\u00a0Le rythme de croissance moyen de 2017 \u00e0 2023 a \u00e9t\u00e9 de 0,3 %, contre -0,3 % entre 2012 et 2017.<\/p>\n<p>Roanne de son c\u00f4t\u00e9 aussi<\/p>\n<p>3e population communale du d\u00e9partement, suivant de plus en plus pr\u00e8s la capitale du Gier, Roanne comptera officiellement 35 409 en 2026 contre 35 364 cette ann\u00e9e 2025. 45 habitants, ce n\u2019est pas \u00e9norme non plus mais c\u2019est une progression malgr\u00e9 tout apr\u00e8s la forte pouss\u00e9e de l\u2019an pass\u00e9 (34 762 Roannais au 1er janvier 2024, soit + 1,73 % entre 2024 et 2025). Pour rappel, la Ville a elle aussi a subi une saign\u00e9e d\u00e9mographique puisqu\u2019elle comptait plus de 55 000 habitants au milieu des ann\u00e9es 1990. H\u00e9morragie stopp\u00e9e depuis le milieu des ann\u00e9es 2000 et m\u00eame mieux : le rythme annuel \u00e9tait \u00e0 la d\u00e9croissance de 2012 \u00e0 2017 (-0,8 %). Il est de 2017 \u00e0 2023 \u00e0 la croissance : + 0,5 %.<\/p>\n<p><img loading=\"lazy\" decoding=\"async\" width=\"792\" height=\"771\" src=\"https:\/\/www.europesays.com\/fr\/wp-content\/uploads\/2025\/12\/Capture-2.png\" alt=\"\" class=\"wp-image-81434\" style=\"width:975px;height:auto\"  \/>Evolutions des 5 communes les plus peupl\u00e9es avec pr\u00e9cisions sur les plus en croissance \/ d\u00e9croissance parmi celles de plus de 2 000 habitants.<\/p>\n<p>Firminy en l\u00e9g\u00e8re baisse<\/p>\n<p>La capitale de l\u2019Ondaine se maintient au-dessus des 17 000, \u00e0 17 060 exactement. Et recule donc de 168 habitants apr\u00e8s une tr\u00e8s tr\u00e8s l\u00e9g\u00e8re baisse, d\u00e9j\u00e0 entre 2024 (17 137 \u00a0Appelous) et 2025. L\u00e0 aussi, la tendance sur le moyen terme reste donc \u00e0 la stabilit\u00e9 apr\u00e8s une l\u00e9g\u00e8re croissance : 16 994 habitants en 2016 contre 17 975 en 2006 mais 23 123 en 1990 et une \u00ab apog\u00e9e \u00bb en 1962 \u00e0 26 065. Le rythme annuel \u00e9tait \u00e0 la stricte stabilit\u00e9 de 2012 \u00e0 2017 (0 %). Il t\u00e9moigne de 2017 \u00e0 2023 d\u2019une tr\u00e8s l\u00e9g\u00e8re \u00a0d\u00e9croissance : \u2013 0,1 %.<\/p>\n<p>Montbrison en tr\u00e8s l\u00e9g\u00e8re hausse<\/p>\n<p>Montbrison avec officiellement dans deux semaines, 16 123 poursuit sa tr\u00e8s l\u00e9g\u00e8re progression (+ 25 Montbrisonnais) dans la foul\u00e9e de l\u2019an pass\u00e9 (16 098, soit + 34 habitants). Des cinq plus grandes villes, la capitale du Forez est la seule \u00e0 n\u2019a pas avoir subi de crash d\u00e9mographique plus ou moins li\u00e9 au laminage de l\u2019industrie. Une augmentation douce mais qui ne s\u2019est jamais d\u00e9mentie (avec cependant la tr\u00e8s notable\u00a0<a href=\"https:\/\/www.le-pays.fr\/montbrison-42600\/actualites\/montbrison-et-moingt-ont-fusionne_14352047\/\" target=\"_blank\" rel=\"noreferrer noopener\">int\u00e9gration de Moingt<\/a>\u00a0en chemin) depuis 1990 quand elle comptait un peu plus de 14 000 Montbrisonnais. Croissance plus brusque les 30 ann\u00e9es pr\u00e9c\u00e9dentes puisqu\u2019il n\u2019y avait que 10 697 habitants en 1962. Le rythme de croissance moyen de 2017 \u00e0 2023 a \u00e9t\u00e9 de 0,5 %, contre + 0,3 % entre 2012 et 2017.<\/p>\n<p><img loading=\"lazy\" decoding=\"async\" width=\"820\" height=\"573\" src=\"https:\/\/www.europesays.com\/fr\/wp-content\/uploads\/2025\/12\/Capture-3.png\" alt=\"\" class=\"wp-image-81435\" style=\"width:1000px;height:auto\"  \/>Les \u00e9volutions par intercommunalit\u00e9. <\/p>\n<p>D\u2019autres \u00e9volutions notables<\/p>\n<p>C\u00f4t\u00e9 sud Forez, <strong>Andr\u00e9zieux-Bouth\u00e9on<\/strong> qui avait vu sa population franchir la barre des 10 000 habitants, voit sa population l\u00e9gale progresser encore passant du chiffre r\u00e9f\u00e9rence de 10 312 \u00e0 10 425 au 1er janvier 2026, soit plus de 100 habitants suppl\u00e9mentaires. A neuf habitants pr\u00e8s perdus, <strong>Veauche<\/strong> se stabilise passant de 8 984 \u00e0 8 975. Comme depuis 2016, <strong>Saint-Just-Saint-Rambert<\/strong> continue \u00e0 grossir sa population, passant de 15\u00a0579 officiels \u00e0 la derni\u00e8re mise \u00e0 jour \u00e0 15 764 pour l\u2019ann\u00e9e qui vient. Plus au nord, <strong>Feurs <\/strong>qui avait (re) franchi la barre des 8 000 habitants en 2015, voit pour la premi\u00e8re fois depuis sa d\u00e9mographie se stabiliser selon le dernier chiffre fourni par l\u2019Insee 8\u00a0367 (- 3 habitants).<\/p>\n<p>C\u00f4t\u00e9 Ondaine et\u00a0\u00ab\u00a0associ\u00e9s\u00a0\u00bb, outre Firminy (lire plus haut), <strong>Le Chambon-Feugerolles<\/strong> est \u00e0 12 314, soit une tr\u00e8s l\u00e9g\u00e8re augmentation de 7 habitants. Population plut\u00f4t stable depuis 2006. <strong>La Ricamarie<\/strong> qui avait r\u00e9ussi \u00e0 re franchir les 8 000 habitants lors de la derni\u00e8re mise \u00e0 jour perd \u00e0 nouveau des habitants en passant de 8 162 \u00e0 8 039. <strong>Unieux <\/strong>est \u00e0 8 514 habitants contre 8 495 il y a un an. <strong>Roche-la-Moli\u00e8re<\/strong> reste quasi stable avec 9 843 Rouchons contre 9\u00a0853 annonc\u00e9s fin 2024. <strong>Saint-Genest-Lerpt<\/strong> est \u00e0 6 131, perdant 50 habitants (6\u00a0182).<\/p>\n<p>De loin deuxi\u00e8me commune de la Vall\u00e9e du Gier, <strong>Rive-de-Gier<\/strong> recule avec 15 242 habitants officiellement contre 15\u00a0457 il y a un an, revenant pratiquement aux chiffres communiqu\u00e9s fin 2023.<\/p>\n<p>C\u00f4t\u00e9 \u00ab\u00a0banlieues\u00a0\u00bb jouxtant dans une m\u00eame continuit\u00e9 urbaine Roanne, <strong>Riorges<\/strong> repart nettement de l\u2019avant avec 11 139 habitants (+ 135). La commune a pris pr\u00e8s de 1 000 habitants en 25 ans. <strong>Mably<\/strong> continue en revanche \u00e0 doucement s\u2019\u00e9roder, perdant une dizaine d\u2019habitants, \u00e0 7\u00a0233 (8 300 habitants en 1990). Constat assez analogue pour <strong>Le Coteau<\/strong> passant de 6\u00a0893 \u00e0 6 845 apr\u00e8s de l\u00e9g\u00e8res hausses par rapport au milieu des ann\u00e9es 2010.<\/p>\n<p>C\u00f4t\u00e9 couronne st\u00e9phanoise, Sorbiers qui avait franchi la barre des 8 000 \u00e2mes lors de la derni\u00e8re mise \u00e0 jour par l\u2019Insee, augmente encore, atteignant les <strong>8 116 habitants<\/strong>. Dans cette commune, la hausse est syst\u00e9matique depuis\u2026 1936\u00a0! Sa voisine avait franchi, elle, les 7 000 il y a un an\u00a0: petite hausse depuis pour <strong>La Talaudi\u00e8re<\/strong>, de 30 habitants avec un total \u00e0 jour de 7 133. <strong>Villars<\/strong> perd en revanche quelques dizaines d\u2019habitants en passant de 7\u00a0705 \u00e0 7 664 habitants. Enfin, 6 563 personnes habitent officiellement <strong>Saint-Jean-Bonnefonds<\/strong>, une trentaine de moins qu\u2019il y a un an.<\/p>\n<p>Pour l\u2019anecdote, situ\u00e9e dans les monts du Forez <strong>La Chambonie<\/strong> reste la commune la moins peupl\u00e9e de la Loire en passant sous les 40 \u00e2mes\u00a0: 39, suivie de pr\u00e8s par sa voisine La Chamba\u00a0: 42 habitants.<\/p>\n<p><strong>*M\u00e9thodologie\u00a0: \u00ab\u00a0Les donn\u00e9es de population au 1er janvier 2023 dans les limites territoriales des communes au 1\u1d49\u02b3 janvier 2025 sont officielles et authentifi\u00e9es par d\u00e9cret. Pour assurer une coh\u00e9rence temporelle, les populations 2012 et 2017 correspondent au m\u00eame p\u00e9rim\u00e8tre. Les statistiques de l\u2019\u00e9tat civil sur les naissances et les d\u00e9c\u00e8s sont issues d\u2019une exploitation des informations transmises par les mairies \u00e0 l\u2019Insee. Les taux de croissance sont arrondis au plus pr\u00e8s de leurs valeurs r\u00e9elles. La somme des taux dus aux soldes naturel et migratoire apparent peut \u00eatre de fait l\u00e9g\u00e8rement diff\u00e9rente du taux de croissance de la population.\u00a0\u00bb<\/strong><\/p>\n<p><strong>Ce que nous appelons \u00ab\u00a0mise \u00e0 jour\u00a0\u00bb correspond aux nouvelles populations l\u00e9gales (en ne retenant donc pas la portion compt\u00e9e \u00e0 part qui ajoute souvent de la population aux villes via les \u00e9tudiants, r\u00e9sidents de maison de retraites etc.) \u00e9voluant chaque ann\u00e9e au 1er janvier selon ces donn\u00e9es communiqu\u00e9es par l\u2019Insee fin d\u00e9cembre. Dans les villes de plus de 10 000 habitants, l\u2019Insee les met \u00e0 jour chaque ann\u00e9e non pas par un recensement exhaustif mais un <a href=\"https:\/\/www.insee.fr\/fr\/statistiques\/8290669\" target=\"_blank\" rel=\"noreferrer noopener\">\u00e9chantillonnage<\/a> tournant et jug\u00e9 sociologiquement repr\u00e9sentatif. \u00a0\u00a0\u00a0\u00a0<\/strong><\/p>\n","protected":false},"excerpt":{"rendered":"La \u00ab\u00a0photographie\u00a0\u00bb 2025 que vient de communiquer l\u2019Insee (donnant la population l\u00e9gale au 1er janvier 2026) fait appara\u00eetre&hellip;\n","protected":false},"author":2,"featured_media":608048,"comment_status":"","ping_status":"","sticky":false,"template":"","format":"standard","meta":{"footnotes":""},"categories":[9653],"tags":[1111,11,2430,6969,71918,1777,674,1011,27,2066,12,71919,71920,940,71921,71922,40046,71923,25,4001],"class_list":{"0":"post-608047","1":"post","2":"type-post","3":"status-publish","4":"format-standard","5":"has-post-thumbnail","7":"category-saint-etienne","8":"tag-actu","9":"tag-actualites","10":"tag-auvergne-rhone-alpes","11":"tag-demographie","12":"tag-demographie-de-la-loire","13":"tag-eu","14":"tag-europe","15":"tag-fr","16":"tag-france","17":"tag-insee","18":"tag-news","19":"tag-nombre-dhabitants","20":"tag-nombre-dhabitants-dans-la-loire","21":"tag-population","22":"tag-population-de-la-loire","23":"tag-population-de-saint-etienne","24":"tag-progressif","25":"tag-recensement","26":"tag-republique-francaise","27":"tag-saint-etienne"},"share_on_mastodon":{"url":"https:\/\/pubeurope.com\/@fr\/115742187516309923","error":""},"_links":{"self":[{"href":"https:\/\/www.europesays.com\/fr\/wp-json\/wp\/v2\/posts\/608047","targetHints":{"allow":["GET"]}}],"collection":[{"href":"https:\/\/www.europesays.com\/fr\/wp-json\/wp\/v2\/posts"}],"about":[{"href":"https:\/\/www.europesays.com\/fr\/wp-json\/wp\/v2\/types\/post"}],"author":[{"embeddable":true,"href":"https:\/\/www.europesays.com\/fr\/wp-json\/wp\/v2\/users\/2"}],"replies":[{"embeddable":true,"href":"https:\/\/www.europesays.com\/fr\/wp-json\/wp\/v2\/comments?post=608047"}],"version-history":[{"count":0,"href":"https:\/\/www.europesays.com\/fr\/wp-json\/wp\/v2\/posts\/608047\/revisions"}],"wp:featuredmedia":[{"embeddable":true,"href":"https:\/\/www.europesays.com\/fr\/wp-json\/wp\/v2\/media\/608048"}],"wp:attachment":[{"href":"https:\/\/www.europesays.com\/fr\/wp-json\/wp\/v2\/media?parent=608047"}],"wp:term":[{"taxonomy":"category","embeddable":true,"href":"https:\/\/www.europesays.com\/fr\/wp-json\/wp\/v2\/categories?post=608047"},{"taxonomy":"post_tag","embeddable":true,"href":"https:\/\/www.europesays.com\/fr\/wp-json\/wp\/v2\/tags?post=608047"}],"curies":[{"name":"wp","href":"https:\/\/api.w.org\/{rel}","templated":true}]}}