{"id":608049,"date":"2025-12-18T19:19:30","date_gmt":"2025-12-18T19:19:30","guid":{"rendered":"https:\/\/www.europesays.com\/fr\/608049\/"},"modified":"2025-12-18T19:19:30","modified_gmt":"2025-12-18T19:19:30","slug":"un-faux-agent-sportif-a-la-barre-du-tribunal","status":"publish","type":"post","link":"https:\/\/www.europesays.com\/fr\/608049\/","title":{"rendered":"un faux agent sportif \u00e0 la barre du tribunal"},"content":{"rendered":"<p>\u00ab\u00a0Et ce billet d\u2019avion Air Cara\u00efbes, c\u2019\u00e9tait pour qui\u00a0?\u00a0\u00bb, s\u2019agace le pr\u00e9sident. \u00ab\u00a0Pour moi, pour un de ses amis. Mais je l\u2019ai rembours\u00e9\u00a0\u00bb, r\u00e9pond le pr\u00e9venu. \u00ab\u00a0C\u2019est incompr\u00e9hensible, ce que vous\u00a0nous dites\u2026\u00a0\u00bb, soupire le juge.<\/p>\n<p>L\u2019audition de cet Ivoirien de 59 ans est effectivement compliqu\u00e9e. L\u2019homme est jug\u00e9 pour abus de confiance. Il est pr\u00e9sent\u00e9 comme agent de joueur pour un jeune footballeur qui a sign\u00e9 un contrat pro en 2016 avec l\u2019ASSE.<\/p>\n<p>L\u2019affaire s\u2019envenime lorsque le sportif&#8230;<\/p>\n","protected":false},"excerpt":{"rendered":"\u00ab\u00a0Et ce billet d\u2019avion Air Cara\u00efbes, c\u2019\u00e9tait pour qui\u00a0?\u00a0\u00bb, s\u2019agace le pr\u00e9sident. \u00ab\u00a0Pour moi, pour un de ses&hellip;\n","protected":false},"author":2,"featured_media":608050,"comment_status":"","ping_status":"","sticky":false,"template":"","format":"standard","meta":{"footnotes":""},"categories":[9653],"tags":[1111,11,2430,271,272,7539,1777,674,274,107,1011,27,3367,12,25,4001,7538],"class_list":{"0":"post-608049","1":"post","2":"type-post","3":"status-publish","4":"format-standard","5":"has-post-thumbnail","7":"category-saint-etienne","8":"tag-actu","9":"tag-actualites","10":"tag-auvergne-rhone-alpes","11":"tag-crime","12":"tag-delit-et-contravention","13":"tag-edition-loire-sud","14":"tag-eu","15":"tag-europe","16":"tag-faits-divers-justice","17":"tag-fil-info","18":"tag-fr","19":"tag-france","20":"tag-loire","21":"tag-news","22":"tag-republique-francaise","23":"tag-saint-etienne","24":"tag-saint-etienne-ville"},"share_on_mastodon":{"url":"https:\/\/pubeurope.com\/@fr\/115742190063611800","error":""},"_links":{"self":[{"href":"https:\/\/www.europesays.com\/fr\/wp-json\/wp\/v2\/posts\/608049","targetHints":{"allow":["GET"]}}],"collection":[{"href":"https:\/\/www.europesays.com\/fr\/wp-json\/wp\/v2\/posts"}],"about":[{"href":"https:\/\/www.europesays.com\/fr\/wp-json\/wp\/v2\/types\/post"}],"author":[{"embeddable":true,"href":"https:\/\/www.europesays.com\/fr\/wp-json\/wp\/v2\/users\/2"}],"replies":[{"embeddable":true,"href":"https:\/\/www.europesays.com\/fr\/wp-json\/wp\/v2\/comments?post=608049"}],"version-history":[{"count":0,"href":"https:\/\/www.europesays.com\/fr\/wp-json\/wp\/v2\/posts\/608049\/revisions"}],"wp:featuredmedia":[{"embeddable":true,"href":"https:\/\/www.europesays.com\/fr\/wp-json\/wp\/v2\/media\/608050"}],"wp:attachment":[{"href":"https:\/\/www.europesays.com\/fr\/wp-json\/wp\/v2\/media?parent=608049"}],"wp:term":[{"taxonomy":"category","embeddable":true,"href":"https:\/\/www.europesays.com\/fr\/wp-json\/wp\/v2\/categories?post=608049"},{"taxonomy":"post_tag","embeddable":true,"href":"https:\/\/www.europesays.com\/fr\/wp-json\/wp\/v2\/tags?post=608049"}],"curies":[{"name":"wp","href":"https:\/\/api.w.org\/{rel}","templated":true}]}}