{"id":608061,"date":"2025-12-18T19:25:13","date_gmt":"2025-12-18T19:25:13","guid":{"rendered":"https:\/\/www.europesays.com\/fr\/608061\/"},"modified":"2025-12-18T19:25:13","modified_gmt":"2025-12-18T19:25:13","slug":"cette-nouvelle-base-aerienne-est-une-excellente-nouvelle-pour-les-voyageurs","status":"publish","type":"post","link":"https:\/\/www.europesays.com\/fr\/608061\/","title":{"rendered":"cette nouvelle base a\u00e9rienne est une excellente nouvelle pour les voyageurs"},"content":{"rendered":"<p>                    Par<br \/>\n        <strong><br \/>\n            <a href=\"https:\/\/actu.fr\/auteur\/metropoop\" title=\"Consulter tous les articles de R\u00e9daction M\u00e9tropolitain\" target=\"_blank\" rel=\"noopener\">R\u00e9daction M\u00e9tropolitain<\/a><br \/>\n                    <\/strong><\/p>\n<p>        Publi\u00e9 le<\/p>\n<p>            18 d\u00e9c. 2025 \u00e0 19h36        <\/p>\n<p>L\u2019annonce marque un tournant pour l\u2019a\u00e9roport Montpellier M\u00e9diterran\u00e9e. Volotea ouvrira officiellement une base sur la plateforme<strong> \u00e0 l\u2019automne 2026<\/strong>. Ce sera la 11e base de la compagnie en France et la 20e en Europe. Apr\u00e8s 13 ans de pr\u00e9sence continue, la compagnie franchit un cap strat\u00e9gique. Cette d\u00e9cision renforce l\u2019attractivit\u00e9 du territoire et confirme son potentiel de d\u00e9veloppement.<\/p>\n<p>    <a href=\"https:\/\/www.google.com\/maps\/embed?pb=!1m18!1m12!1m3!1d2890.2936792329956!2d3.9626624764585157!3d43.57959887110568!2m3!1f0!2f0!3f0!3m2!1i1024!2i768!4f13.1!3m3!1m2!1s0x12b6a4b8634f5375%3A0xda2b82513d41cd2d!2sA%C3%A9roport%20Montpellier%20M%C3%A9diterran%C3%A9e!5e0!3m2!1sfr!2sfr!4v1766080638467!5m2!1sfr!2sfr\" title=\"Ouvrie le lien\" target=\"_blank\" rel=\"noopener\">Cliquez ici pour visualiser le contenu<\/a><\/p>\n<p class=\" wall-content\">Volotea op\u00e8re \u00e0 Montpellier depuis plus d\u2019une d\u00e9cennie. Depuis son premier vol, la compagnie a transport\u00e9 <strong>pr\u00e8s de 3 millions de passagers.<\/strong> Elle s\u2019appuie aujourd\u2019hui sur un r\u00e9seau de 8 lignes. L\u2019offre comprend des liaisons domestiques vers Ajaccio, Brest, Caen, Lille, Nantes, Rennes et Strasbourg. Une route vers Minorque compl\u00e8te ce r\u00e9seau depuis 2024.\u00a0<\/p>\n<p>Un avion bas\u00e9 et quatre nouvelles destinations<\/p>\n<p class=\" wall-content\">D\u00e8s l\u2019automne 2026, un Airbus A320 sera bas\u00e9 \u00e0 Montpellier. Cette implantation permettra l\u2019ouverture imm\u00e9diate de <strong>quatre nouvelles lignes<\/strong>. Bordeaux sera desservie \u00e0 partir du 6 novembre 2026 avec deux vols par semaine, le vendredi et le dimanche. Madrid ouvrira le m\u00eame jour avec deux fr\u00e9quences hebdomadaires, le lundi et le vendredi. Tenerife Sud sera accessible d\u00e8s le 8 novembre 2026, chaque dimanche. Lanzarote suivra le 7 novembre 2026 avec un vol chaque samedi.<\/p>\n<p class=\" wall-content\">Carlos Mu\u00f1oz, fondateur et PDG de Volotea, insiste sur la port\u00e9e de cette annonce. \u00ab\u00a0Nous sommes tr\u00e8s heureux d\u2019officialiser Montpellier comme notre 11\u1d49 base en France et la 20\u1d49 en Europe, plus de 13 ans apr\u00e8s notre premier vol op\u00e9r\u00e9 ici. Il s\u2019agit d\u2019un moment historique qui r\u00e9affirme notre ancrage local.\u00a0\u00bb Montpellier deviendra <strong>la quatri\u00e8me base de la compagnie dans la r\u00e9gion<\/strong>, apr\u00e8s Toulouse, Rodez et Lourdes. Le dirigeant rappelle la strat\u00e9gie de Volotea. \u00ab\u00a0Cela appuie notre volont\u00e9 de renforcer la connectivit\u00e9 entre les villes moyennes et petites d\u2019Europe et s\u2019affirmer comme un acteur cl\u00e9 de la d\u00e9centralisation en France.\u00a0\u00bb<\/p>\n<p>Vid\u00e9os : en ce moment sur ActuCap sur 2027 et au-del\u00e0<\/p>\n<p class=\" wall-content\">Le d\u00e9veloppement annonc\u00e9 s\u2019inscrit dans une strat\u00e9gie globale. \u00ab\u00a0D\u00e8s 2027, Volotea renforcera les dessertes transversales existantes et de nouvelles destinations viendront compl\u00e9ter notre r\u00e9seau\u00a0\u00bb, poursuit Emmanuel Brehmer, pr\u00e9sidence du directoire de l\u2019a\u00e9roport de Montpellier.\u00a0Il y voit \u00ab\u00a0un formidable acc\u00e9l\u00e9rateur de croissance pour l\u2019est de l\u2019Occitanie\u00a0\u00bb. La base Volotea compl\u00e9tera l\u2019offre \u00e0 bas tarifs d\u00e9j\u00e0 propos\u00e9e par les autres compagnies pr\u00e9sentes \u00e0 Montpellier. L\u2019a\u00e9roport consolide ainsi son r\u00f4le dans le d\u00e9veloppement \u00e9conomique et touristique du territoire.<\/p>\n<p class=\" wall-content\">Personnalisez votre actualit\u00e9 en ajoutant vos villes et m\u00e9dias en favori avec <a href=\"https:\/\/moncompte.actu.fr\" title=\"D\u00e9couvez Mon Actu\" rel=\"nofollow noopener\" data-trk=\"{&quot;cta&quot;:{&quot;action&quot;:&quot;https:\\\/\\\/moncompte.actu.fr&quot;,&quot;category&quot;:&quot;mon compte&quot;,&quot;from&quot;:&quot;article footer&quot;,&quot;name&quot;:&quot;Mon actu&quot;,&quot;type&quot;:&quot;cta&quot;}}\" target=\"_blank\">Mon Actu<\/a>.<\/p>\n","protected":false},"excerpt":{"rendered":"Par R\u00e9daction M\u00e9tropolitain Publi\u00e9 le 18 d\u00e9c. 2025 \u00e0 19h36 L\u2019annonce marque un tournant pour l\u2019a\u00e9roport Montpellier M\u00e9diterran\u00e9e.&hellip;\n","protected":false},"author":2,"featured_media":608062,"comment_status":"","ping_status":"","sticky":false,"template":"","format":"standard","meta":{"footnotes":""},"categories":[9599],"tags":[1111,11,17788,1777,674,1011,27,2208,12,2680,25,104,602,11756],"class_list":{"0":"post-608061","1":"post","2":"type-post","3":"status-publish","4":"format-standard","5":"has-post-thumbnail","7":"category-montpellier","8":"tag-actu","9":"tag-actualites","10":"tag-aeroport-montpellier-mediterranee","11":"tag-eu","12":"tag-europe","13":"tag-fr","14":"tag-france","15":"tag-montpellier","16":"tag-news","17":"tag-occitanie","18":"tag-republique-francaise","19":"tag-societe","20":"tag-tourisme","21":"tag-volotea"},"share_on_mastodon":{"url":"https:\/\/pubeurope.com\/@fr\/115742213825879703","error":""},"_links":{"self":[{"href":"https:\/\/www.europesays.com\/fr\/wp-json\/wp\/v2\/posts\/608061","targetHints":{"allow":["GET"]}}],"collection":[{"href":"https:\/\/www.europesays.com\/fr\/wp-json\/wp\/v2\/posts"}],"about":[{"href":"https:\/\/www.europesays.com\/fr\/wp-json\/wp\/v2\/types\/post"}],"author":[{"embeddable":true,"href":"https:\/\/www.europesays.com\/fr\/wp-json\/wp\/v2\/users\/2"}],"replies":[{"embeddable":true,"href":"https:\/\/www.europesays.com\/fr\/wp-json\/wp\/v2\/comments?post=608061"}],"version-history":[{"count":0,"href":"https:\/\/www.europesays.com\/fr\/wp-json\/wp\/v2\/posts\/608061\/revisions"}],"wp:featuredmedia":[{"embeddable":true,"href":"https:\/\/www.europesays.com\/fr\/wp-json\/wp\/v2\/media\/608062"}],"wp:attachment":[{"href":"https:\/\/www.europesays.com\/fr\/wp-json\/wp\/v2\/media?parent=608061"}],"wp:term":[{"taxonomy":"category","embeddable":true,"href":"https:\/\/www.europesays.com\/fr\/wp-json\/wp\/v2\/categories?post=608061"},{"taxonomy":"post_tag","embeddable":true,"href":"https:\/\/www.europesays.com\/fr\/wp-json\/wp\/v2\/tags?post=608061"}],"curies":[{"name":"wp","href":"https:\/\/api.w.org\/{rel}","templated":true}]}}