{"id":608063,"date":"2025-12-18T19:26:13","date_gmt":"2025-12-18T19:26:13","guid":{"rendered":"https:\/\/www.europesays.com\/fr\/608063\/"},"modified":"2025-12-18T19:26:13","modified_gmt":"2025-12-18T19:26:13","slug":"la-prefecture-tape-fort-sur-des-bars-et-boites-de-nuit-de-rouen-des-sanctions-injustes","status":"publish","type":"post","link":"https:\/\/www.europesays.com\/fr\/608063\/","title":{"rendered":"La pr\u00e9fecture tape fort sur des bars et bo\u00eetes de nuit de Rouen : des sanctions \u00ab\u00a0injustes \u00bb\u00a0?"},"content":{"rendered":"<p>                    Par<br \/>\n        <strong><br \/>\n            <a href=\"https:\/\/actu.fr\/auteur\/julien-bouteiller\" title=\"Consulter tous les articles de Julien Bouteiller\" target=\"_blank\" rel=\"noopener\">Julien Bouteiller<\/a><br \/>\n                    <\/strong><\/p>\n<p>        Publi\u00e9 le<\/p>\n<p>            18 d\u00e9c. 2025 \u00e0 18h12        <\/p>\n<p><strong>Coup dur pour plusieurs \u00e9tablissements rouennais<\/strong>. Apr\u00e8s la vague de <a href=\"https:\/\/actu.fr\/normandie\/rouen_76540\/pourquoi-autant-de-restaurants-ferment-a-cause-de-problemes-d-hygiene-a-rouen-il-y-a-un-climat-de-terreur_61956166.html\" target=\"_blank\" rel=\"noopener\">contr\u00f4les ayant sanctionn\u00e9 des restaurants l\u2019an dernier<\/a>, ce sont, en d\u00e9cembre\u00a02025, <strong>plusieurs bars et une bo\u00eete de nuit de Rouen<\/strong> qui sont frapp\u00e9s de fermetures administratives. Des g\u00e9rants d\u00e9noncent des d\u00e9cisions \u00ab\u2009injustes\u2009\u00bb et sans preuves. \u00ab\u2009\u00c7a me d\u00e9go\u00fbte\u2009\u00bb, peste Hugo Martins aupr\u00e8s de\u00a076actu, apr\u00e8s une fermeture d\u2019une semaine de son \u00e9tablissement, <a href=\"https:\/\/actu.fr\/normandie\/rouen_76540\/exclusif-muse-un-nouveau-bar-en-plein-coeur-de-rouen-qui-mise-sur-la-simplicite_62006547.html\" target=\"_blank\" rel=\"noopener\">le Muse.<\/a><\/p>\n<p>Un bar ferm\u00e9 pendant une semaine<\/p>\n<p class=\" wall-content\">\u00ab\u2009On nous reproche d\u2019avoir servi de l\u2019alcool \u00e0 un client \u2018manifestement ivre\u2019 [en octobre dernier, NDLR]\u2009\u00bb, relate l\u2019ancien kin\u00e9 qui a ouvert son bar il y a un an dans l\u2019impasse des Hauts-mariages. Ce m\u00eame client aurait \u00e9galement <strong>d\u00e9grad\u00e9 une porte<\/strong> dans la copropri\u00e9t\u00e9, conduisant \u00e0 une intervention de la police.<\/p>\n<p class=\" wall-content\">Mais, assure Hugo Martins, <strong>\u00ab\u2009j\u2019ai les preuves qu\u2019il n\u2019\u00e9tait pas manifestement ivre\u2009\u00bb<\/strong>. Il d\u00e9plore surtout que, dans la proc\u00e9dure contradictoire avec la pr\u00e9fecture, ses preuves n\u2019ont pas \u00e9t\u00e9 prises en compte. \u00ab\u2009Et en plus, alors que ce client a \u00e9t\u00e9 emmen\u00e9 par la police et a probablement \u00e9t\u00e9 soumis \u00e0 un \u00e9thylom\u00e8tre, <strong>on ne nous donne aucun taux d\u2019alcool\u00e9mie<\/strong> pour prouver qu\u2019il \u00e9tait manifestement ivre.\u2009\u00bb<\/p>\n<p class=\" wall-content\">La sanction tombe deux mois apr\u00e8s cette soir\u00e9e. \u00ab\u2009On re\u00e7oit la notification le mardi pour fermer le jeudi\u2009\u00bb, souffle le jeune patron.<\/p>\n<p>Le So, de nouveau priv\u00e9 de Nouvel an<\/p>\n<p class=\" wall-content\">Pour le So,<strong> bo\u00eete de nuit des quais de Rouen<\/strong>, le couperet d\u2019une fermeture de <strong>deux mois<\/strong> \u00e0 compter du 19\u00a0d\u00e9cembre est aussi tomb\u00e9 deux mois apr\u00e8s les faits reproch\u00e9s. Selon les informations r\u00e9v\u00e9l\u00e9es par\u00a0<a href=\"https:\/\/www.paris-normandie.fr\/id683090\/article\/2025-12-17\/alcool-mineure-ivresse-la-boite-de-nuit-le-so-rouen-sanctionnee-dune-fermeture\" target=\"_blank\" rel=\"noopener\">Paris-Normandie,<\/a> la discoth\u00e8que aurait servi de l\u2019alcool<strong> \u00e0 des personnes manifestement ivres et \u00e0 une mineure.<\/strong><\/p>\n<p class=\" wall-content\">Cette derni\u00e8re aurait \u00e9t\u00e9 <strong>victime d\u2019un viol<\/strong> apr\u00e8s cette soir\u00e9e, \u00ab\u2009aux abords de l\u2019\u00e9tablissement\u2009\u00bb, selon nos confr\u00e8res. Le parquet de Rouen a confirm\u00e9 \u00e0\u00a076actu qu\u2019une enqu\u00eate avait \u00e9t\u00e9 ouverte pour ces faits graves.<\/p>\n<p class=\" wall-content\">Mais, dans une publication sur les r\u00e9seaux sociaux,<strong> la direction de l\u2019\u00e9tablissement conteste \u00ab\u2009formellement\u2009\u00bb<\/strong>. Et d\u2019arguer\u2009: \u00ab\u2009La personne concern\u00e9e, \u00e2g\u00e9e de 17\u00a0ans, a volontairement dissimul\u00e9 sa minorit\u00e9. [\u2026] Par ailleurs, aucun membre de ce groupe n\u2019a \u00e9t\u00e9 servi en \u00e9tat d\u2019ivresse manifeste\u2009\u00bb.<\/p>\n<p>Votre r\u00e9gion, votre actu !<\/p>\n<p>Recevez chaque jour les infos qui comptent pour vous.<\/p>\n<p>\t<a href=\"https:\/\/actu.fr\/newsletter\" class=\"ac-btn ac-btn--corner ac-btn--medium ac-btn--blue800\" target=\"_blank\" rel=\"noopener\">S&rsquo;incrire<\/a><\/p>\n<p class=\" wall-content\"><a href=\"https:\/\/www.instagram.com\/p\/DSX2qVsjpRg\/embed\" title=\"Ouvrir le lien sur Instagram\" target=\"_blank\" rel=\"noopener\">Visualiser le contenu sur Instagram<\/a><\/p>\n<p class=\" wall-content\">D\u00e9j\u00e0 sanctionn\u00e9 \u00e0 la m\u00eame p\u00e9riode il y a un an, priv\u00e9 de la grosse soir\u00e9e du Nouvel an, le So fustige une <strong>\u00ab\u2009d\u00e9cision totalement disproportionn\u00e9e\u2009\u00bb<\/strong>. Les dirigeants avancent aussi qu\u2019avant l\u2019an dernier, l\u2019\u00e9tablissement n\u2019a \u00ab\u2009jamais fait l\u2019objet de la moindre sanction\u2009\u00bb.<\/p>\n<p>\u00ab\u2009C\u2019est de l\u2019abus\u2009\u00bb<\/p>\n<p class=\" wall-content\">M\u00eame son de cloche pour le Muse. \u00ab\u2009Et pourtant, j\u2019ai les policiers qui viennent deux \u00e0 quatre fois par semaine\u2009\u00bb, note Hugo Martins. \u00ab\u2009On a fait beaucoup pour la tranquillit\u00e9, on ne peut pas faire plus.\u2009\u00bb<\/p>\n<blockquote class=\"ac-article-quote wall-content\">\n<p>C&rsquo;est de l&rsquo;abus, la loi n&rsquo;a pas de valeur.<\/p>\n<p>    <strong>Hugo Martins<\/strong><br \/>\n        G\u00e9rant du Muse    <\/p><\/blockquote>\n<p class=\" wall-content\">Comme le So, le patron du Muse rel\u00e8ve aussi<strong> l\u2019impact d\u2019une telle d\u00e9cision<\/strong>, entre la perte d\u2019exploitation et les charges qui continuent. \u00ab\u2009Mais ce n\u2019est pas tant une question d\u2019argent, c\u2019est une question d\u2019\u00e9tiquette qu\u2019on nous colle, maintenant on va \u00eatre \u2018fich\u00e9\u2019\u2026\u00bb<\/p>\n<p class=\" wall-content\">Hugo Martins ne veut toutefois pas contester la d\u00e9cision face au tribunal administratif, comme il en a le droit. \u00ab\u2009\u00c7a ne servirait \u00e0 rien. La sanction est d\u00e9j\u00e0 pass\u00e9e de toute fa\u00e7on\u2026\u2009\u00bb De son c\u00f4t\u00e9, le So a l\u2019intention, comme l\u2019an dernier, <strong>de faire appel de la d\u00e9cision pr\u00e9fectorale<\/strong>. En 2024, cela avait \u00e9t\u00e9 infructueux.<\/p>\n<p class=\" wall-content\">Le So et le Muse n\u2019ont pas \u00e9t\u00e9 les seuls \u00e9tablissements \u00e0 \u00eatre sanctionn\u00e9s ces derniers jours. C\u2019est le cas \u00e9galement du Caf\u00e9 de Rouen, place du Vieux-March\u00e9, et de la Civette Saint-Marc.<\/p>\n<p>La pr\u00e9fecture d\u00e9taille les motifs des sanctions<\/p>\n<p>\u2022 Le So : L&rsquo;\u00e9tablissement le So, \u00e0 Rouen, a  fait l&rsquo;objet d&rsquo;un arr\u00eat\u00e9 portant fermeture administrative temporaire pour une dur\u00e9e de deux mois pour des infractions de vente d&rsquo;alcool \u00e0 un mineur et de vente d&rsquo;alcool \u00e0 des individus manifestement ivres. Cette d\u00e9cision s&rsquo;appliquera d\u00e8s ce vendredi 18 d\u00e9cembre.<br \/>\u2022 Le Muse : L&rsquo;\u00e9tablissement \u00ab\u00a0Muse\u00a0\u00bb sis 4 impasse des Hauts mariages \u00e0 Rouen, a fait l&rsquo;objet d&rsquo;un arr\u00eat\u00e9 portant fermeture administrative temporaire pour une dur\u00e9e de 7 jours pour avoir re\u00e7u et servi de l&rsquo;alcool \u00e0 un individu d\u00e9j\u00e0 ivre, ayant g\u00e9n\u00e9r\u00e9 une atteinte \u00e0 l&rsquo;ordre et \u00e0 la sant\u00e9 publics, en violation des dispositions de l&rsquo;article R.3353-2 du code la sant\u00e9 publique.<br \/>\u2022 La Civette Saint-Marc : L&rsquo;\u00e9tablissement \u00ab\u00a0La civette Saint-Marc\u00a0\u00bb,  sis 118 rue Martainville \u00e0 Rouen, a  fait l&rsquo;objet d&rsquo;un arr\u00eat\u00e9 portant fermeture administrative temporaire pour une dur\u00e9e de 15 jours pour avoir re\u00e7u et servi de l&rsquo;alcool \u00e0 un individu d\u00e9j\u00e0 ivre, ayant g\u00e9n\u00e9r\u00e9 une atteinte \u00e0 l&rsquo;ordre et \u00e0 la sant\u00e9 publics, en violation des dispositions de l&rsquo;article R.3353-2 du code la sant\u00e9 publique.<br \/>\u2022 Le Caf\u00e9 de Rouen : L&rsquo;\u00e9tablissement \u00ab\u00a0Le caf\u00e9 de Rouen\u00a0\u00bb et la \u00ab\u00a0Buvette by le caf\u00e9 de Rouen\u00a0\u00bb,  sis 57 et 61 place du vieux march\u00e9 \u00e0 Rouen, ont fait l&rsquo;objet d&rsquo;un arr\u00eat\u00e9 portant fermeture administrative temporaire pour une dur\u00e9e de 15 jours pour avoir servi de l&rsquo;alcool \u00e0 un mineur, fait constituant une atteinte \u00e0 l&rsquo;ordre et \u00e0 la sant\u00e9 publics, au sens du paragraphe 2 de l&rsquo;article L.3332-15 du code de la sant\u00e9 publique.<\/p>\n<p>Depuis le 1er d\u00e9cembre 2025, concernant les d\u00e9bits de boisson, seuls ces quatre d\u00e9bits de boisson ont fait l&rsquo;objet de fermetures administratives temporaires fond\u00e9es notamment sur la vente d&rsquo;alcool \u00e0 des mineurs ainsi que sur le fait de recevoir et de servir de l&rsquo;alcool \u00e0 des personnes d\u00e9j\u00e0 en \u00e9tat d\u2019ivresse. Ces proc\u00e9dures ont \u00e9t\u00e9 \u00e9tablies sur la base de rapports de la Police Nationale et de la Police Municipale.<\/p>\n<p>Suivez l\u2019actualit\u00e9 de Rouen <a href=\"https:\/\/www.whatsapp.com\/channel\/0029VaKfnf99hXF2ddApFB1D\" target=\"_blank\" rel=\"noopener\">sur notre cha\u00eene WhatsApp<\/a> et <a href=\"https:\/\/www.tiktok.com\/@76actu.fr?lang=fr\" target=\"_blank\" rel=\"noopener\">sur notre compte TikTok<\/a><\/p>\n<p class=\" wall-content\">Personnalisez votre actualit\u00e9 en ajoutant vos villes et m\u00e9dias en favori avec <a href=\"https:\/\/moncompte.actu.fr\" title=\"D\u00e9couvez Mon Actu\" rel=\"nofollow noopener\" data-trk=\"{&quot;cta&quot;:{&quot;action&quot;:&quot;https:\\\/\\\/moncompte.actu.fr&quot;,&quot;category&quot;:&quot;mon compte&quot;,&quot;from&quot;:&quot;article footer&quot;,&quot;name&quot;:&quot;Mon actu&quot;,&quot;type&quot;:&quot;cta&quot;}}\" target=\"_blank\">Mon Actu<\/a>.<\/p>\n<p>                    <script async src=\"\/\/www.instagram.com\/embed.js\"><\/script><script async src=\"\/\/www.tiktok.com\/embed.js\"><\/script><\/p>\n","protected":false},"excerpt":{"rendered":"Par Julien Bouteiller Publi\u00e9 le 18 d\u00e9c. 2025 \u00e0 18h12 Coup dur pour plusieurs \u00e9tablissements rouennais. Apr\u00e8s la&hellip;\n","protected":false},"author":2,"featured_media":608064,"comment_status":"","ping_status":"","sticky":false,"template":"","format":"standard","meta":{"footnotes":""},"categories":[9587],"tags":[1111,11,1777,674,1011,27,12,5161,1072,25,9590,104],"class_list":{"0":"post-608063","1":"post","2":"type-post","3":"status-publish","4":"format-standard","5":"has-post-thumbnail","7":"category-rouen","8":"tag-actu","9":"tag-actualites","10":"tag-eu","11":"tag-europe","12":"tag-fr","13":"tag-france","14":"tag-news","15":"tag-normandie","16":"tag-police","17":"tag-republique-francaise","18":"tag-rouen","19":"tag-societe"},"share_on_mastodon":{"url":"https:\/\/pubeurope.com\/@fr\/115742217601472666","error":""},"_links":{"self":[{"href":"https:\/\/www.europesays.com\/fr\/wp-json\/wp\/v2\/posts\/608063","targetHints":{"allow":["GET"]}}],"collection":[{"href":"https:\/\/www.europesays.com\/fr\/wp-json\/wp\/v2\/posts"}],"about":[{"href":"https:\/\/www.europesays.com\/fr\/wp-json\/wp\/v2\/types\/post"}],"author":[{"embeddable":true,"href":"https:\/\/www.europesays.com\/fr\/wp-json\/wp\/v2\/users\/2"}],"replies":[{"embeddable":true,"href":"https:\/\/www.europesays.com\/fr\/wp-json\/wp\/v2\/comments?post=608063"}],"version-history":[{"count":0,"href":"https:\/\/www.europesays.com\/fr\/wp-json\/wp\/v2\/posts\/608063\/revisions"}],"wp:featuredmedia":[{"embeddable":true,"href":"https:\/\/www.europesays.com\/fr\/wp-json\/wp\/v2\/media\/608064"}],"wp:attachment":[{"href":"https:\/\/www.europesays.com\/fr\/wp-json\/wp\/v2\/media?parent=608063"}],"wp:term":[{"taxonomy":"category","embeddable":true,"href":"https:\/\/www.europesays.com\/fr\/wp-json\/wp\/v2\/categories?post=608063"},{"taxonomy":"post_tag","embeddable":true,"href":"https:\/\/www.europesays.com\/fr\/wp-json\/wp\/v2\/tags?post=608063"}],"curies":[{"name":"wp","href":"https:\/\/api.w.org\/{rel}","templated":true}]}}