{"id":608069,"date":"2025-12-18T19:30:22","date_gmt":"2025-12-18T19:30:22","guid":{"rendered":"https:\/\/www.europesays.com\/fr\/608069\/"},"modified":"2025-12-18T19:30:22","modified_gmt":"2025-12-18T19:30:22","slug":"le-plan-daction-de-la-ville-pour-reconquerir-lespace-public","status":"publish","type":"post","link":"https:\/\/www.europesays.com\/fr\/608069\/","title":{"rendered":"le plan d\u2019action de la Ville pour \u00ab\u00a0reconqu\u00e9rir l\u2019espace public\u00a0\u00bb"},"content":{"rendered":"<p class=\"insetTitle\">Les dix pistes d\u2019action dans le d\u00e9tail<\/p>\n<p>\u25b6 \u2002 L\u2019am\u00e9nagement, un levier pour am\u00e9liorer le vivre ensemble et \u00e9loigner, rendre plus discret le trafic :<\/p>\n<p>1. Lancer d\u00e8s le d\u00e9but du prochain mandat un r\u00e9am\u00e9nagement global de la place pour la rendre plus attractive et agr\u00e9able\u00a0;<\/p>\n<p>2. Proposer des am\u00e9nagements con\u00e7us pour dissuader, \u00e9loigner le trafic.<\/p>\n<p>\u25b6 \u2002 Pr\u00e9vention et s\u00e9curit\u00e9, une approche partenariale, la m\u00e9diation au c\u0153ur des enjeux de tranquillit\u00e9 publique :<\/p>\n<p>3. Renforcer la coop\u00e9ration et la coordination des acteurs sur le territoire (Ville et M\u00e9tropole sur l\u2019entretien du quartier\u00a0; polices nationale et municipale\u00a0; police nationale, action judiciaire, Ville, M\u00e9tropole et la soci\u00e9t\u00e9 civile (associations, riverains, commer\u00e7ants) ;<\/p>\n<p>4. Mener des actions de pr\u00e9vention et d\u2019accompagnement des jeunes et des familles\u00a0;<\/p>\n<p>5. Cibler les actions r\u00e9pressives sur les individus violents et mettre en place des actions p\u00e9dagogiques\/\u00e9ducatives pour les autres individus impliqu\u00e9s dans le trafic sans violences.<\/p>\n<p>\u25b6 \u2002 Pr\u00e9vention et s\u00e9curit\u00e9, une approche partenariale, la m\u00e9diation au c\u0153ur des enjeux de tranquillit\u00e9 publique:<\/p>\n<p>6. \u00c9tudier en partenariat entre la police nationale et la Ville la pertinence de l\u2019augmentation du nombre de cam\u00e9ras de vid\u00e9o-surveillance lors du r\u00e9am\u00e9nagement de la place Saint Bruno et des rues adjacentes\u00a0;<\/p>\n<p>7. Exp\u00e9rimenter un arr\u00eat\u00e9 interdisant les trottinettes \u00e9lectriques sur la place et assurer les moyens n\u00e9cessaires au respect de cette mesure\u00a0;<\/p>\n<p>8. D\u00e9velopper une offre de m\u00e9diation territoriale dans l\u2019objectif de pacifier la vie des citoyens.<\/p>\n<p>\u25b6 \u2002 Vie de quartier, renforcer l\u2019attractivit\u00e9 de quartier et l\u2019occupation positive de l\u2019espace public :<\/p>\n<p>9. Am\u00e9liorer la propret\u00e9 de la place et mieux g\u00e9rer au quotidien les questions de gestion urbaine de proximit\u00e9\u00a0;<\/p>\n<p>10. Encourager l\u2019occupation positive de l\u2019espace public.<\/p>\n","protected":false},"excerpt":{"rendered":"Les dix pistes d\u2019action dans le d\u00e9tail \u25b6 \u2002 L\u2019am\u00e9nagement, un levier pour am\u00e9liorer le vivre ensemble et&hellip;\n","protected":false},"author":2,"featured_media":608070,"comment_status":"","ping_status":"","sticky":false,"template":"","format":"standard","meta":{"footnotes":""},"categories":[9566],"tags":[1111,11,2430,1984,271,272,112,1777,674,1011,27,2731,2732,108,12,316,25],"class_list":{"0":"post-608069","1":"post","2":"type-post","3":"status-publish","4":"format-standard","5":"has-post-thumbnail","7":"category-grenoble","8":"tag-actu","9":"tag-actualites","10":"tag-auvergne-rhone-alpes","11":"tag-conseil-municipal","12":"tag-crime","13":"tag-delit-et-contravention","14":"tag-edition-grenoble-agglomeration","15":"tag-eu","16":"tag-europe","17":"tag-fr","18":"tag-france","19":"tag-grenoble","20":"tag-grenoble-bassin","21":"tag-isere","22":"tag-news","23":"tag-politique","24":"tag-republique-francaise"},"share_on_mastodon":{"url":"https:\/\/pubeurope.com\/@fr\/115742233342284031","error":""},"_links":{"self":[{"href":"https:\/\/www.europesays.com\/fr\/wp-json\/wp\/v2\/posts\/608069","targetHints":{"allow":["GET"]}}],"collection":[{"href":"https:\/\/www.europesays.com\/fr\/wp-json\/wp\/v2\/posts"}],"about":[{"href":"https:\/\/www.europesays.com\/fr\/wp-json\/wp\/v2\/types\/post"}],"author":[{"embeddable":true,"href":"https:\/\/www.europesays.com\/fr\/wp-json\/wp\/v2\/users\/2"}],"replies":[{"embeddable":true,"href":"https:\/\/www.europesays.com\/fr\/wp-json\/wp\/v2\/comments?post=608069"}],"version-history":[{"count":0,"href":"https:\/\/www.europesays.com\/fr\/wp-json\/wp\/v2\/posts\/608069\/revisions"}],"wp:featuredmedia":[{"embeddable":true,"href":"https:\/\/www.europesays.com\/fr\/wp-json\/wp\/v2\/media\/608070"}],"wp:attachment":[{"href":"https:\/\/www.europesays.com\/fr\/wp-json\/wp\/v2\/media?parent=608069"}],"wp:term":[{"taxonomy":"category","embeddable":true,"href":"https:\/\/www.europesays.com\/fr\/wp-json\/wp\/v2\/categories?post=608069"},{"taxonomy":"post_tag","embeddable":true,"href":"https:\/\/www.europesays.com\/fr\/wp-json\/wp\/v2\/tags?post=608069"}],"curies":[{"name":"wp","href":"https:\/\/api.w.org\/{rel}","templated":true}]}}