{"id":608081,"date":"2025-12-18T19:36:14","date_gmt":"2025-12-18T19:36:14","guid":{"rendered":"https:\/\/www.europesays.com\/fr\/608081\/"},"modified":"2025-12-18T19:36:14","modified_gmt":"2025-12-18T19:36:14","slug":"nice-previsions-meteo-du-jeudi-18-decembre-2025","status":"publish","type":"post","link":"https:\/\/www.europesays.com\/fr\/608081\/","title":{"rendered":"Nice : pr\u00e9visions m\u00e9t\u00e9o du jeudi 18 d\u00e9cembre 2025"},"content":{"rendered":"<p>\u00c0 Nice, le jeudi 18 d\u00e9cembre 2025, le temps reste agr\u00e9able avec un ciel variable le matin puis un apr\u00e8s-midi ensoleill\u00e9. Les temp\u00e9ratures oscillent entre 9 \u00b0C et 14 \u00b0C, sans risque de pluie pour la journ\u00e9e.<\/p>\n<p>Apr\u00e8s un d\u00e9but de d\u00e9cembre plut\u00f4t calme, Nice b\u00e9n\u00e9ficie aujourd\u2019hui d\u2019une m\u00e9t\u00e9o cl\u00e9mente, id\u00e9ale pour les derniers achats de f\u00eates. D\u00e9couvrons, heure par heure, ce que le ciel r\u00e9serve aux Azur\u00e9ens.<\/p>\n<p>Le mercure oscillera entre <b>9 \u00b0C<\/b> au lever du jour et <b>14 \u00b0C<\/b> dans l\u2019apr\u00e8s-midi, des valeurs l\u00e9g\u00e8rement sup\u00e9rieures aux normales de d\u00e9cembre sur la C\u00f4te d\u2019Azur.<\/p>\n<p>Matin : douceur et \u00e9claircies<\/p>\n<p>Le soleil se l\u00e8ve \u00e0 07 h 59 ; d\u00e8s 9 h, le thermom\u00e8tre indique <b>9 \u00b0C<\/b>, ressenti 7 \u00b0C, sous un ciel variable ponctu\u00e9 d\u2019\u00e9claircies.<\/p>\n<p>L\u2019humidit\u00e9 atteint 75 %, r\u00e9v\u00e9lant un air l\u00e9g\u00e8rement humide, tandis qu\u2019une brise de nord souffle \u00e0 10 km\/h, sans rafales notables.<\/p>\n<p>Avec une pression \u00e9lev\u00e9e de 1 028 hPa, l\u2019atmosph\u00e8re demeure tr\u00e8s stable, propice \u00e0 la dispersion des polluants, m\u00eame si la qualit\u00e9 de l\u2019air reste indiqu\u00e9e comme ind\u00e9finie.<\/p>\n<ul>\n<li><b>Temp\u00e9rature :<\/b> 9 \u00b0C<\/li>\n<li><b>Probabilit\u00e9 de pluie :<\/b> 0 %<\/li>\n<li><b>Pression :<\/b> 1 028 hPa<\/li>\n<\/ul>\n<p>Malgr\u00e9 cette douceur, les \u00e9carts entre matin et soir peuvent fatiguer : pensez \u00e0 superposer les couches, surtout pour les trajets en deux-roues ou en altitude.<\/p>\n<p>Apr\u00e8s-midi : soleil franc sur la Promenade<\/p>\n<p>\u00c0 la mi-journ\u00e9e, les nuages se dissipent compl\u00e8tement et Nice passe en mode grand bleu.<\/p>\n<p>\u00c0 15 h, la temp\u00e9rature atteint <b>14 \u00b0C<\/b>, ressenti 13 \u00b0C, tandis que l\u2019humidit\u00e9 se limite \u00e0 65 %.<\/p>\n<p>Le vent tourne \u00e0 l\u2019est et faiblit \u00e0 7 km\/h, rendant les balades en bord de mer tr\u00e8s agr\u00e9ables.<\/p>\n<p>La pression ne c\u00e8de que 2 hPa par rapport au matin, preuve que l\u2019anticyclone tient bon et maintient \u00e0 distance tout risque d\u2019averses.<\/p>\n<ul>\n<li><b>Indice de pluie :<\/b> 0 %<\/li>\n<li><b>Pression :<\/b> 1 026 hPa<\/li>\n<\/ul>\n<p>Soir : ciel \u00e9toil\u00e9 et fra\u00eecheur mod\u00e9r\u00e9e<\/p>\n<p>Le soleil se couche \u00e0 16 h 55, laissant place \u00e0 un ciel d\u00e9gag\u00e9 pour profiter des illuminations du Vieux-Nice.<\/p>\n<p>\u00c0 21 h, la temp\u00e9rature descend \u00e0 <b>10 \u00b0C<\/b>, ressenti 8 \u00b0C ; l\u2019humidit\u00e9 remonte \u00e0 78 %, mais l\u2019air reste parfaitement sec.<\/p>\n<p>Une l\u00e9g\u00e8re brise de nord oscille autour de 9 km\/h, suffisante pour conserver une sensation de fra\u00eecheur sur les terrasses.<\/p>\n<p>Le gradient thermique entre mer et continent s\u2019att\u00e9nue, limitant la formation de brises nocturnes : l\u2019air restera presque immobile, id\u00e9al pour admirer les \u00e9toiles.<\/p>\n<tr>P\u00e9riodeTemp. (\u00b0C)Pluie (mm)Vent (km\/h)<\/tr>\n<tr>\n<td>Matin<\/td>\n<td><b>9<\/b><\/td>\n<td>0<\/td>\n<td>10<\/td>\n<\/tr>\n<tr>\n<td>Midi<\/td>\n<td><b>14<\/b><\/td>\n<td>0<\/td>\n<td>7<\/td>\n<\/tr>\n<tr>\n<td>Soir<\/td>\n<td><b>10<\/b><\/td>\n<td>0<\/td>\n<td>9<\/td>\n<\/tr>\n<p>Tendance g\u00e9n\u00e9rale pour vendredi 19 d\u00e9cembre<\/p>\n<p>Au cours de la nuit, la n\u00e9bulosit\u00e9 s\u2019\u00e9paissit sur la c\u00f4te avec l\u2019approche d\u2019un faible conflit de masses d\u2019air.<\/p>\n<p>Vendredi 19 d\u00e9cembre s\u2019annonce plus humide : <b>4,9 mm<\/b> attendus sur la journ\u00e9e, sous un ciel souvent gris.<\/p>\n<p>La temp\u00e9rature se maintiendra entre <b>10 \u00b0C<\/b> et <b>12 \u00b0C<\/b>, avec un ressenti parfois limit\u00e9 \u00e0 7 \u00b0C.<\/p>\n<p>Un petit vent de nord autour de 10 km\/h persistera ; prudence pour les deux-roues sur chauss\u00e9e humide.<\/p>\n<p>Un l\u00e9ger fl\u00e9chissement de la pression \u00e0 998 hPa traduira l\u2019approche d\u2019une faiblesse d\u00e9pressionnaire, suffisante pour g\u00e9n\u00e9rer un \u00e9pisode pluvieux, certes modeste, mais b\u00e9n\u00e9fique \u00e0 la v\u00e9g\u00e9tation locale.<\/p>\n<p>Ces pr\u00e9cipitations, fr\u00e9quentes en d\u00e9cembre, rappellent la variabilit\u00e9 m\u00e9diterran\u00e9enne ; toutefois, le r\u00e9chauffement global tend \u00e0 augmenter la fr\u00e9quence des pluies intenses : restez attentifs lors des prochains passages perturb\u00e9s.<\/p>\n<p>Pour suivre l\u2019\u00e9volution heure par heure, consultez <a href=\"https:\/\/www.meteocity.com\/france\/nice-v2990440\" target=\"_blank\" rel=\"noopener\">notre bulletin d\u00e9taill\u00e9<\/a>.<\/p>\n<p>En r\u00e9sum\u00e9, une journ\u00e9e tr\u00e8s lumineuse et s\u00e8che ; profitons-en pour pr\u00e9parer les f\u00eates avant le retour d\u2019une ambiance plus humide vendredi.<\/p>\n","protected":false},"excerpt":{"rendered":"\u00c0 Nice, le jeudi 18 d\u00e9cembre 2025, le temps reste agr\u00e9able avec un ciel variable le matin puis&hellip;\n","protected":false},"author":2,"featured_media":608082,"comment_status":"","ping_status":"","sticky":false,"template":"","format":"standard","meta":{"footnotes":""},"categories":[2819],"tags":[1111,11,1777,674,1011,27,12,2401,882,25],"class_list":{"0":"post-608081","1":"post","2":"type-post","3":"status-publish","4":"format-standard","5":"has-post-thumbnail","7":"category-nice","8":"tag-actu","9":"tag-actualites","10":"tag-eu","11":"tag-europe","12":"tag-fr","13":"tag-france","14":"tag-news","15":"tag-nice","16":"tag-provence-alpes-cote-dazur","17":"tag-republique-francaise"},"share_on_mastodon":{"url":"https:\/\/pubeurope.com\/@fr\/115742256961234514","error":""},"_links":{"self":[{"href":"https:\/\/www.europesays.com\/fr\/wp-json\/wp\/v2\/posts\/608081","targetHints":{"allow":["GET"]}}],"collection":[{"href":"https:\/\/www.europesays.com\/fr\/wp-json\/wp\/v2\/posts"}],"about":[{"href":"https:\/\/www.europesays.com\/fr\/wp-json\/wp\/v2\/types\/post"}],"author":[{"embeddable":true,"href":"https:\/\/www.europesays.com\/fr\/wp-json\/wp\/v2\/users\/2"}],"replies":[{"embeddable":true,"href":"https:\/\/www.europesays.com\/fr\/wp-json\/wp\/v2\/comments?post=608081"}],"version-history":[{"count":0,"href":"https:\/\/www.europesays.com\/fr\/wp-json\/wp\/v2\/posts\/608081\/revisions"}],"wp:featuredmedia":[{"embeddable":true,"href":"https:\/\/www.europesays.com\/fr\/wp-json\/wp\/v2\/media\/608082"}],"wp:attachment":[{"href":"https:\/\/www.europesays.com\/fr\/wp-json\/wp\/v2\/media?parent=608081"}],"wp:term":[{"taxonomy":"category","embeddable":true,"href":"https:\/\/www.europesays.com\/fr\/wp-json\/wp\/v2\/categories?post=608081"},{"taxonomy":"post_tag","embeddable":true,"href":"https:\/\/www.europesays.com\/fr\/wp-json\/wp\/v2\/tags?post=608081"}],"curies":[{"name":"wp","href":"https:\/\/api.w.org\/{rel}","templated":true}]}}