{"id":608083,"date":"2025-12-18T19:37:16","date_gmt":"2025-12-18T19:37:16","guid":{"rendered":"https:\/\/www.europesays.com\/fr\/608083\/"},"modified":"2025-12-18T19:37:16","modified_gmt":"2025-12-18T19:37:16","slug":"reouverture-du-pont-anne-de-bretagne-ce-vendredi-a-auray","status":"publish","type":"post","link":"https:\/\/www.europesays.com\/fr\/608083\/","title":{"rendered":"R\u00e9ouverture du pont Anne-de-Bretagne ce vendredi \u00e0 Auray"},"content":{"rendered":"<p>Le pont Anne-de-Bretagne qui enjambe le ruisseau Reclus va \u00eatre enfin rouvert \u00e0 la circulation ce vendredi 19 d\u00e9cembre \u00e0 Auray comme l\u2019a confirm\u00e9 la Ville ce jeudi 18. \u00ab\u00a0Les am\u00e9nagements concernant les mobilit\u00e9s douces (\u00eelot et marquage) seront r\u00e9alis\u00e9s \u00e0 la rentr\u00e9e\u00a0\u00bb, a ajout\u00e9 la municipalit\u00e9 dans son communiqu\u00e9.<\/p>\n<p>Les travaux r\u00e9alis\u00e9s boulevard Anne-de-Bretagne ont dur\u00e9 <a href=\"https:\/\/www.letelegramme.fr\/morbihan\/auray-56400\/a-auray-cinq-choses-a-savoir-sur-les-travaux-du-pont-anne-de-bretagne-qui-sacheveront-a-lautomne-6876797.php\" target=\"_blank\" rel=\"noopener\">plus longtemps qu\u2019initialement pr\u00e9vu<\/a>\ufeff. Le pont \u00e9tait <a href=\"https:\/\/www.letelegramme.fr\/morbihan\/auray-56400\/a-auray-le-pont-de-l-avenue-anne-de-bretagne-ferme-a-partir-de-ce-lundi-1678311.php\" target=\"_blank\" rel=\"noopener\">ferm\u00e9 \u00e0 la circulation depuis d\u00e9cembre 2022<\/a> par un arr\u00eat\u00e9 municipal \u00e0 cause d\u2019un risque d\u2019effondrement de l\u2019ouvrage datant de 1973. La fin de ce chantier avait d\u00e9but\u00e9 le 15 juin, deux jours apr\u00e8s la fin des travaux de la rue Aristide-Briand, au lieu de l\u2019automne 2024 pour un co\u00fbt total de 640\u00a0000 euros, dont <a href=\"https:\/\/www.letelegramme.fr\/morbihan\/auray-56400\/a-auray-la-renovation-du-pont-anne-de-bretagne-devrait-demarrer-mi-juin-6812366.php\" target=\"_blank\" rel=\"noopener\">100\u00a0000 \u20ac financ\u00e9s par l\u2019\u00c9tat<\/a>.<\/p>\n<p>Les deux buses m\u00e9talliques qui servaient de support ont \u00e9t\u00e9 remplac\u00e9es par une structure en b\u00e9ton. Des garde-corps recouverts de bois longent la chauss\u00e9e et le nouveau trottoir qui va aussi servir aux v\u00e9los.\ufeff<\/p>\n<p>Dans cet espace naturel sensible, le Reclus a, lui, retrouv\u00e9 sa trajectoire naturelle avec des virages pour am\u00e9liorer la gestion des crues suite \u00e0 une \u00e9tude qui a contribu\u00e9 au retard de livraison.<\/p>\n","protected":false},"excerpt":{"rendered":"Le pont Anne-de-Bretagne qui enjambe le ruisseau Reclus va \u00eatre enfin rouvert \u00e0 la circulation ce vendredi 19&hellip;\n","protected":false},"author":2,"featured_media":608084,"comment_status":"","ping_status":"","sticky":false,"template":"","format":"standard","meta":{"footnotes":""},"categories":[2818],"tags":[1111,11,7507,1777,674,1011,27,766,12,2636,25],"class_list":{"0":"post-608083","1":"post","2":"type-post","3":"status-publish","4":"format-standard","5":"has-post-thumbnail","7":"category-nantes","8":"tag-actu","9":"tag-actualites","10":"tag-auray","11":"tag-eu","12":"tag-europe","13":"tag-fr","14":"tag-france","15":"tag-nantes","16":"tag-news","17":"tag-pays-de-la-loire","18":"tag-republique-francaise"},"share_on_mastodon":{"url":"https:\/\/pubeurope.com\/@fr\/115742260845617460","error":""},"_links":{"self":[{"href":"https:\/\/www.europesays.com\/fr\/wp-json\/wp\/v2\/posts\/608083","targetHints":{"allow":["GET"]}}],"collection":[{"href":"https:\/\/www.europesays.com\/fr\/wp-json\/wp\/v2\/posts"}],"about":[{"href":"https:\/\/www.europesays.com\/fr\/wp-json\/wp\/v2\/types\/post"}],"author":[{"embeddable":true,"href":"https:\/\/www.europesays.com\/fr\/wp-json\/wp\/v2\/users\/2"}],"replies":[{"embeddable":true,"href":"https:\/\/www.europesays.com\/fr\/wp-json\/wp\/v2\/comments?post=608083"}],"version-history":[{"count":0,"href":"https:\/\/www.europesays.com\/fr\/wp-json\/wp\/v2\/posts\/608083\/revisions"}],"wp:featuredmedia":[{"embeddable":true,"href":"https:\/\/www.europesays.com\/fr\/wp-json\/wp\/v2\/media\/608084"}],"wp:attachment":[{"href":"https:\/\/www.europesays.com\/fr\/wp-json\/wp\/v2\/media?parent=608083"}],"wp:term":[{"taxonomy":"category","embeddable":true,"href":"https:\/\/www.europesays.com\/fr\/wp-json\/wp\/v2\/categories?post=608083"},{"taxonomy":"post_tag","embeddable":true,"href":"https:\/\/www.europesays.com\/fr\/wp-json\/wp\/v2\/tags?post=608083"}],"curies":[{"name":"wp","href":"https:\/\/api.w.org\/{rel}","templated":true}]}}