{"id":608092,"date":"2025-12-18T19:42:12","date_gmt":"2025-12-18T19:42:12","guid":{"rendered":"https:\/\/www.europesays.com\/fr\/608092\/"},"modified":"2025-12-18T19:42:12","modified_gmt":"2025-12-18T19:42:12","slug":"pour-echapper-a-la-police-elle-tente-tout-quitte-a-jeter-la-drogue-par-la-fenetre","status":"publish","type":"post","link":"https:\/\/www.europesays.com\/fr\/608092\/","title":{"rendered":"pour \u00e9chapper \u00e0 la police, elle tente tout&#8230; quitte \u00e0 jeter la drogue par la fen\u00eatre"},"content":{"rendered":"<p>                    Par<br \/>\n        <strong><br \/>\n            <a href=\"https:\/\/actu.fr\/auteur\/anaelle-montagne\" title=\"Consulter tous les articles de Anaelle Montagne\" target=\"_blank\" rel=\"noopener\">Anaelle Montagne<\/a><br \/>\n                    <\/strong><\/p>\n<p>        Publi\u00e9 le<\/p>\n<p>            18 d\u00e9c. 2025 \u00e0 20h02        <\/p>\n<p>Lundi 15\u00a0d\u00e9cembre, <a href=\"https:\/\/actu.fr\/occitanie\/blagnac_31069\" target=\"_blank\" rel=\"noopener\">Blagnac<\/a>, milieu de matin\u00e9e. La truffe d\u2019un chien renifle m\u00e9thodiquement les parties communes d\u2019une r\u00e9sidence. <strong>L\u2019animal s\u2019arr\u00eate net devant une porte<\/strong>\u2009; les policiers de la brigade canine, confiants, p\u00e9n\u00e8trent dans l\u2019appartement.<\/p>\n<p>    <a href=\"https:\/\/www.google.com\/maps\/embed?pb=!1m18!1m12!1m3!1d46197.45493068742!2d1.3358273722838554!3d43.64107461740587!2m3!1f0!2f0!3f0!3m2!1i1024!2i768!4f13.1!3m3!1m2!1s0x12aea5317078e255%3A0xfeb61ad68d97a759!2s31700%20Blagnac!5e0!3m2!1sen!2sfr!4v1766072561454!5m2!1sen!2sfr\" title=\"Ouvrie le lien\" target=\"_blank\" rel=\"noopener\">Cliquez ici pour visualiser le contenu<\/a><\/p>\n<p>Elle agit dans l\u2019urgence<\/p>\n<p class=\" wall-content\">\u00c0 l\u2019int\u00e9rieur, l\u2019occupante des lieux est en panique. Elle a de quoi l\u2019\u00eatre\u2009: le chien a vis\u00e9 juste, <strong>il y a de la drogue chez elle<\/strong>.<\/p>\n<p class=\" wall-content\">Alors pour \u00e9chapper \u00e0 la police, la <strong>jeune femme de 25\u00a0ans<\/strong> tente le tout pour le tout.<\/p>\n<p>La porte ouverte \u00e0 toutes les fen\u00eatres<\/p>\n<p class=\" wall-content\">Elle tente de se d\u00e9barrasser des stup\u00e9fiants qu\u2019elle conservait chez elle en jetant les paquets par la fen\u00eatre, un \u00e0 un. Mais les policiers n\u2019en sont pas \u00e0 leur coup d\u2019essai et se sont \u00e9videmment <strong>positionn\u00e9s autour du b\u00e2timent<\/strong>. Ils n\u2019ont donc aucun mal \u00e0 retrouver le contenu dont s\u2019est d\u00e9lest\u00e9e la mise en cause.<\/p>\n<p>Une belle somme d\u2019argent<\/p>\n<p class=\" wall-content\">Pour les agents de police, <strong>c\u2019est le gros lot\u2009!<\/strong> Ils retrouvent 1,2 kg de cannabis (herbe et r\u00e9sine), 345 grammes d\u2019ecstasy, 85 grammes de k\u00e9tamine\u2026 et 5\u2009500 euros, en liquide.<\/p>\n<p>Vid\u00e9os : en ce moment sur Actu<\/p>\n<p class=\" wall-content\">Chez elle, ils mettent \u00e9galement la main sur du mat\u00e9riel de conditionnement d\u00e9di\u00e9 au <a href=\"https:\/\/actu.fr\/tag\/drogue\" target=\"_blank\" rel=\"noopener\">trafic de stup\u00e9fiants<\/a>, ainsi que deux pistolets d\u2019alarme \u2013 des r\u00e9pliques d\u2019armes \u00e0 feu, qui ne propulsent pas de balles.<\/p>\n<p>Votre r\u00e9gion, votre actu !<\/p>\n<p>Recevez chaque jour les infos qui comptent pour vous.<\/p>\n<p>\t<a href=\"https:\/\/actu.fr\/newsletter\" class=\"ac-btn ac-btn--corner ac-btn--medium ac-btn--blue800\" target=\"_blank\" rel=\"noopener\">S&rsquo;incrire<\/a><br \/>\n9\u00a0mois ferme<\/p>\n<p class=\" wall-content\">La jeune femme a \u00e9t\u00e9 interpell\u00e9e puis plac\u00e9e en garde \u00e0 vue. D\u00e9f\u00e9r\u00e9e devant un magistrat, elle est pass\u00e9e en <strong>comparution imm\u00e9diate<\/strong> au tribunal correctionnel de Toulouse, ce mercredi 17\u00a0d\u00e9cembre 2025.<\/p>\n<p class=\" wall-content\">La jeune femme <strong>a reconnu son r\u00f4le de nourrice<\/strong> lors de l\u2019audience. Elle agissait en \u00e9tat de r\u00e9cidive l\u00e9gale et a \u00e9t\u00e9 <strong>condamn\u00e9e \u00e0 15\u00a0mois d\u2019emprisonnement<\/strong> dont six mois avec sursis probatoire de deux ans.<\/p>\n<p class=\" wall-content\">Personnalisez votre actualit\u00e9 en ajoutant vos villes et m\u00e9dias en favori avec <a href=\"https:\/\/moncompte.actu.fr\" title=\"D\u00e9couvez Mon Actu\" rel=\"nofollow noopener\" data-trk=\"{&quot;cta&quot;:{&quot;action&quot;:&quot;https:\\\/\\\/moncompte.actu.fr&quot;,&quot;category&quot;:&quot;mon compte&quot;,&quot;from&quot;:&quot;article footer&quot;,&quot;name&quot;:&quot;Mon actu&quot;,&quot;type&quot;:&quot;cta&quot;}}\" target=\"_blank\">Mon Actu<\/a>.<\/p>\n","protected":false},"excerpt":{"rendered":"Par Anaelle Montagne Publi\u00e9 le 18 d\u00e9c. 2025 \u00e0 20h02 Lundi 15\u00a0d\u00e9cembre, Blagnac, milieu de matin\u00e9e. La truffe&hellip;\n","protected":false},"author":2,"featured_media":567912,"comment_status":"","ping_status":"","sticky":false,"template":"","format":"standard","meta":{"footnotes":""},"categories":[2816],"tags":[1111,11,1052,1777,674,118,1011,27,813,12,2680,1072,25,2312],"class_list":{"0":"post-608092","1":"post","2":"type-post","3":"status-publish","4":"format-standard","5":"has-post-thumbnail","7":"category-toulouse","8":"tag-actu","9":"tag-actualites","10":"tag-drogue","11":"tag-eu","12":"tag-europe","13":"tag-faits-divers","14":"tag-fr","15":"tag-france","16":"tag-narcotrafiquants","17":"tag-news","18":"tag-occitanie","19":"tag-police","20":"tag-republique-francaise","21":"tag-toulouse"},"share_on_mastodon":{"url":"https:\/\/pubeurope.com\/@fr\/115742280904145702","error":""},"_links":{"self":[{"href":"https:\/\/www.europesays.com\/fr\/wp-json\/wp\/v2\/posts\/608092","targetHints":{"allow":["GET"]}}],"collection":[{"href":"https:\/\/www.europesays.com\/fr\/wp-json\/wp\/v2\/posts"}],"about":[{"href":"https:\/\/www.europesays.com\/fr\/wp-json\/wp\/v2\/types\/post"}],"author":[{"embeddable":true,"href":"https:\/\/www.europesays.com\/fr\/wp-json\/wp\/v2\/users\/2"}],"replies":[{"embeddable":true,"href":"https:\/\/www.europesays.com\/fr\/wp-json\/wp\/v2\/comments?post=608092"}],"version-history":[{"count":0,"href":"https:\/\/www.europesays.com\/fr\/wp-json\/wp\/v2\/posts\/608092\/revisions"}],"wp:featuredmedia":[{"embeddable":true,"href":"https:\/\/www.europesays.com\/fr\/wp-json\/wp\/v2\/media\/567912"}],"wp:attachment":[{"href":"https:\/\/www.europesays.com\/fr\/wp-json\/wp\/v2\/media?parent=608092"}],"wp:term":[{"taxonomy":"category","embeddable":true,"href":"https:\/\/www.europesays.com\/fr\/wp-json\/wp\/v2\/categories?post=608092"},{"taxonomy":"post_tag","embeddable":true,"href":"https:\/\/www.europesays.com\/fr\/wp-json\/wp\/v2\/tags?post=608092"}],"curies":[{"name":"wp","href":"https:\/\/api.w.org\/{rel}","templated":true}]}}