{"id":608093,"date":"2025-12-18T19:43:35","date_gmt":"2025-12-18T19:43:35","guid":{"rendered":"https:\/\/www.europesays.com\/fr\/608093\/"},"modified":"2025-12-18T19:43:35","modified_gmt":"2025-12-18T19:43:35","slug":"idees-sorties-pour-les-vacances-de-noel-2025","status":"publish","type":"post","link":"https:\/\/www.europesays.com\/fr\/608093\/","title":{"rendered":"Id\u00e9es sorties pour les Vacances de No\u00ebl 2025"},"content":{"rendered":"<p class=\"has-text-align-center\"><strong>Zoom Sur Lille<\/strong> vous propose <strong>quelques id\u00e9es sorties<\/strong> pour ces <strong>vacances scolaires !!!<\/strong><\/p>\n<p class=\"has-text-align-center\">Grande Roue Royale<\/p>\n<p><a href=\"https:\/\/www.zoomsurlille.fr\/wp-content\/uploads\/2017\/11\/noel2017_01.jpg\" target=\"_blank\" rel=\"noreferrer noopener\"><img loading=\"lazy\" decoding=\"async\" width=\"1024\" height=\"678\" src=\"https:\/\/www.europesays.com\/fr\/wp-content\/uploads\/2025\/11\/noel2017_01-1024x678.jpg\" alt=\"\" class=\"wp-image-24897\" style=\"aspect-ratio:1.5103244837758112;object-fit:cover;width:500px\"  \/><\/a><\/p>\n<p style=\"text-align: justify;\"><strong>Jusqu\u2019au 18 janvier 2026,<\/strong> la <strong>Grande Roue Royale<\/strong> tr\u00f4ne fi\u00e8rement sur la <strong>Grand\u2019Place de Lille.<\/strong> A <strong>50 m\u00e8tres d\u2019altitude<\/strong>, ses <strong>36 nacelles<\/strong> offrent une<strong> vue incroyable sur la ville.<\/strong> A ses pieds, <strong>un immense d\u00e9cor<\/strong> investit toute la place pour recr\u00e9er <strong>un village sous la neige<\/strong>, avec <strong>ses<\/strong> <strong>maisonnettes<\/strong>, <strong>sa chapelle, ses lutins\u2026 <\/strong>et m\u00eame <strong>son immense Sapin de No\u00ebl<\/strong> !<\/p>\n<p><strong><img loading=\"lazy\" decoding=\"async\" width=\"9\" height=\"9\" class=\" size-full wp-image-45\" src=\"https:\/\/www.europesays.com\/fr\/wp-content\/uploads\/2025\/04\/arrow.png\" alt=\"\"\/> Grand\u2019Place<\/strong><br \/><strong><img loading=\"lazy\" decoding=\"async\" width=\"9\" height=\"9\" class=\" size-full wp-image-45\" src=\"https:\/\/www.europesays.com\/fr\/wp-content\/uploads\/2025\/04\/arrow.png\" alt=\"\"\/> Horaires : <\/strong>tous les jours de 10h \u00e0 minuit<br \/><strong><img loading=\"lazy\" decoding=\"async\" width=\"9\" height=\"9\" class=\" size-full wp-image-45\" src=\"https:\/\/www.europesays.com\/fr\/wp-content\/uploads\/2025\/04\/arrow.png\" alt=\"\"\/> Tarifs :<\/strong><br \/>&gt; plein : 7\u20ac<br \/>&gt; enfants en dessous d\u20191m40 : 5\u20ac<\/p>\n<p class=\"has-text-align-center\">Id\u00e9ale Chenille<\/p>\n<p><a href=\"https:\/\/www.zoomsurlille.fr\/wp-content\/uploads\/2017\/11\/noel2017_03.jpg\" target=\"_blank\" rel=\"noreferrer noopener\"><img decoding=\"async\" loading=\"lazy\" width=\"1024\" height=\"678\" src=\"https:\/\/www.europesays.com\/fr\/wp-content\/uploads\/2025\/11\/noel2017_03-1024x678.jpg\" alt=\"\" class=\"wp-image-24899\" style=\"aspect-ratio:1.5103244837758112;width:500px;height:auto\"  \/><\/a><\/p>\n<p style=\"text-align: justify;\"><strong>Jusqu\u2019au 18 janvier 2026, \u00ab L\u2019Id\u00e9ale Chenille 1922 \u00bb<\/strong> s\u2019installe sur la <strong>Place du Th\u00e9\u00e2tre<\/strong> pour le plaisir des <strong>petits<\/strong> et des<strong> grands<\/strong> qui <strong>s\u2019amuseront dans une ambiance joyeuse,<\/strong> le tout dans <strong>une d\u00e9coration in\u00e9dite<\/strong> m\u00ealant le <strong>charme des ann\u00e9es 1930<\/strong> \u00e0 une <strong>ambiance plus contemporaine.<\/strong><\/p>\n<p><strong><img loading=\"lazy\" decoding=\"async\" width=\"9\" height=\"9\" class=\" size-full wp-image-45\" src=\"https:\/\/www.europesays.com\/fr\/wp-content\/uploads\/2025\/04\/arrow.png\" alt=\"\"\/> Place du Th\u00e9\u00e2tre<\/strong><br \/><strong><img loading=\"lazy\" decoding=\"async\" width=\"9\" height=\"9\" class=\" size-full wp-image-45\" src=\"https:\/\/www.europesays.com\/fr\/wp-content\/uploads\/2025\/04\/arrow.png\" alt=\"\"\/> Horaires : <\/strong>tous les jours de 11h \u00e0 21h<br \/><strong><img loading=\"lazy\" decoding=\"async\" width=\"9\" height=\"9\" class=\" size-full wp-image-45\" src=\"https:\/\/www.europesays.com\/fr\/wp-content\/uploads\/2025\/04\/arrow.png\" alt=\"\"\/> Tarifs :<\/strong><br \/>&gt; plein : 5\u20ac<br \/>&gt; enfants de moins de 12 ans : 4\u20ac<\/p>\n<p class=\"has-text-align-center\">Man\u00e8ges pour enfants<\/p>\n<p><strong>Le Petit Carrousel<\/strong><br \/><strong><img decoding=\"async\" loading=\"lazy\" class=\"tie-appear\" src=\"https:\/\/www.europesays.com\/fr\/wp-content\/uploads\/2025\/04\/arrow.png\" alt=\"\" width=\"9\" height=\"9\"\/> Date : <\/strong>jusqu\u2019au 04 janvier 2026<br \/><strong><img decoding=\"async\" loading=\"lazy\" class=\"tie-appear\" src=\"https:\/\/www.europesays.com\/fr\/wp-content\/uploads\/2025\/04\/arrow.png\" alt=\"\" width=\"9\" height=\"9\"\/> Lieu :<\/strong> place de B\u00e9thune<br \/><strong>Surmont\u00e9 d\u2019un \u00e9norme sapin de No\u00ebl,<\/strong> la <strong>carrousel<\/strong> accueille les <strong>cavaliers en herbe.<\/strong><\/p>\n<p><strong>Les Rennes de No\u00ebl<\/strong><br \/><strong><img decoding=\"async\" loading=\"lazy\" class=\"tie-appear\" src=\"https:\/\/www.europesays.com\/fr\/wp-content\/uploads\/2025\/04\/arrow.png\" alt=\"\" width=\"9\" height=\"9\"\/> Dates :<\/strong> jusqu\u2019au 04 janvier 2026<br \/><strong><img decoding=\"async\" loading=\"lazy\" class=\"tie-appear\" src=\"https:\/\/www.europesays.com\/fr\/wp-content\/uploads\/2025\/04\/arrow.png\" alt=\"\" width=\"9\" height=\"9\"\/> Lieu :<\/strong> place Richeb\u00e9<br \/>\u00ab Envolez-vous avec des rennes comme le P\u00e8re No\u00ebl volant dans le ciel\u00bb, ce man\u00e8ge vous <strong>garanti <\/strong>d\u2019\u00eatre dans <strong>l\u2019esprit de No\u00ebl !<\/strong><\/p>\n<p><strong>Le P\u2019tit Quinquin <\/strong><br \/><strong><img decoding=\"async\" loading=\"lazy\" width=\"9\" height=\"9\" class=\"tie-appear\" src=\"https:\/\/www.europesays.com\/fr\/wp-content\/uploads\/2025\/04\/arrow.png\" alt=\"\"\/> Dates : <\/strong>toute l\u2019ann\u00e9e<br \/><strong><img decoding=\"async\" loading=\"lazy\" width=\"9\" height=\"9\" class=\"tie-appear\" src=\"https:\/\/www.europesays.com\/fr\/wp-content\/uploads\/2025\/04\/arrow.png\" alt=\"\"\/> Lieu :<\/strong> place Rihour \u2013 dans l\u2019enceinte du <a href=\"https:\/\/www.zoomsurlille.fr\/actualites\/du-19-novembre-au-30-decembre-2025-le-village-de-noel-de-lille-est-de-retour\" target=\"_blank\" rel=\"noreferrer noopener\">Village du No\u00ebl de Lille<\/a><br \/><strong>Offrez un tour \u00e0 vos enfants<\/strong> dans <strong>l\u2019authentique man\u00e8ge \u00ab Le P\u2019tit Quinquin \u00bb<\/strong>.<\/p>\n<p class=\"has-text-align-center\">Beffroi de l\u2019H\u00f4tel de Ville de Lille<\/p>\n<p><a href=\"https:\/\/www.europesays.com\/fr\/wp-content\/uploads\/2025\/07\/monument_2020_beffroi_mairie_02.jpg\" target=\"_blank\" rel=\"noreferrer noopener\"><img decoding=\"async\" loading=\"lazy\" width=\"720\" height=\"960\" src=\"https:\/\/www.europesays.com\/fr\/wp-content\/uploads\/2025\/07\/monument_2020_beffroi_mairie_02.jpg\" alt=\"\" class=\"wp-image-48958\" style=\"aspect-ratio:0.75;object-fit:cover;width:300px\"  \/><\/a><\/p>\n<p><strong>Inscrit au Patrimoine Mondial<\/strong> de<strong> l\u2019UNESCO,<\/strong> le <strong>Beffroi de l\u2019H\u00f4tel de Ville<\/strong> domine <strong>Lille<\/strong> du <strong>haut de ses 104 m\u00e8tres !<\/strong><\/p>\n<p style=\"text-align: justify;\">Une fois les <strong>100 premi\u00e8res marches gravies,<\/strong> <strong>montez en<\/strong> <strong>ascenseur<\/strong> (ou \u00e0 pied pour les plus courageux) <strong>jusqu\u2019au sommet du beffroi\u2026 <\/strong>et <strong>d\u00e9couvrez en un tour \u00e0 360\u00b0 Lille<\/strong> et <strong>ses environs,<\/strong> la<strong> vall\u00e9e de la Lys <\/strong>et m\u00eame les <strong>Monts des Flandres par temps clair.<\/strong><\/p>\n<p style=\"text-align: justify;\">Le <strong>belv\u00e9d\u00e8re r\u00e9am\u00e9nag\u00e9 <\/strong>vous donnera <strong>toutes les cl\u00e9s de lecture<\/strong> pour <strong>comprendre le d\u00e9veloppement de la ville, <\/strong>de<strong> ses origines<\/strong> aux<strong> m\u00e9tamorphoses urbaines contemporaines.<\/strong><\/p>\n<p><strong><img decoding=\"async\" loading=\"lazy\" class=\" size-full wp-image-45\" src=\"https:\/\/www.europesays.com\/fr\/wp-content\/uploads\/2025\/04\/arrow.png\" alt=\"\" width=\"9\" height=\"9\"\/> Beffroi de l\u2019H\u00f4tel de Ville de Lille<\/strong><br \/>Place Simon Vollant<br \/><strong><img decoding=\"async\" loading=\"lazy\" class=\"size-full wp-image-45 lazyloaded tie-appear\" src=\"https:\/\/www.europesays.com\/fr\/wp-content\/uploads\/2025\/11\/1762509193_441_arrow.png\" alt=\"\" width=\"9\" height=\"9\" data-lazy-src=\"https:\/\/www.europesays.com\/fr\/wp-content\/uploads\/2025\/11\/1762509193_441_arrow.png\"\/><\/strong> <strong>Jours et horaires d\u2019ouvertures :<\/strong><br \/>\u2013 mercredi au dimanche \u00e0 10h \u00e0 13h et de 14h \u00e0 17h30,<br \/>\u2013 ferm\u00e9 le 25 d\u00e9cembre 2025 &amp; le 01 janvier 2026<br \/><strong><img decoding=\"async\" loading=\"lazy\" class=\"size-full wp-image-45 lazyloaded tie-appear\" src=\"https:\/\/www.europesays.com\/fr\/wp-content\/uploads\/2025\/11\/1762509193_441_arrow.png\" alt=\"\" width=\"9\" height=\"9\" data-lazy-src=\"https:\/\/www.europesays.com\/fr\/wp-content\/uploads\/2025\/11\/1762509193_441_arrow.png\"\/><\/strong> <strong>Sur r\u00e9servation <\/strong>: de 10h \u00e0 11h \/ Sans r\u00e9servation \u2013 en fonction des places disponibles : 11h \u00e0 13h &amp; 14h \u00e0 17h30\u00a0 <br \/><strong><img decoding=\"async\" loading=\"lazy\" class=\"size-full wp-image-45 lazyloaded tie-appear\" src=\"https:\/\/www.europesays.com\/fr\/wp-content\/uploads\/2025\/11\/1762509193_441_arrow.png\" alt=\"\" width=\"9\" height=\"9\" data-lazy-src=\"https:\/\/www.europesays.com\/fr\/wp-content\/uploads\/2025\/11\/1762509193_441_arrow.png\"\/><\/strong> <a href=\"https:\/\/www.lilletourism.com\/\" target=\"_blank\" rel=\"noopener\">Site internet de l\u2019Office de Tourisme de Lille<\/a><\/p>\n<p class=\"has-text-align-center\">Ambiance de No\u00ebl \u00e0 la Maison Natale Charles de Gaulle<\/p>\n<p><a href=\"https:\/\/www.zoomsurlille.fr\/wp-content\/uploads\/2022\/09\/jep_2022_maison_natale_de_gaulle.jpg\" target=\"_blank\" rel=\"noopener\"><img decoding=\"async\" loading=\"lazy\" width=\"1024\" height=\"683\" src=\"https:\/\/www.europesays.com\/fr\/wp-content\/uploads\/2025\/04\/jep_2022_maison_natale_de_gaulle-1024x683.jpg\" alt=\"\" class=\"wp-image-65859\" style=\"aspect-ratio:1.499267935578331;object-fit:cover;width:500px\"  \/><\/a><\/p>\n<p style=\"text-align: justify;\">A la <strong>Belle \u00c9poque,<\/strong> pour <strong>No\u00ebl,<\/strong> la <strong>maison<\/strong> <strong>fourmillait d\u2019enfants.<\/strong> <strong>Charles,<\/strong> ses <strong>fr\u00e8res<\/strong> et <strong>s\u0153urs,<\/strong> ses <strong>cousins<\/strong> et <strong>cousines<\/strong> <strong>se retrouvaient<\/strong> chez leur <strong>Bonne-maman<\/strong> pour <strong>partager ces festivit\u00e9s.<\/strong><\/p>\n<p style=\"text-align: justify;\">Cette ann\u00e9e, l\u2019espace de quelques semaines, la <strong>maison<\/strong> se met <strong>aux couleurs de No\u00ebl<\/strong> et <strong>retrouve une d\u00e9coration d\u2019antan,<\/strong> une<strong> atmosph\u00e8re de f\u00eates !<\/strong><\/p>\n<p style=\"text-align: justify;\"><strong>Visites Guid\u00e9es de la Maison Natale De Gaulle<\/strong><br \/>\u00c0 la Belle \u00c9poque, pour la Saint Nicolas et No\u00ebl, la maison fourmillait d\u2019enfants. Charles, ses fr\u00e8res et s\u0153urs, ses cousins et cousines se retrouvaient chez leur Bonne- Maman pour partager ces festivit\u00e9s.<\/p>\n<p style=\"text-align: justify;\">Depuis le 03 d\u00e9cembre, la Maison natale rev\u00eat ses habits de f\u00eate pour vous faire vivre l\u2019ambiance d\u2019un No\u00ebl au 19\u00e8me si\u00e8cle. L\u2019antiquaire Lillois <strong>Johan Hennart<\/strong>, connu notamment comme acheteur dans l\u2019\u00e9mission TV \u00ab Affaire conclue \u00bb, a d\u00e9cor\u00e9 la maison aux couleurs de No\u00ebl.<\/p>\n<p style=\"text-align: justify;\">Les d\u00e9corations d\u2019antan, les jouets d\u2019\u00e9poque, le traditionnel sapin et la table de f\u00eate dress\u00e9e par ce passionn\u00e9 d\u2019objets d\u2019arts conf\u00e9reront \u00e0 la Maison natale l\u2019atmosph\u00e8re festive et chaleureuse de cette p\u00e9riode de l\u2019ann\u00e9e tant attendu des petits et des grands enfants.<\/p>\n<p style=\"text-align: justify;\">Une occasion suppl\u00e9mentaire de (re)d\u00e9couvrir la maison natale du petit Charles !<\/p>\n<p><strong><img loading=\"lazy\" decoding=\"async\" width=\"9\" height=\"9\" class=\" size-full wp-image-45\" src=\"https:\/\/www.europesays.com\/fr\/wp-content\/uploads\/2025\/04\/arrow.png\" alt=\"\"\/> Maison Natale Charles de Gaulle<\/strong><br \/>9, rue Princesse<br \/><strong><img decoding=\"async\" loading=\"lazy\" data-lazy-src=\"https:\/\/www.europesays.com\/fr\/wp-content\/uploads\/2025\/11\/1762509193_441_arrow.png\" width=\"9\" height=\"9\" class=\"size-full wp-image-45 lazyloaded tie-appear\" src=\"https:\/\/www.europesays.com\/fr\/wp-content\/uploads\/2025\/11\/1762509193_441_arrow.png\" alt=\"\"\/><\/strong> <strong>Jours et horaires d\u2019ouvertures :<\/strong><br \/>\u2013 tous les jours sauf le mardi de 10h \u00e0 18h,<br \/>\u2013 ferm\u00e9 le jeudi 25 d\u00e9cembre 2025 &amp; le jeudi 01 janvier 2026<strong><img decoding=\"async\" loading=\"lazy\" data-lazy-src=\"https:\/\/www.europesays.com\/fr\/wp-content\/uploads\/2025\/11\/1762509193_441_arrow.png\" width=\"9\" height=\"9\" class=\"size-full wp-image-45 lazyloaded tie-appear\" src=\"https:\/\/www.europesays.com\/fr\/wp-content\/uploads\/2025\/11\/1762509193_441_arrow.png\" alt=\"\"\/><\/strong> <strong>Jours et horaires d\u2019ouvertures :<\/strong><br \/><strong><img decoding=\"async\" loading=\"lazy\" data-lazy-src=\"https:\/\/www.europesays.com\/fr\/wp-content\/uploads\/2025\/11\/1762509193_441_arrow.png\" width=\"9\" height=\"9\" class=\"size-full wp-image-45 lazyloaded tie-appear\" src=\"https:\/\/www.europesays.com\/fr\/wp-content\/uploads\/2025\/11\/1762509193_441_arrow.png\" alt=\"\"\/><\/strong> <strong>Tarifs : <\/strong>8\u20ac \/ 6\u20ac<br \/><strong><img decoding=\"async\" loading=\"lazy\" data-lazy-src=\"https:\/\/www.europesays.com\/fr\/wp-content\/uploads\/2025\/11\/1762509193_441_arrow.png\" width=\"9\" height=\"9\" class=\"size-full wp-image-45 lazyloaded tie-appear\" src=\"https:\/\/www.europesays.com\/fr\/wp-content\/uploads\/2025\/11\/1762509193_441_arrow.png\" alt=\"\"\/><\/strong> <a href=\"https:\/\/maisondegaulle.fr\/\" target=\"_blank\" rel=\"noreferrer noopener\">Site internet de la Maison Natale Charles de Gaulle<\/a><\/p>\n<p class=\"has-text-align-center\">Palais des Beaux Arts de Lille<\/p>\n<p><a href=\"https:\/\/www.zoomsurlille.fr\/wp-content\/uploads\/2020\/11\/monument_2020_pba_01.jpg\" target=\"_blank\" rel=\"noopener\"><img decoding=\"async\" loading=\"lazy\" width=\"1024\" height=\"683\" src=\"https:\/\/www.europesays.com\/fr\/wp-content\/uploads\/2025\/10\/monument_2020_pba_01-1024x683.jpg\" alt=\"\" class=\"wp-image-48814\" style=\"aspect-ratio:1.499267935578331;width:500px\"  \/><\/a><\/p>\n<p style=\"text-align: justify;\"><strong>Durant les vacances de No\u00ebl,<\/strong> le <strong>Palais des Beaux-Arts de Lille<\/strong> vous propose de <strong>combler vos besoins de curiosit\u00e9,<\/strong> de<strong> beaut\u00e9<\/strong> et <strong>cr\u00e9ativit\u00e9 gr\u00e2ce<\/strong> \u00e0 un programme pour <strong>regarder,<\/strong> <strong>s\u2019\u00e9chapper, explorer<\/strong> et <strong>dessiner !<\/strong><\/p>\n<p style=\"text-align: justify;\"><strong>Visite sp\u00e9ciale famille \u00ab\u00a0Une petite histoire de g\u00e9ants\u00a0\u00bb \u2013 6 \u00e0 10 ans \u2013 1h<\/strong><br \/>Une visite ludique et interactive pour partir \u00e0 la d\u00e9couverte de l\u2019incroyable histoire des g\u00e9ants du Nord !<br \/><strong><img decoding=\"async\" loading=\"lazy\" class=\" size-full wp-image-45 lazyloaded\" src=\"https:\/\/www.europesays.com\/fr\/wp-content\/uploads\/2025\/11\/arrow.png\" alt=\"\" width=\"9\" height=\"9\" data-lazy-src=\"https:\/\/www.europesays.com\/fr\/wp-content\/uploads\/2025\/11\/arrow.png\"\/> Jours :<\/strong> 20, 21, 27, 28 d\u00e9cembre 2025 \/ 03 &amp; 04 janvier 2026 \u00e0 11h15<br \/><strong><img decoding=\"async\" loading=\"lazy\" class=\" size-full wp-image-45 lazyloaded\" src=\"https:\/\/www.europesays.com\/fr\/wp-content\/uploads\/2025\/11\/arrow.png\" alt=\"\" width=\"9\" height=\"9\" data-lazy-src=\"https:\/\/www.europesays.com\/fr\/wp-content\/uploads\/2025\/11\/arrow.png\"\/> Tarifs :<\/strong> 7\u20ac \/ 4\u20ac (droit d\u2019entr\u00e9e) \/ gratuit pour les moins de 12 ans<br \/><strong><img decoding=\"async\" loading=\"lazy\" class=\" size-full wp-image-45 lazyloaded\" src=\"https:\/\/www.europesays.com\/fr\/wp-content\/uploads\/2025\/11\/arrow.png\" alt=\"\" width=\"9\" height=\"9\" data-lazy-src=\"https:\/\/www.europesays.com\/fr\/wp-content\/uploads\/2025\/11\/arrow.png\"\/> R\u00e9servation &gt;&gt;&gt;<\/strong> <a href=\"https:\/\/my.weezevent.com\/visite-guidee-geants\" target=\"_blank\" rel=\"noopener\">cliquez-ici !!!<\/a><\/p>\n<p style=\"text-align: justify;\"><strong>Atelier Famille \u2013 A partir de 6 ans \u2013 1h30<\/strong><br \/>Apr\u00e8s 30 minutes de visite dans l\u2019exposition \u00ab Petite histoire de g\u00e9ants \u00bb ou dans le parcours permanent, place \u00e0 1 heure d\u2019initiation \u00e0 diff\u00e9rentes techniques artistiques (acrylique, gouache, craie, encre, aquarelle, collage\u2026). Une mani\u00e8re ludique et active de d\u00e9couvrir les collections.<br \/><strong><img decoding=\"async\" loading=\"lazy\" class=\" size-full wp-image-45 lazyloaded\" src=\"https:\/\/www.europesays.com\/fr\/wp-content\/uploads\/2025\/11\/arrow.png\" alt=\"\" width=\"9\" height=\"9\" data-lazy-src=\"https:\/\/www.europesays.com\/fr\/wp-content\/uploads\/2025\/11\/arrow.png\"\/> Jours :<\/strong> 20, 21, 27, 28 d\u00e9cembre 2025 \/ 03 &amp; 04 janvier 2026 \u00e0 14h30<br \/><strong><img decoding=\"async\" loading=\"lazy\" class=\" size-full wp-image-45 lazyloaded\" src=\"https:\/\/www.europesays.com\/fr\/wp-content\/uploads\/2025\/11\/arrow.png\" alt=\"\" width=\"9\" height=\"9\" data-lazy-src=\"https:\/\/www.europesays.com\/fr\/wp-content\/uploads\/2025\/11\/arrow.png\"\/> Tarifs :<\/strong>\u00a07\u20ac \/ 4\u20ac (droit d\u2019entr\u00e9e) \/ gratuit pour les moins de 12 ans<br \/><strong><img decoding=\"async\" loading=\"lazy\" class=\" size-full wp-image-45 lazyloaded\" src=\"https:\/\/www.europesays.com\/fr\/wp-content\/uploads\/2025\/11\/arrow.png\" alt=\"\" width=\"9\" height=\"9\" data-lazy-src=\"https:\/\/www.europesays.com\/fr\/wp-content\/uploads\/2025\/11\/arrow.png\"\/> R\u00e9servation &gt;&gt;&gt;<\/strong> <a href=\"https:\/\/my.weezevent.com\/dimanche-en-famille\" target=\"_blank\" rel=\"noopener\">cliquez-ici !!!<\/a><\/p>\n<p><strong>Les exp\u00e9riences du lundi \u00e0 15h \u2013 1h<\/strong><br \/>Une invitation \u00e0 d\u00e9couvrir l\u2019exposition temporaire ou les collections autrement en \u00e9tant tour \u00e0 tour acteur ou explorateur de sa d\u00e9couverte.<br \/><strong><img decoding=\"async\" loading=\"lazy\" width=\"9\" height=\"9\" data-lazy-src=\"https:\/\/www.europesays.com\/fr\/wp-content\/uploads\/2025\/11\/arrow.png\" class=\" size-full wp-image-45 lazyloaded\" src=\"https:\/\/www.europesays.com\/fr\/wp-content\/uploads\/2025\/11\/arrow.png\" alt=\"\"\/> Jours :<\/strong> 22 &amp; 29 d\u00e9cembre 2025<br \/><strong><img decoding=\"async\" loading=\"lazy\" width=\"9\" height=\"9\" data-lazy-src=\"https:\/\/www.europesays.com\/fr\/wp-content\/uploads\/2025\/11\/arrow.png\" class=\" size-full wp-image-45 lazyloaded\" src=\"https:\/\/www.europesays.com\/fr\/wp-content\/uploads\/2025\/11\/arrow.png\" alt=\"\"\/> Tarifs :<\/strong> 8\u20ac \/ 4\u20ac<br \/><strong><img decoding=\"async\" loading=\"lazy\" width=\"9\" height=\"9\" data-lazy-src=\"https:\/\/www.europesays.com\/fr\/wp-content\/uploads\/2025\/11\/arrow.png\" class=\" size-full wp-image-45 lazyloaded\" src=\"https:\/\/www.europesays.com\/fr\/wp-content\/uploads\/2025\/11\/arrow.png\" alt=\"\"\/> R\u00e9servation &gt;&gt;&gt; <\/strong><a href=\"https:\/\/my.weezevent.com\/les-experiences-du-lundi\" target=\"_blank\" rel=\"noreferrer noopener\">cliquez-ici !!!<\/a><\/p>\n<p style=\"text-align: justify;\"><strong>Visite Presto \u00e0 12h30 \u2013 30 minutes<\/strong><br \/>Un t\u00eate \u00e0 t\u00eate avec une \u0153uvre diff\u00e9rente chaque semaine.<br \/><strong><img decoding=\"async\" loading=\"lazy\" class=\" size-full wp-image-45 lazyloaded\" src=\"https:\/\/www.europesays.com\/fr\/wp-content\/uploads\/2025\/11\/arrow.png\" alt=\"\" width=\"9\" height=\"9\" data-lazy-src=\"https:\/\/www.europesays.com\/fr\/wp-content\/uploads\/2025\/11\/arrow.png\"\/> Jours :<\/strong> mercredis 24 &amp; 31 d\u00e9cembre 2025<br \/><strong><img decoding=\"async\" loading=\"lazy\" class=\" size-full wp-image-45 lazyloaded\" src=\"https:\/\/www.europesays.com\/fr\/wp-content\/uploads\/2025\/11\/arrow.png\" alt=\"\" width=\"9\" height=\"9\" data-lazy-src=\"https:\/\/www.europesays.com\/fr\/wp-content\/uploads\/2025\/11\/arrow.png\"\/> Tarifs :<\/strong> 5\u20ac \/ 1\u20ac<br \/><strong><img decoding=\"async\" loading=\"lazy\" class=\" size-full wp-image-45 lazyloaded\" src=\"https:\/\/www.europesays.com\/fr\/wp-content\/uploads\/2025\/11\/arrow.png\" alt=\"\" width=\"9\" height=\"9\" data-lazy-src=\"https:\/\/www.europesays.com\/fr\/wp-content\/uploads\/2025\/11\/arrow.png\"\/> Inscription &gt;&gt;&gt; <\/strong><a href=\"https:\/\/my.weezevent.com\/visite-presto\" target=\"_blank\" rel=\"noopener\">cliquez ici !!!<\/a><\/p>\n<p><strong>Le Mus\u00e9e Amusant de No\u00ebl \u2013 A partir de 6 ans \u2013 2h30<\/strong><br \/>Une apr\u00e8s-midi pleine de surprises pour cr\u00e9er, r\u00eaver et s\u2019\u00e9merveiller.<br \/><strong><img decoding=\"async\" loading=\"lazy\" class=\" size-full wp-image-45 lazyloaded\" src=\"https:\/\/www.europesays.com\/fr\/wp-content\/uploads\/2025\/11\/arrow.png\" alt=\"\" width=\"9\" height=\"9\" data-lazy-src=\"https:\/\/www.europesays.com\/fr\/wp-content\/uploads\/2025\/11\/arrow.png\"\/> Jour :<\/strong> vendredi 02 janvier 2026 \u00e0 14h30<br \/><strong><img decoding=\"async\" loading=\"lazy\" class=\" size-full wp-image-45 lazyloaded\" src=\"https:\/\/www.europesays.com\/fr\/wp-content\/uploads\/2025\/11\/arrow.png\" alt=\"\" width=\"9\" height=\"9\" data-lazy-src=\"https:\/\/www.europesays.com\/fr\/wp-content\/uploads\/2025\/11\/arrow.png\"\/> Tarifs :<\/strong> 5 \u20ac pour les moins de 12 ans \/ gratuit pour les adultes accompagnants<\/p>\n<p style=\"text-align: justify;\"><strong>Visite d\u00e9couverte des chefs-d\u2019\u0153uvre du mus\u00e9e \u2013 1h<\/strong><br \/>Une visite guid\u00e9e du Palais des Beaux-Arts id\u00e9al pour une premi\u00e8re d\u00e9couverte du mus\u00e9e et de ses collections.<br \/><strong><img decoding=\"async\" loading=\"lazy\" class=\" size-full wp-image-45 lazyloaded\" src=\"https:\/\/www.europesays.com\/fr\/wp-content\/uploads\/2025\/11\/arrow.png\" alt=\"\" width=\"9\" height=\"9\" data-lazy-src=\"https:\/\/www.europesays.com\/fr\/wp-content\/uploads\/2025\/11\/arrow.png\"\/> Jour :<\/strong> dimanche 04 janvier 2026 \u00e0 15h30<br \/><strong><img decoding=\"async\" loading=\"lazy\" class=\" size-full wp-image-45 lazyloaded\" src=\"https:\/\/www.europesays.com\/fr\/wp-content\/uploads\/2025\/11\/arrow.png\" alt=\"\" width=\"9\" height=\"9\" data-lazy-src=\"https:\/\/www.europesays.com\/fr\/wp-content\/uploads\/2025\/11\/arrow.png\"\/> Tarifs :<\/strong> 7\u20ac \/ 4\u20ac<\/p>\n<p class=\"has-text-align-left\"><strong><img loading=\"lazy\" decoding=\"async\" width=\"9\" height=\"9\" class=\" size-full wp-image-45\" src=\"https:\/\/www.europesays.com\/fr\/wp-content\/uploads\/2025\/04\/arrow.png\" alt=\"\"\/> Palais des Beaux-Arts de Lille<\/strong><br \/>Place de la R\u00e9publique<br \/><strong><img decoding=\"async\" loading=\"lazy\" data-lazy-src=\"https:\/\/www.europesays.com\/fr\/wp-content\/uploads\/2025\/11\/1762509193_441_arrow.png\" width=\"9\" height=\"9\" class=\"size-full wp-image-45 lazyloaded tie-appear\" src=\"https:\/\/www.europesays.com\/fr\/wp-content\/uploads\/2025\/11\/1762509193_441_arrow.png\" alt=\"\"\/><\/strong> <strong>Jours et horaires d\u2019ouvertures :<\/strong><br \/>\u2013 lundi de 14h \u00e0 18h,<br \/>\u2013 mercredi au dimanche de 10h \u00e0 18h,<br \/>\u2013 ferm\u00e9 le jeudi 25 d\u00e9cembre 2025 &amp; le jeudi 01 janvier 2026<br \/><strong><img decoding=\"async\" loading=\"lazy\" data-lazy-src=\"https:\/\/www.europesays.com\/fr\/wp-content\/uploads\/2025\/11\/1762509193_441_arrow.png\" width=\"9\" height=\"9\" class=\"size-full wp-image-45 lazyloaded tie-appear\" src=\"https:\/\/www.europesays.com\/fr\/wp-content\/uploads\/2025\/11\/1762509193_441_arrow.png\" alt=\"\"\/><\/strong> <a href=\"http:\/\/www.pba-lille.fr\/\" target=\"_blank\" rel=\"noopener noreferrer\">Site internet du Palais des Beaux-Arts de Lille<\/a><\/p>\n<p class=\"has-text-align-center\">Mus\u00e9e d\u2019Histoire Naturelle de Lille<\/p>\n<p><a href=\"https:\/\/www.zoomsurlille.fr\/wp-content\/uploads\/2018\/10\/musee_histoire_naturelle2018.jpg\" target=\"_blank\" rel=\"noopener noreferrer\"><img decoding=\"async\" loading=\"lazy\" width=\"265\" height=\"400\" src=\"https:\/\/www.europesays.com\/fr\/wp-content\/uploads\/2025\/12\/musee_histoire_naturelle2018-265x400.jpg\" alt=\"\" class=\"wp-image-30386\" title=\"Copyright : Zoom Sur Lille \/ Mus\u00e9e d'Histoire Naturelle de Lille\"  \/><\/a><\/p>\n<p style=\"text-align: justify;\">Pendant les <strong>vacances de fin d\u2019ann\u00e9e,<\/strong> le <strong>Mus\u00e9e d\u2019Histoire Naturelle de Lille<\/strong> pose ses valises dans les <strong>M\u00e9diath\u00e8ques de Lille<\/strong> et de<strong> Lomme<\/strong> et\u00a0<strong>poursuit ses activit\u00e9s<\/strong> en proposant une <strong>programmation d\u2019ateliers<\/strong> <strong>totalement gratuite<\/strong> dans tout <strong>Lille !<\/strong><\/p>\n<p style=\"text-align: justify;\"><strong>M\u00e9diath\u00e8que du Vieux- Lille \u2013 Atelier duo adulte \/ enfant de 2 \u00e0 4 ans<\/strong><br \/><strong>Atelier \u00ab\u00a0Mon nez, sa truffe\u00a0\u00bb<\/strong><br \/>En approchant certains sp\u00e9cimens du mus\u00e9e et en les comparant \u00e0 leur propre anatomie, les enfants d\u00e9couvrent et apprennent \u00e0 nommer les diff\u00e9rentes parties du corps des animaux \u00e0 l\u2019aide du m\u00e9diateur.<br \/><strong><img decoding=\"async\" loading=\"lazy\" class=\" size-full wp-image-45 lazyloaded\" src=\"https:\/\/www.europesays.com\/fr\/wp-content\/uploads\/2025\/11\/arrow.png\" alt=\"\" width=\"9\" height=\"9\" data-lazy-src=\"https:\/\/www.europesays.com\/fr\/wp-content\/uploads\/2025\/11\/arrow.png\"\/> Jour : <\/strong>vendredi 26 d\u00e9cembre 2025 de 15h \u00e0 16h<br \/><strong><img decoding=\"async\" loading=\"lazy\" class=\" size-full wp-image-45 lazyloaded\" src=\"https:\/\/www.europesays.com\/fr\/wp-content\/uploads\/2025\/11\/arrow.png\" alt=\"\" width=\"9\" height=\"9\" data-lazy-src=\"https:\/\/www.europesays.com\/fr\/wp-content\/uploads\/2025\/11\/arrow.png\"\/> Tarif :<\/strong> Gratuit, sur r\u00e9servation<br \/><strong><img decoding=\"async\" loading=\"lazy\" class=\" size-full wp-image-45 lazyloaded\" src=\"https:\/\/www.europesays.com\/fr\/wp-content\/uploads\/2025\/11\/arrow.png\" alt=\"\" width=\"9\" height=\"9\" data-lazy-src=\"https:\/\/www.europesays.com\/fr\/wp-content\/uploads\/2025\/11\/arrow.png\"\/> Inscription &gt;&gt;&gt; <\/strong>03 20 55 75 90<\/p>\n<p style=\"text-align: justify;\"><strong>M\u00e9diath\u00e8que Jean-L\u00e9vy \u2013 Atelier duo adulte \/ enfant de 7 \u00e0 12 ans<\/strong><br \/><strong>Apr\u00e8s quelques exp\u00e9riences, fabrique un \u00e9quilibriste qui d\u00e9fie la gravitation ! <\/strong><br \/>D\u00e9couvre le ph\u00e9nom\u00e8ne de gravitation, son origine et ses cons\u00e9quences au quotidien \u00e0 travers un atelier scientifique concoct\u00e9 par le Mus\u00e9e d\u2019histoire naturelle\u202f! Apr\u00e8s quelques exp\u00e9riences, fabrique un \u00e9quilibriste qui d\u00e9fie la gravitation\u202f!<br \/><strong><img decoding=\"async\" loading=\"lazy\" class=\" size-full wp-image-45 lazyloaded\" src=\"https:\/\/www.europesays.com\/fr\/wp-content\/uploads\/2025\/11\/arrow.png\" alt=\"\" width=\"9\" height=\"9\" data-lazy-src=\"https:\/\/www.europesays.com\/fr\/wp-content\/uploads\/2025\/11\/arrow.png\"\/> Jour : <\/strong>mardi 30 d\u00e9cembre 2025 de 15h \u00e0 16h30<br \/><strong><img decoding=\"async\" loading=\"lazy\" class=\" size-full wp-image-45 lazyloaded\" src=\"https:\/\/www.europesays.com\/fr\/wp-content\/uploads\/2025\/11\/arrow.png\" alt=\"\" width=\"9\" height=\"9\" data-lazy-src=\"https:\/\/www.europesays.com\/fr\/wp-content\/uploads\/2025\/11\/arrow.png\"\/> Tarif :<\/strong> Gratuit, sur r\u00e9servation<br \/><strong><img decoding=\"async\" loading=\"lazy\" class=\" size-full wp-image-45 lazyloaded\" src=\"https:\/\/www.europesays.com\/fr\/wp-content\/uploads\/2025\/11\/arrow.png\" alt=\"\" width=\"9\" height=\"9\" data-lazy-src=\"https:\/\/www.europesays.com\/fr\/wp-content\/uploads\/2025\/11\/arrow.png\"\/> Inscription &gt;&gt;&gt; <\/strong>03 20 15 97 20<\/p>\n<p style=\"text-align: justify;\"><strong>M\u00e9diath\u00e8que des Bois-Blancs \u2013 Atelier duo adulte \/ enfant de 7 \u00e0 12 ans<\/strong><br \/><strong>Exp\u00e9rimente comme un petit chimiste et r\u00e9alise tes propres cristaux ! <\/strong><br \/>Les cristaux se forment en fonction des conditions de leur environnement. Apr\u00e8s les avoir observ\u00e9s et manipul\u00e9s, exp\u00e9rimente comme un.e petit.e chimiste et r\u00e9alise tes propres cristaux !<br \/><strong><img decoding=\"async\" loading=\"lazy\" class=\" size-full wp-image-45 lazyloaded\" src=\"https:\/\/www.europesays.com\/fr\/wp-content\/uploads\/2025\/11\/arrow.png\" alt=\"\" width=\"9\" height=\"9\" data-lazy-src=\"https:\/\/www.europesays.com\/fr\/wp-content\/uploads\/2025\/11\/arrow.png\"\/> Jour : <\/strong>vendredi 02 janvier 2026 de 15h \u00e0 16h30<br \/><strong><img decoding=\"async\" loading=\"lazy\" class=\" size-full wp-image-45 lazyloaded\" src=\"https:\/\/www.europesays.com\/fr\/wp-content\/uploads\/2025\/11\/arrow.png\" alt=\"\" width=\"9\" height=\"9\" data-lazy-src=\"https:\/\/www.europesays.com\/fr\/wp-content\/uploads\/2025\/11\/arrow.png\"\/> Tarif :<\/strong> Gratuit, sur r\u00e9servation<br \/><strong><img decoding=\"async\" loading=\"lazy\" class=\" size-full wp-image-45 lazyloaded\" src=\"https:\/\/www.europesays.com\/fr\/wp-content\/uploads\/2025\/11\/arrow.png\" alt=\"\" width=\"9\" height=\"9\" data-lazy-src=\"https:\/\/www.europesays.com\/fr\/wp-content\/uploads\/2025\/11\/arrow.png\"\/> Inscription &gt;&gt;&gt; <\/strong>03 20 92 52 87<\/p>\n<p style=\"text-align: center;\"><strong>EN BELGIQUE<\/strong><\/p>\n<p class=\"has-text-align-center\">Christmas Time \u00e0 Pairi Daiza (1h de Lille)<\/p>\n<p style=\"text-align: justify;\"><strong>Jusqu\u2019au 04 janvier 2026,<\/strong> le<strong> Jardin des Mondes Pairi Daiza<\/strong> \u00e0 <strong>Brugelette<\/strong> (\u00e0 1h de Lille) ouvrira ses portes pour les <strong>f\u00eates<\/strong> <strong>de<\/strong> <strong>fin d\u2019ann\u00e9e !<\/strong><\/p>\n<p style=\"text-align: justify;\"><strong>Pairi Daiza<\/strong> est le <strong>plus grand jardin illumin\u00e9 du Royaume de Belgique.<\/strong> <strong>Animaux g\u00e9ants lumineux, mappings vid\u00e9os<\/strong> et<strong> sc\u00e9nographies grand format.<\/strong> Mais aussi <strong>cadeaux <\/strong>pour les <strong>animaux <\/strong>et <strong>produits de saison.<\/strong> C\u2019est parti pour<strong> une aventure enchant\u00e9e\u00a0!<\/strong><\/p>\n<p style=\"text-align: justify;\">Infos pratiques<br \/><strong><img decoding=\"async\" loading=\"lazy\" class=\"tie-appear\" src=\"https:\/\/www.europesays.com\/fr\/wp-content\/uploads\/2025\/11\/arrow.png\" alt=\"\" width=\"9\" height=\"9\" data-lazy-src=\"https:\/\/www.europesays.com\/fr\/wp-content\/uploads\/2025\/11\/arrow.png\"\/> Pairi Daiza<\/strong><br \/>Domaine de Cambron \u2013 Brugelette (Belgique)<br \/><strong><img decoding=\"async\" loading=\"lazy\" class=\"tie-appear\" src=\"https:\/\/www.europesays.com\/fr\/wp-content\/uploads\/2025\/11\/arrow.png\" alt=\"\" width=\"9\" height=\"9\" data-lazy-src=\"https:\/\/www.europesays.com\/fr\/wp-content\/uploads\/2025\/11\/arrow.png\"\/> Tarifs :<\/strong> individuel \u00e0 partir de 36\u20ac (gratuit pour les moins de 3 ans) \/ parking : 12\u20ac (par voiture).<br \/> <strong><img decoding=\"async\" loading=\"lazy\" class=\"tie-appear\" src=\"https:\/\/www.europesays.com\/fr\/wp-content\/uploads\/2025\/11\/arrow.png\" alt=\"\" width=\"9\" height=\"9\" data-lazy-src=\"https:\/\/www.europesays.com\/fr\/wp-content\/uploads\/2025\/11\/arrow.png\"\/><\/strong> <strong>Billetterie &gt;&gt;&gt;<\/strong> <a href=\"https:\/\/www.pairidaiza.eu\/fr\/nos-offres\" target=\"_blank\" rel=\"noopener\">cliquez ici !!!<\/a><br \/><strong><img decoding=\"async\" loading=\"lazy\" class=\"tie-appear\" src=\"https:\/\/www.europesays.com\/fr\/wp-content\/uploads\/2025\/11\/arrow.png\" alt=\"\" width=\"9\" height=\"9\" data-lazy-src=\"https:\/\/www.europesays.com\/fr\/wp-content\/uploads\/2025\/11\/arrow.png\"\/><\/strong> <a href=\"https:\/\/www.pairidaiza.eu\/fr\/christmastime\/\" target=\"_blank\" rel=\"noopener\">Programme Complet sur le site internet de Pairi Daiza<\/a><br \/><strong><img decoding=\"async\" loading=\"lazy\" class=\"tie-appear\" src=\"https:\/\/www.europesays.com\/fr\/wp-content\/uploads\/2025\/11\/arrow.png\" alt=\"\" width=\"9\" height=\"9\" data-lazy-src=\"https:\/\/www.europesays.com\/fr\/wp-content\/uploads\/2025\/11\/arrow.png\"\/><\/strong> <a href=\"https:\/\/www.facebook.com\/JardinDesMondes\/\" target=\"_blank\" rel=\"noopener noreferrer\">Facebook de Pairi Daiza<\/a><br \/><strong><img decoding=\"async\" loading=\"lazy\" class=\"tie-appear\" src=\"https:\/\/www.europesays.com\/fr\/wp-content\/uploads\/2025\/11\/arrow.png\" alt=\"\" width=\"9\" height=\"9\" data-lazy-src=\"https:\/\/www.europesays.com\/fr\/wp-content\/uploads\/2025\/11\/arrow.png\"\/><\/strong> <a href=\"https:\/\/x.com\/zoomsurlille\" target=\"_blank\" rel=\"noopener\">X de Pairi Daiza<\/a><\/p>\n<p class=\"has-text-align-center\">Bellewaerde No\u00ebl (45min de Lille) <\/p>\n<p><img decoding=\"async\" loading=\"lazy\" width=\"1024\" height=\"648\" src=\"https:\/\/www.europesays.com\/fr\/wp-content\/uploads\/2025\/12\/bellewaerde-noel2025-1024x648.jpg\" alt=\"\" class=\"wp-image-89084\" style=\"aspect-ratio:1.5802469135802468;width:550px\"  \/><\/p>\n<p><strong>Jusqu\u2019au 04 janvier 2026,<\/strong> <strong>Bellewaerde Park<\/strong> vous attend dans une <strong>ambiance de No\u00ebl !<\/strong><\/p>\n<p style=\"text-align: justify;\">Un <strong>No\u00ebl<\/strong> comme vous ne l\u2019avez jamais v\u00e9cu. Entrez dans <strong>un monde merveilleux<\/strong> rempli de <strong>lumi\u00e8res scintillantes,<\/strong> de <strong>surprises hivernales<\/strong> et d\u2019un<strong> spectacle \u00e9blouissant.<\/strong><\/p>\n<p><strong><img decoding=\"async\" loading=\"lazy\" width=\"9\" height=\"9\" data-lazy-src=\"https:\/\/www.europesays.com\/fr\/wp-content\/uploads\/2025\/11\/arrow.png\" class=\"tie-appear\" src=\"https:\/\/www.europesays.com\/fr\/wp-content\/uploads\/2025\/11\/arrow.png\" alt=\"\"\/> Bellewaerde Park<\/strong><br \/>Meenseweg 497 \u2013 Ypres (Belgique)<br \/><strong><img decoding=\"async\" loading=\"lazy\" width=\"9\" height=\"9\" data-lazy-src=\"https:\/\/www.europesays.com\/fr\/wp-content\/uploads\/2025\/11\/arrow.png\" class=\"tie-appear\" src=\"https:\/\/www.europesays.com\/fr\/wp-content\/uploads\/2025\/11\/arrow.png\" alt=\"\"\/> Horaires d\u2019ouverture No\u00ebl : <\/strong>\u00e0 partir de 11h<br \/><strong><img decoding=\"async\" loading=\"lazy\" width=\"9\" height=\"9\" data-lazy-src=\"https:\/\/www.europesays.com\/fr\/wp-content\/uploads\/2025\/11\/arrow.png\" class=\"tie-appear\" src=\"https:\/\/www.europesays.com\/fr\/wp-content\/uploads\/2025\/11\/arrow.png\" alt=\"\"\/> Tarifs No\u00ebl 2025 :<\/strong> ticket d\u2019entr\u00e9e \u00e0 partir de 32,50\u20ac<br \/> <strong><img decoding=\"async\" loading=\"lazy\" width=\"9\" height=\"9\" data-lazy-src=\"https:\/\/www.europesays.com\/fr\/wp-content\/uploads\/2025\/11\/arrow.png\" class=\"tie-appear\" src=\"https:\/\/www.europesays.com\/fr\/wp-content\/uploads\/2025\/11\/arrow.png\" alt=\"\"\/><\/strong> <strong>R\u00e9servation &gt;&gt;&gt;<\/strong> <a href=\"https:\/\/www.bellewaerde.be\/park\/fr\" target=\"_blank\" rel=\"noreferrer noopener\">cliquez ici !!!<\/a><\/p>\n<p class=\"has-text-align-center\">Walibi Winter (1h30 de Lille) <\/p>\n<p><img decoding=\"async\" loading=\"lazy\" width=\"1024\" height=\"536\" src=\"https:\/\/www.europesays.com\/fr\/wp-content\/uploads\/2025\/12\/walibi_winter_2025-1024x536.jpg\" alt=\"\" class=\"wp-image-89338\" style=\"aspect-ratio:1.9104477611940298;object-fit:cover;width:550px\"  \/><\/p>\n<p style=\"text-align: justify;\"><strong>Jusqu\u2019au 04 janvier 2026,<\/strong> <strong>Walibi <\/strong>enfile son <strong>plus beau manteau d\u2019hiver<\/strong> pour sa <strong>troisi\u00e8me \u00e9dition.<\/strong> Venez (re)d\u00e9couvrir les\u00a0<strong>sept univers inspir\u00e9s des paysages du Grand Nord.<\/strong> Cette ann\u00e9e, <strong>Walibi<\/strong> ajoute<strong> 1 nouvelles zone<\/strong>\u00a0pour vous faire r\u00eaver !\u00a0Des <strong>moments de pur bonheur<\/strong> sont au rendez-vous.<\/p>\n<p><strong><img decoding=\"async\" loading=\"lazy\" width=\"9\" height=\"9\" data-lazy-src=\"https:\/\/www.europesays.com\/fr\/wp-content\/uploads\/2025\/11\/arrow.png\" class=\"tie-appear\" src=\"https:\/\/www.europesays.com\/fr\/wp-content\/uploads\/2025\/11\/arrow.png\" alt=\"\"\/> Walibi Belgium<\/strong><br \/>Boulevard de l\u2019Europe 100 \u2013 Wavre (Belgique)<br \/><strong><img decoding=\"async\" loading=\"lazy\" width=\"9\" height=\"9\" data-lazy-src=\"https:\/\/www.europesays.com\/fr\/wp-content\/uploads\/2025\/11\/arrow.png\" class=\"tie-appear\" src=\"https:\/\/www.europesays.com\/fr\/wp-content\/uploads\/2025\/11\/arrow.png\" alt=\"\"\/> Horaires d\u2019ouverture No\u00ebl : <\/strong>\u00e0 partir de 11h<br \/><strong><img decoding=\"async\" loading=\"lazy\" width=\"9\" height=\"9\" data-lazy-src=\"https:\/\/www.europesays.com\/fr\/wp-content\/uploads\/2025\/11\/arrow.png\" class=\"tie-appear\" src=\"https:\/\/www.europesays.com\/fr\/wp-content\/uploads\/2025\/11\/arrow.png\" alt=\"\"\/> Tarif No\u00ebl 2025 :<\/strong> ticket d\u2019entr\u00e9e \u00e0 partir de 42\u20ac<br \/> <strong><img decoding=\"async\" loading=\"lazy\" width=\"9\" height=\"9\" data-lazy-src=\"https:\/\/www.europesays.com\/fr\/wp-content\/uploads\/2025\/11\/arrow.png\" class=\"tie-appear\" src=\"https:\/\/www.europesays.com\/fr\/wp-content\/uploads\/2025\/11\/arrow.png\" alt=\"\"\/><\/strong> <strong>R\u00e9servation &gt;&gt;&gt;<\/strong> <a href=\"https:\/\/www.walibi.be\/fr\" target=\"_blank\" rel=\"noreferrer noopener\">cliquez ici !!!<\/a><\/p>\n<p class=\"has-text-align-right\">Sources : Ville de Lille \/ Office de Tourisme de Lille \/ D\u00e9partement du Nord \/ Pairi Daiza \/ Bellewaerde \/ Walibi Belgium \u2013 Photos \/ Images : DR \u2013 \u00a9 Zoom Sur Lille \/ \u00a9 Bellewaerde \/ \u00a9 Walibi Belgium<\/p>\n","protected":false},"excerpt":{"rendered":"Zoom Sur Lille vous propose quelques id\u00e9es sorties pour ces vacances scolaires !!! Grande Roue Royale Jusqu\u2019au 18&hellip;\n","protected":false},"author":2,"featured_media":608094,"comment_status":"","ping_status":"","sticky":false,"template":"","format":"standard","meta":{"footnotes":""},"categories":[2815],"tags":[1111,11,1063,10036,1777,674,1011,27,65103,811,1307,8262,12,25,3140,3176,20899],"class_list":{"0":"post-608093","1":"post","2":"type-post","3":"status-publish","4":"format-standard","5":"has-post-thumbnail","7":"category-lille","8":"tag-actu","9":"tag-actualites","10":"tag-animations","11":"tag-ateliers","12":"tag-eu","13":"tag-europe","14":"tag-fr","15":"tag-france","16":"tag-grande-roue","17":"tag-hauts-de-france","18":"tag-lille","19":"tag-maneges","20":"tag-news","21":"tag-republique-francaise","22":"tag-spectacle","23":"tag-vacances-scolaires","24":"tag-visites"},"share_on_mastodon":{"url":"https:\/\/pubeurope.com\/@fr\/115742291143327700","error":""},"_links":{"self":[{"href":"https:\/\/www.europesays.com\/fr\/wp-json\/wp\/v2\/posts\/608093","targetHints":{"allow":["GET"]}}],"collection":[{"href":"https:\/\/www.europesays.com\/fr\/wp-json\/wp\/v2\/posts"}],"about":[{"href":"https:\/\/www.europesays.com\/fr\/wp-json\/wp\/v2\/types\/post"}],"author":[{"embeddable":true,"href":"https:\/\/www.europesays.com\/fr\/wp-json\/wp\/v2\/users\/2"}],"replies":[{"embeddable":true,"href":"https:\/\/www.europesays.com\/fr\/wp-json\/wp\/v2\/comments?post=608093"}],"version-history":[{"count":0,"href":"https:\/\/www.europesays.com\/fr\/wp-json\/wp\/v2\/posts\/608093\/revisions"}],"wp:featuredmedia":[{"embeddable":true,"href":"https:\/\/www.europesays.com\/fr\/wp-json\/wp\/v2\/media\/608094"}],"wp:attachment":[{"href":"https:\/\/www.europesays.com\/fr\/wp-json\/wp\/v2\/media?parent=608093"}],"wp:term":[{"taxonomy":"category","embeddable":true,"href":"https:\/\/www.europesays.com\/fr\/wp-json\/wp\/v2\/categories?post=608093"},{"taxonomy":"post_tag","embeddable":true,"href":"https:\/\/www.europesays.com\/fr\/wp-json\/wp\/v2\/tags?post=608093"}],"curies":[{"name":"wp","href":"https:\/\/api.w.org\/{rel}","templated":true}]}}