{"id":608095,"date":"2025-12-18T19:44:28","date_gmt":"2025-12-18T19:44:28","guid":{"rendered":"https:\/\/www.europesays.com\/fr\/608095\/"},"modified":"2025-12-18T19:44:28","modified_gmt":"2025-12-18T19:44:28","slug":"luefa-sanctionne-lille-et-quatre-autres-clubs-coupes-deurope","status":"publish","type":"post","link":"https:\/\/www.europesays.com\/fr\/608095\/","title":{"rendered":"L\u2019UEFA sanctionne Lille et quatre autres clubs &#8211; Coupes d&rsquo;Europe"},"content":{"rendered":"<p>Les punitions de No\u00ebl.<\/p>\n<p>L\u2019UEFA a prononc\u00e9 mercredi des sanctions \u00e0 l\u2019encontre de cinq clubs. Sont concern\u00e9s Bayern Munich, l\u2019Eintracht Francfort, le LOSC, le Maccabi Tel-Aviv et le Sporting Portugal. Le club le plus s\u00e9v\u00e8rement sanctionn\u00e9 est le champion d\u2019Allemagne, qui <strong>\u00e9cope d\u2019un huis clos partiel pour son prochain match \u00e0 domicile<\/strong>, avec la fermeture partielle de la tribune Sud, ainsi que d\u2019amendes suppl\u00e9mentaires s\u2019\u00e9levant \u00e0 un total de 116 000 euros (en Ligue des champions).<\/p>\n<p><strong>Ces sanctions font suite \u00e0 l\u2019utilisation massive de pyrotechnie<\/strong> lors du match \u00e0 domicile contre le Sporting le 9 d\u00e9cembre, ainsi qu\u2019\u00e0 des affrontements entre certains supporters bavarois et les forces de s\u00e9curit\u00e9 lors du <a target=\"_blank\" href=\"https:\/\/www.sofoot.com\/articles\/ligue-des-champions-arsenal-fait-derailler-le-bayern-munich\" rel=\"noopener\">match \u00e0 l\u2019ext\u00e9rieur contre Arsenal en novembre<\/a>.<\/p>\n<p>Francfort et le Sporting \u00e9galement priv\u00e9s de supporters<\/p>\n<p><strong>L\u2019Eintracht Francfort devra se passer de ses supporters en d\u00e9placement lors de son prochain match \u00e0 l\u2019ext\u00e9rieur dans la comp\u00e9tition<\/strong>, apr\u00e8s une importante utilisation de pyrotechnie, des d\u00e9gradations caus\u00e9es dans les toilettes visiteurs et des jets d\u2019objets de la part de ses supporters lors du match de Ligue des champions \u00e0 Barcelone. Le club a \u00e9galement \u00e9t\u00e9 condamn\u00e9 \u00e0 une <strong>amende de 38 000 euros.<\/strong><\/p>\n<p><strong>Lille doit, pour sa part, payer une amende de 10 000 euros<\/strong> en raison de l\u2019utilisation de feux d\u2019artifice et se voit en outre infliger une interdiction de vente de billets pour un match \u00e0 l\u2019ext\u00e9rieur avec sursis.<strong> Le Maccabi Tel-Aviv a \u00e9t\u00e9 condamn\u00e9 \u00e0 une amende de 20 000<\/strong> euros pour comportement raciste et discriminatoire de ses supporters lors du match de Ligue Europa disput\u00e9 sur le terrain du VfB Stuttgart. <strong>Le Sporting Portugal devra s\u2019acquitter d\u2019une amende de 40 000 euros<\/strong> et, \u00e0 l\u2019instar de Francfort, sera priv\u00e9 de billets pour ses supporters lors de son prochain d\u00e9placement international.<\/p>\n<p>\u00c0 l\u2019UEFA, certains cadeaux de No\u00ebl sont d\u00e9j\u00e0 pr\u00eats\u2026<\/p>\n<p>\t\t\t\t\t\t\t\t\t\t<a class=\"lien-connexe\" href=\"https:\/\/www.sofoot.com\/breves\/bonne-nouvelle-pour-le-bayern-jamal-musiala-est-de-retour-a-lentrainement-collectif\" target=\"_blank\" rel=\"noopener\">Retour \u00e0 l\u2019entra\u00eenement pour Jamal Musiala<\/a>\t\t\t\t\t<\/p>\n","protected":false},"excerpt":{"rendered":"Les punitions de No\u00ebl. L\u2019UEFA a prononc\u00e9 mercredi des sanctions \u00e0 l\u2019encontre de cinq clubs. Sont concern\u00e9s Bayern&hellip;\n","protected":false},"author":2,"featured_media":608096,"comment_status":"","ping_status":"","sticky":false,"template":"","format":"standard","meta":{"footnotes":""},"categories":[2815],"tags":[1111,47,11,61,69,65,64,1777,674,63,1011,27,811,68,66,1307,12,62,70,25,67],"class_list":{"0":"post-608095","1":"post","2":"type-post","3":"status-publish","4":"format-standard","5":"has-post-thumbnail","7":"category-lille","8":"tag-actu","9":"tag-actualite","10":"tag-actualites","11":"tag-actus-football","12":"tag-bundesliga","13":"tag-championnats-europeens","14":"tag-equipe-de-france","15":"tag-eu","16":"tag-europe","17":"tag-football","18":"tag-fr","19":"tag-france","20":"tag-hauts-de-france","21":"tag-ligua","22":"tag-ligue-1","23":"tag-lille","24":"tag-news","25":"tag-news-foot","26":"tag-premier-league","27":"tag-republique-francaise","28":"tag-serie-a"},"share_on_mastodon":{"url":"https:\/\/pubeurope.com\/@fr\/115742292357345664","error":""},"_links":{"self":[{"href":"https:\/\/www.europesays.com\/fr\/wp-json\/wp\/v2\/posts\/608095","targetHints":{"allow":["GET"]}}],"collection":[{"href":"https:\/\/www.europesays.com\/fr\/wp-json\/wp\/v2\/posts"}],"about":[{"href":"https:\/\/www.europesays.com\/fr\/wp-json\/wp\/v2\/types\/post"}],"author":[{"embeddable":true,"href":"https:\/\/www.europesays.com\/fr\/wp-json\/wp\/v2\/users\/2"}],"replies":[{"embeddable":true,"href":"https:\/\/www.europesays.com\/fr\/wp-json\/wp\/v2\/comments?post=608095"}],"version-history":[{"count":0,"href":"https:\/\/www.europesays.com\/fr\/wp-json\/wp\/v2\/posts\/608095\/revisions"}],"wp:featuredmedia":[{"embeddable":true,"href":"https:\/\/www.europesays.com\/fr\/wp-json\/wp\/v2\/media\/608096"}],"wp:attachment":[{"href":"https:\/\/www.europesays.com\/fr\/wp-json\/wp\/v2\/media?parent=608095"}],"wp:term":[{"taxonomy":"category","embeddable":true,"href":"https:\/\/www.europesays.com\/fr\/wp-json\/wp\/v2\/categories?post=608095"},{"taxonomy":"post_tag","embeddable":true,"href":"https:\/\/www.europesays.com\/fr\/wp-json\/wp\/v2\/tags?post=608095"}],"curies":[{"name":"wp","href":"https:\/\/api.w.org\/{rel}","templated":true}]}}