{"id":60810,"date":"2025-04-29T03:19:13","date_gmt":"2025-04-29T03:19:13","guid":{"rendered":"https:\/\/www.europesays.com\/fr\/60810\/"},"modified":"2025-04-29T03:19:13","modified_gmt":"2025-04-29T03:19:13","slug":"denis-dorcescu-du-club-de-ping-pong-de-eu-aux-entrainements-avec-les-freres-lebrun","status":"publish","type":"post","link":"https:\/\/www.europesays.com\/fr\/60810\/","title":{"rendered":"Denis Dorcescu, du club de ping-pong de Eu aux entra\u00eenements avec les fr\u00e8res Lebrun"},"content":{"rendered":"<p>            Par<br \/>\n        <strong><br \/>\n            <a href=\"https:\/\/actu.fr\/auteur\/lucas-farcy\" title=\"Consulter tous les articles de Lucas Farcy\" target=\"_blank\" rel=\"noopener\">Lucas Farcy<\/a><br \/>\n        <\/strong><\/p>\n<p>        Publi\u00e9 le<\/p>\n<p>            28 avr. 2025 \u00e0 20h36        <\/p>\n<p>\u00c0 n\u2019en pas douter, <b>un pongiste <\/b>sera plus applaudi que les autres mardi 29 avril 2025 au gymnase municipal de la<a href=\"https:\/\/actu.fr\/normandie\/eu_76255\" target=\"_blank\" rel=\"noopener\"> ville d\u2019Eu<\/a> (Seine-Maritime).<\/p>\n<p class=\" wall-content\">Dans cette rencontre de Pro B qui oppose <b>Amiens au Havre<\/b>, l\u2019un des joueurs a en effet d\u00e9couvert la petite balle blanche dans cette m\u00eame salle. \u00ab\u00a0<b>J\u2019ai jou\u00e9 \u00e0 Eu entre 2011 et 2017.<\/b> J\u2019ai rejoint le club \u00e0 l\u2019\u00e2ge de 9 ans, mais j\u2019avais d\u00e9j\u00e0 un peu jou\u00e9 avant, puisque mes deux parents sont pongistes\u00a0\u00bb raconte <b>Denis Dorcescu<\/b>, qui effectue cette ann\u00e9e sa deuxi\u00e8me saison en tant que professionnel avec l\u2019\u00e9quipe d\u2019Amiens.<\/p>\n<p>\u00ab\u00a0Je ne pensais pas devenir professionnel\u00a0\u00bb<\/p>\n<p class=\" wall-content\">Aujourd\u2019hui \u00e2g\u00e9 de 22 ans, Denis Dorcescu parle de son sport avec passion : \u00ab\u00a0quand j\u2019ai commenc\u00e9, je n\u2019aurais jamais pens\u00e9 pouvoir devenir professionnel un jour. Puis au fur et \u00e0 mesure, j\u2019ai vu qu\u2019il y avait du potentiel, que progresser \u00e9tait une histoire d\u2019entra\u00eenement\u00a0\u00bb.<\/p>\n<p class=\" wall-content\">Denis s\u2019entra\u00eene maintenant entre 25 et 30 heures par semaine, entre tennis de table et pr\u00e9paration physique. Ces entra\u00eenements, il les fait au P\u00f4le tennis de table de Montpellier, aupr\u00e8s d\u2019Alexis et F\u00e9lix Lebrun, m\u00e9daill\u00e9s lors des jeux olympiques de Paris en 2024. \u00ab\u00a0Ce sont des amis proches et parfois \u00e7a me fait bizarre, parce que c\u2019est extraordinaire ce qu\u2019ils font. \u00c0 Montpellier, ce sont des exemples, ils donnent envie de jouer et ils tirent tout le monde vers le haut\u00a0\u00bb, raconte Denis Dorcescu.<\/p>\n<p>Un conseil pour les jeunes<\/p>\n<p>Devenir sportif professionnel n&rsquo;est pas chose ais\u00e9e. Pour y parvenir, Denis Dorcescu estime qu&rsquo;il faut \u00ab\u00a0prendre du plaisir, c&rsquo;est la base, parce qu&rsquo;il faut atteindre un haut niveau d&rsquo;entra\u00eenement. Il faut prendre du plaisir \u00e0 s&rsquo;entra\u00eener beaucoup et croire en ses chances. Personellement, j&rsquo;ai commenc\u00e9 assez tard le tennis de table en club. Je me suis accroch\u00e9 et en v\u00e9rit\u00e9, il y a plein de parcours possibles pour devenir pro\u00a0\u00bb.<\/p>\n<p>Vivre de sa passion<\/p>\n<p class=\" wall-content\">Entre les entra\u00eenements \u00e0 Montpellier et les matchs \u00e0 Amiens, le pongiste explique passer beaucoup de temps dans le train. Mais il ne s\u2019en plaint pas, puisqu\u2019il estime qu&rsquo;\u00a0\u00bbil n\u2019y a rien de mieux que de pouvoir vivre de sa passion\u00a0\u00bb.<\/p>\n<p>Vid\u00e9os : en ce moment sur Actu<br \/>\n    <a href=\"https:\/\/www.facebook.com\/plugins\/post.php?href=https%3A%2F%2Fwww.facebook.com%2Fpermalink.php%3Fstory_fbid%3Dpfbid031J3NTHCUjc3HkNx7zdLex7ntzR6rSdkEKf1wGdFdkY4Nr6yobmixtvMAmzfMXEUnl%26id%3D100040087581249&amp;show_text=true&amp;width=350\" title=\"Ouvrie le lien\" target=\"_blank\" rel=\"noopener\">Cliquez ici pour visualiser le contenu<\/a><\/p>\n<p class=\" wall-content\">Denis Dorcescu est impatient de rejouer \u00e0 Eu, devant ses proches et co\u00e9quipiers de club qui l\u2019ont vu progresser au fil des ans. \u00ab\u00a0Ce n\u2019est pas commun de voir des matchs d\u00e9localis\u00e9s comme celui-ci. C\u2019est une volont\u00e9 du club d\u2019Amiens de rassembler les diff\u00e9rents clubs de la r\u00e9gion, de cr\u00e9er un \u00e9lan autour du ping\u00a0\u00bb.\u00a0Les licenci\u00e9s du TTMTE (tennis de table Mers Tr\u00e9port Eu) vont par ailleurs r\u00e9guli\u00e8rement dans la capitale picarde pour voir du beau jeu. Des liens ont ainsi pu \u00eatre tiss\u00e9s entre les deux \u00e9quipes, ce qui permet d\u2019offrir cette belle soir\u00e9e \u00e0 tous les passionn\u00e9s du beau jeu.<\/p>\n<p>Match de tennis de table mardi 29 avril \u00e0 19h au gymnase municipal de la ville d\u2019Eu. Amiens \u2013 Le Havre, championnat Pro B. Entr\u00e9e : 5\u20ac. R\u00e9servations et infos au 06 46 65 01 51.<\/p>\n<p class=\" wall-content\">Suivez toute l\u2019actualit\u00e9 de vos villes et m\u00e9dias favoris en vous inscrivant \u00e0 <a href=\"https:\/\/moncompte.actu.fr\" title=\"D\u00e9couvez Mon Actu\" rel=\"nofollow noopener\" data-trk=\"{&quot;cta&quot;:{&quot;action&quot;:&quot;https:\\\/\\\/moncompte.actu.fr&quot;,&quot;category&quot;:&quot;mon compte&quot;,&quot;from&quot;:&quot;article footer&quot;,&quot;name&quot;:&quot;Mon actu&quot;,&quot;type&quot;:&quot;cta&quot;}}\" target=\"_blank\">Mon Actu<\/a>.<\/p>\n","protected":false},"excerpt":{"rendered":"Par Lucas Farcy Publi\u00e9 le 28 avr. 2025 \u00e0 20h36 \u00c0 n\u2019en pas douter, un pongiste sera plus&hellip;\n","protected":false},"author":2,"featured_media":60811,"comment_status":"","ping_status":"","sticky":false,"template":"","format":"standard","meta":{"footnotes":""},"categories":[1586],"tags":[11,1777,674,1779,1011,27,12,25,60,1778,364,3587],"class_list":{"0":"post-60810","1":"post","2":"type-post","3":"status-publish","4":"format-standard","5":"has-post-thumbnail","7":"category-europe","8":"tag-actualites","9":"tag-eu","10":"tag-europe","11":"tag-european-union","12":"tag-fr","13":"tag-france","14":"tag-news","15":"tag-republique-francaise","16":"tag-sports","17":"tag-ue","18":"tag-union-europeenne","19":"tag-villes-soeurs"},"share_on_mastodon":{"url":"https:\/\/pubeurope.com\/@fr\/114419096854471543","error":""},"_links":{"self":[{"href":"https:\/\/www.europesays.com\/fr\/wp-json\/wp\/v2\/posts\/60810","targetHints":{"allow":["GET"]}}],"collection":[{"href":"https:\/\/www.europesays.com\/fr\/wp-json\/wp\/v2\/posts"}],"about":[{"href":"https:\/\/www.europesays.com\/fr\/wp-json\/wp\/v2\/types\/post"}],"author":[{"embeddable":true,"href":"https:\/\/www.europesays.com\/fr\/wp-json\/wp\/v2\/users\/2"}],"replies":[{"embeddable":true,"href":"https:\/\/www.europesays.com\/fr\/wp-json\/wp\/v2\/comments?post=60810"}],"version-history":[{"count":0,"href":"https:\/\/www.europesays.com\/fr\/wp-json\/wp\/v2\/posts\/60810\/revisions"}],"wp:featuredmedia":[{"embeddable":true,"href":"https:\/\/www.europesays.com\/fr\/wp-json\/wp\/v2\/media\/60811"}],"wp:attachment":[{"href":"https:\/\/www.europesays.com\/fr\/wp-json\/wp\/v2\/media?parent=60810"}],"wp:term":[{"taxonomy":"category","embeddable":true,"href":"https:\/\/www.europesays.com\/fr\/wp-json\/wp\/v2\/categories?post=60810"},{"taxonomy":"post_tag","embeddable":true,"href":"https:\/\/www.europesays.com\/fr\/wp-json\/wp\/v2\/tags?post=60810"}],"curies":[{"name":"wp","href":"https:\/\/api.w.org\/{rel}","templated":true}]}}