{"id":608100,"date":"2025-12-18T19:47:12","date_gmt":"2025-12-18T19:47:12","guid":{"rendered":"https:\/\/www.europesays.com\/fr\/608100\/"},"modified":"2025-12-18T19:47:12","modified_gmt":"2025-12-18T19:47:12","slug":"fitch-ratings-confirme-la-note-a-de-la-metropole-de-lyon","status":"publish","type":"post","link":"https:\/\/www.europesays.com\/fr\/608100\/","title":{"rendered":"Fitch Ratings confirme la note A+ de la M\u00e9tropole de Lyon"},"content":{"rendered":"<p itemprop=\"description\"><strong>La M\u00e9tropole de Lyon a obtenu la meilleure note possible, A+, de la part de l\u2019agence de notation Fitch Ratings, une notation plafonn\u00e9e par celle de l\u2019\u00c9tat.<\/strong><\/p>\n<p>Cette d\u00e9cision confirme, selon l\u2019agence, la robustesse et la qualit\u00e9 de la gestion financi\u00e8re de la collectivit\u00e9.<\/p>\n<p>Dans son analyse, Fitch met en avant la solidit\u00e9 des recettes m\u00e9tropolitaines, jug\u00e9es peu volatiles et disposant de \u00ab\u00a0solides perspectives de croissance\u00a0\u00bb. L\u2019agence souligne notamment le r\u00f4le de la Contribution fonci\u00e8re des entreprises (CFE), ainsi que le redressement des Droits de mutation \u00e0 titre on\u00e9reux (DMTO). Apr\u00e8s une baisse cumul\u00e9e d\u2019environ 40% en 2023 et 2024, ces derniers ont progress\u00e9 de 15% en 2025, port\u00e9s par la reprise du march\u00e9 immobilier et par la hausse des taux autoris\u00e9e dans la loi de finances 2025.<\/p>\n<p>Fitch salue \u00e9galement les efforts de la M\u00e9tropole pour ma\u00eetriser ses d\u00e9penses, dans un contexte marqu\u00e9 par l\u2019inflation et par la hausse des d\u00e9penses sociales, li\u00e9e notamment \u00e0 l\u2019augmentation du nombre de b\u00e9n\u00e9ficiaires et aux revalorisations d\u00e9cid\u00e9es par l\u2019\u00c9tat.<\/p>\n<p>La situation de la dette et des liquidit\u00e9s est, elle aussi, jug\u00e9e \u00ab\u00a0forte\u00a0\u00bb, avec des engagements financiers consid\u00e9r\u00e9s comme peu risqu\u00e9s, un faible risque de refinancement et un profil d\u2019amortissement r\u00e9gulier. Le profil de cr\u00e9dit intrins\u00e8que de la M\u00e9tropole est ainsi \u00e9valu\u00e9 \u00e0 AA, mais reste m\u00e9caniquement plafonn\u00e9 \u00e0 A+ stable, du fait de la notation de l\u2019\u00c9tat.<\/p>\n<p>Cette confirmation intervient dans une conjoncture d\u00e9favorable, marqu\u00e9e par la baisse des dotations de l\u2019\u00c9tat et l\u2019augmentation des charges sociales, qui p\u00e8sent sur les budgets des collectivit\u00e9s territoriales.<\/p>\n","protected":false},"excerpt":{"rendered":"La M\u00e9tropole de Lyon a obtenu la meilleure note possible, A+, de la part de l\u2019agence de notation&hellip;\n","protected":false},"author":2,"featured_media":608101,"comment_status":"","ping_status":"","sticky":false,"template":"","format":"standard","meta":{"footnotes":""},"categories":[1889],"tags":[1111,11,2813,2190,2430,1109,251,1112,2811,1777,674,118,1011,27,1922,1110,1114,2428,2810,12,241,316,25,2812,517,800],"class_list":{"0":"post-608100","1":"post","2":"type-post","3":"status-publish","4":"format-standard","5":"has-post-thumbnail","7":"category-lyon","8":"tag-actu","9":"tag-actualites","10":"tag-article","11":"tag-asvel","12":"tag-auvergne-rhone-alpes","13":"tag-breves","14":"tag-culture","15":"tag-depeches","16":"tag-economique","17":"tag-eu","18":"tag-europe","19":"tag-faits-divers","20":"tag-fr","21":"tag-france","22":"tag-info","23":"tag-informations","24":"tag-infos","25":"tag-lyon","26":"tag-lyonmag","27":"tag-news","28":"tag-ol","29":"tag-politique","30":"tag-republique-francaise","31":"tag-sociale","32":"tag-sport","33":"tag-transports"},"share_on_mastodon":{"url":"https:\/\/pubeurope.com\/@fr\/115742300205875212","error":""},"_links":{"self":[{"href":"https:\/\/www.europesays.com\/fr\/wp-json\/wp\/v2\/posts\/608100","targetHints":{"allow":["GET"]}}],"collection":[{"href":"https:\/\/www.europesays.com\/fr\/wp-json\/wp\/v2\/posts"}],"about":[{"href":"https:\/\/www.europesays.com\/fr\/wp-json\/wp\/v2\/types\/post"}],"author":[{"embeddable":true,"href":"https:\/\/www.europesays.com\/fr\/wp-json\/wp\/v2\/users\/2"}],"replies":[{"embeddable":true,"href":"https:\/\/www.europesays.com\/fr\/wp-json\/wp\/v2\/comments?post=608100"}],"version-history":[{"count":0,"href":"https:\/\/www.europesays.com\/fr\/wp-json\/wp\/v2\/posts\/608100\/revisions"}],"wp:featuredmedia":[{"embeddable":true,"href":"https:\/\/www.europesays.com\/fr\/wp-json\/wp\/v2\/media\/608101"}],"wp:attachment":[{"href":"https:\/\/www.europesays.com\/fr\/wp-json\/wp\/v2\/media?parent=608100"}],"wp:term":[{"taxonomy":"category","embeddable":true,"href":"https:\/\/www.europesays.com\/fr\/wp-json\/wp\/v2\/categories?post=608100"},{"taxonomy":"post_tag","embeddable":true,"href":"https:\/\/www.europesays.com\/fr\/wp-json\/wp\/v2\/tags?post=608100"}],"curies":[{"name":"wp","href":"https:\/\/api.w.org\/{rel}","templated":true}]}}