{"id":608109,"date":"2025-12-18T19:53:13","date_gmt":"2025-12-18T19:53:13","guid":{"rendered":"https:\/\/www.europesays.com\/fr\/608109\/"},"modified":"2025-12-18T19:53:13","modified_gmt":"2025-12-18T19:53:13","slug":"paris-deco-off-home-la-deco-recto-verso","status":"publish","type":"post","link":"https:\/\/www.europesays.com\/fr\/608109\/","title":{"rendered":"Paris D\u00e9co Off\/Home, la D\u00e9co Recto Verso"},"content":{"rendered":"<p class=\"p1\">La librairie-galerie La Hune- YellowKorner (partenaire de l\u2019\u00e9v\u00e9nement avec son LabKorner) se joint \u00e0 eux, en exposant des marques de d\u00e9co, et en fournissant de sublimes tirages photo de mains au travail, celles des artistes et artisans qui officient pour les Maisons, brodant, sculptant, dessinant\u2026 Les visiteurs les d\u00e9couvriront dans les vitrines des showrooms, mais aussi en format XXL sur les places Saint-Germain-des-Pr\u00e9s et des Petits-P\u00e8res.<\/p>\n<p class=\"p1\">Cet hommage aux hommes et aux femmes qui p\u00e9rennisent les gestes rares, pr\u00e9cieux, <strong>Carole Locatelli<\/strong> et <strong>Hughes Charuit<\/strong>, cr\u00e9ateurs et organisateurs de l\u2019\u00e9v\u00e9nement, ont souhait\u00e9 le prolonger en lan\u00e7ant une campagne de m\u00e9c\u00e9nat en faveur de la Soci\u00e9t\u00e9 Fran\u00e7aise de la Chirurgie de la Main.<\/p>\n<blockquote>\n<p class=\"p1\">\u00ab Parce que sans leurs mains, les artisans et cr\u00e9ateurs ne peuvent plus exercer leur m\u00e9tier, parce qu\u2019une main bless\u00e9e, c\u2019est souvent une vie suspendue et qu\u2019une main r\u00e9par\u00e9e, c\u2019est un geste retrouv\u00e9, un patrimoine prot\u00e9g\u00e9, nous lan\u00e7ons cette initiative d\u00e9di\u00e9e \u00e0 la recherche, \u00e0 la formation et \u00e0 l\u2019\u00e9quipement des chirurgiens de la main \u00bb, expliquent-ils.<\/p>\n<\/blockquote>\n<p class=\"p1\">Cette op\u00e9ration trou- vera son point d\u2019orgue lors d\u2019un concert caritatif dans l\u2019\u00e9glise de Saint-Germain-des-Pr\u00e9s, le 16 janvier \u00e0 19 h 30.<\/p>\n<p>\u00a0<\/p>\n<p>\u00a0<\/p>\n<p>\u00a0<\/p>\n<p>\u00a0<\/p>\n","protected":false},"excerpt":{"rendered":"La librairie-galerie La Hune- YellowKorner (partenaire de l\u2019\u00e9v\u00e9nement avec son LabKorner) se joint \u00e0 eux, en exposant des&hellip;\n","protected":false},"author":2,"featured_media":608110,"comment_status":"","ping_status":"","sticky":false,"template":"","format":"standard","meta":{"footnotes":""},"categories":[1888],"tags":[11,1777,674,2087,1011,27,12,626,25],"class_list":{"0":"post-608109","1":"post","2":"type-post","3":"status-publish","4":"format-standard","5":"has-post-thumbnail","7":"category-paris","8":"tag-actualites","9":"tag-eu","10":"tag-europe","11":"tag-evenement","12":"tag-fr","13":"tag-france","14":"tag-news","15":"tag-paris","16":"tag-republique-francaise"},"share_on_mastodon":{"url":"https:\/\/pubeurope.com\/@fr\/115742324111040576","error":""},"_links":{"self":[{"href":"https:\/\/www.europesays.com\/fr\/wp-json\/wp\/v2\/posts\/608109","targetHints":{"allow":["GET"]}}],"collection":[{"href":"https:\/\/www.europesays.com\/fr\/wp-json\/wp\/v2\/posts"}],"about":[{"href":"https:\/\/www.europesays.com\/fr\/wp-json\/wp\/v2\/types\/post"}],"author":[{"embeddable":true,"href":"https:\/\/www.europesays.com\/fr\/wp-json\/wp\/v2\/users\/2"}],"replies":[{"embeddable":true,"href":"https:\/\/www.europesays.com\/fr\/wp-json\/wp\/v2\/comments?post=608109"}],"version-history":[{"count":0,"href":"https:\/\/www.europesays.com\/fr\/wp-json\/wp\/v2\/posts\/608109\/revisions"}],"wp:featuredmedia":[{"embeddable":true,"href":"https:\/\/www.europesays.com\/fr\/wp-json\/wp\/v2\/media\/608110"}],"wp:attachment":[{"href":"https:\/\/www.europesays.com\/fr\/wp-json\/wp\/v2\/media?parent=608109"}],"wp:term":[{"taxonomy":"category","embeddable":true,"href":"https:\/\/www.europesays.com\/fr\/wp-json\/wp\/v2\/categories?post=608109"},{"taxonomy":"post_tag","embeddable":true,"href":"https:\/\/www.europesays.com\/fr\/wp-json\/wp\/v2\/tags?post=608109"}],"curies":[{"name":"wp","href":"https:\/\/api.w.org\/{rel}","templated":true}]}}