{"id":608113,"date":"2025-12-18T19:55:28","date_gmt":"2025-12-18T19:55:28","guid":{"rendered":"https:\/\/www.europesays.com\/fr\/608113\/"},"modified":"2025-12-18T19:55:28","modified_gmt":"2025-12-18T19:55:28","slug":"le-danemark-attribue-deux-cyberattaques-a-des-groupes-lies-a-la-russie","status":"publish","type":"post","link":"https:\/\/www.europesays.com\/fr\/608113\/","title":{"rendered":"Le Danemark attribue deux cyberattaques \u00e0 des groupes li\u00e9s \u00e0 la Russie"},"content":{"rendered":"<p>                      <img loading=\"lazy\" decoding=\"async\" src=\"https:\/\/www.europesays.com\/fr\/wp-content\/uploads\/2025\/12\/c63a616_ftp-1-zw1bpnwbotuo-2025-12-17t171303z-575014443-rc26iia6lffp-rtrmadp-3-denmark-defence.JPG\" alt=\"Le ministre de la d\u00e9fense danois, Troels Lund Poulsen, sur la base a\u00e9rienne de Skalstrup, au Danemark, le 17\u00a0d\u00e9cembre 2025.\"   width=\"664\" height=\"443\"\/>    Le ministre de la d\u00e9fense danois, Troels Lund Poulsen, sur la base a\u00e9rienne de Skalstrup, au Danemark, le 17\u00a0d\u00e9cembre 2025.  EMIL NICOLAI HELMS \/ VIA REUTERS                          <\/p>\n<p class=\"article__paragraph  \"><a href=\"https:\/\/www.lemonde.fr\/international\/live\/2025\/12\/18\/en-direct-guerre-en-ukraine-la-decision-concernant-l-utilisation-des-avoirs-russes-doit-etre-prise-d-ici-a-la-fin-de-cette-annee-estime-volodymyr-zelensky_6657241_3210.html?#id-2725618\" target=\"_blank\" rel=\"noopener\">Le gouvernement danois attribue deux cyberattaques<\/a>, l\u2019une lors des \u00e9lections municipales et r\u00e9gionales en novembre\u00a02025, et l\u2019autre contre une usine de traitement des eaux fin 2024, \u00e0 des groupes li\u00e9s \u00e0 l\u2019Etat russe, a annonc\u00e9 le ministre de la d\u00e9fense danois, jeudi 18\u00a0d\u00e9cembre.<\/p>\n<p class=\"article__paragraph  \">Le gouvernement va convoquer l\u2019ambassadeur russe, a pr\u00e9cis\u00e9 Troels Lund Poulsen lors d\u2019une conf\u00e9rence de presse.<\/p>\n<p class=\"article__paragraph  \">Selon le service de renseignement militaire (FE), deux groupes distincts Z-Pentest et NoName057(16), qui ont chacun des liens avec l\u2019Etat russe, sont responsables des deux attaques. \u00ab\u00a0L\u2019Etat russe utilise les deux groupes comme instruments de sa guerre hybride contre l\u2019Occident\u00a0\u00bb, <a href=\"https:\/\/www.fe-ddis.dk\/da\/nyheder\/2025\/rusland-er-ansvarlig-for-destruktive-og-forstyrrende-cyberangreb-mod-danmark\/\" target=\"_blank\" rel=\"noopener\" title=\"Nouvelle fen\u00eatre\">a \u00e9crit le renseignement militaire, dans un communiqu\u00e9<\/a>. \u00ab\u00a0L\u2019objectif est de cr\u00e9er de l\u2019ins\u00e9curit\u00e9 dans les pays vis\u00e9s et de punir ceux qui soutiennent l\u2019Ukraine.\u00a0\u00bb<\/p>\n<p class=\"article__paragraph  \">Des conduites d\u2019eau avaient explos\u00e9 apr\u00e8s la cyberattaque de fin 2024 et des foyers avaient \u00e9t\u00e9 touch\u00e9s et priv\u00e9s d\u2019eau pendant un moment, selon le ministre. A la veille des \u00e9lections municipales et r\u00e9gionales au Danemark, <a href=\"https:\/\/www.lemonde.fr\/international\/article\/2025\/11\/19\/au-danemark-revers-electoral-pour-les-sociaux-democrates-de-mette-frederiksen_6654060_3210.html\" target=\"_blank\" rel=\"noopener\" title=\"Nouvelle fen\u00eatre\">le mois dernier<\/a>, les sites internet de plusieurs partis politiques, de municipalit\u00e9s, d\u2019institutions publiques ainsi que celui d\u2019une entreprise de d\u00e9fense <a href=\"https:\/\/www.franceinfo.fr\/internet\/securite-sur-internet\/cyberattaques\/au-danemark-une-cyberattaque-revendiquee-par-des-hackers-pro-russes-vise-les-sites-internet-de-plusieurs-institutions_7614008.html\" target=\"_blank\" rel=\"noopener\" title=\"Nouvelle fen\u00eatre\">avaient \u00e9t\u00e9 rendus inaccessibles<\/a> \u00e0 cause d\u2019une cyberattaque revendiqu\u00e9e par des hackeurs prorusses.<\/p>\n<p>                    \u00ab\u00a0Profond\u00e9ment inacceptable\u00a0\u00bb                    <\/p>\n<p class=\"article__paragraph  \">L\u2019ensemble de ces attaques a caus\u00e9 des d\u00e9g\u00e2ts limit\u00e9s, mais met en lumi\u00e8re des perspectives inqui\u00e9tantes, a soulign\u00e9 le ministre de la s\u00e9curit\u00e9 civile, Torsten Schack Pedersen. \u00ab\u00a0Cela montre qu\u2019il existe des forces capables de mettre \u00e0 l\u2019arr\u00eat des \u00e9l\u00e9ments essentiels de notre soci\u00e9t\u00e9\u00a0\u00bb, a-t-il ajout\u00e9.<\/p>\n<p class=\"article__paragraph  \">\u00ab\u00a0Nous estimons que c\u2019est tr\u00e8s probable\u00a0\u00bb, a pr\u00e9cis\u00e9 le chef du renseignement militaire (FE), Thomas Ahrenkiel, \u00e0 propos de l\u2019attribution des deux attaques. \u00ab\u00a0Cela signifie que nous sommes tr\u00e8s s\u00fbrs qu\u2019il s\u2019agit de groupes prorusses li\u00e9s \u00e0 l\u2019Etat russe\u00a0\u00bb. \u00ab\u00a0Nous avons pris de nombreuses initiatives et nous allons en prendre d\u2019autres, car la mani\u00e8re d\u2019agir de la Russie est profond\u00e9ment inacceptable\u00a0\u00bb, a ajout\u00e9 pour sa part M.\u00a0Lund Poulsen.<\/p>\n<p class=\"article__paragraph  \">Le gouvernement entend notamment mettre en place un nouveau r\u00e9seau de cybersurveillance et un centre d\u2019op\u00e9rations en ligne, capable de r\u00e9agir rapidement \u00e0 d\u2019\u00e9ventuelles attaques.<\/p>\n<p class=\"article__paragraph  \">\u00ab\u00a0C\u2019est tr\u00e8s grave de pouvoir attribuer les attaques \u00e0 l\u2019Etat russe. Que ce ne soit pas seulement des sympathisants, mais un groupe directement li\u00e9 \u00e0 l\u2019Etat russe. Cela souligne que la situation est particuli\u00e8rement grave\u00a0\u00bb, a insist\u00e9 aupr\u00e8s de la t\u00e9l\u00e9vision publique DR Torsten Schack Pedersen. \u00ab\u00a0Nous ne sommes pas en situation de guerre, nous ne sommes pas en situation de paix, mais nous sommes en guerre hybride\u00a0\u00bb, a-t-il dit.<\/p>\n<p> Le Monde M\u00e9morable  <\/p>\n<p> <a href=\"https:\/\/www.lemonde.fr\/memorable\/?rfextension=inread\" class=\"inread__link js-services-inread-link\" target=\"_blank\" rel=\"noopener\">  <\/p>\n<p>Testez votre culture g\u00e9n\u00e9rale avec la r\u00e9daction du \u00ab Monde \u00bb<\/p>\n<p>Testez votre culture g\u00e9n\u00e9rale avec la r\u00e9daction du \u00ab Monde \u00bb<\/p>\n<p>D\u00e9couvrir<\/p>\n<p> <\/a>      <\/p>\n<p> Newsletter  <\/p>\n<p> <a href=\"https:\/\/www.lemonde.fr\/newsletters\/a-la-une\/\" class=\"inread__link js-services-inread-link\" target=\"_blank\" rel=\"noopener\">  <\/p>\n<p>\u00ab A la une \u00bb<\/p>\n<p>Chaque matin, parcourez l&rsquo;essentiel de l&rsquo;actualit\u00e9 du jour avec les derniers titres du \u00ab Monde \u00bb<\/p>\n<p>S&rsquo;inscrire<\/p>\n<p> <\/a>          <\/p>\n<p> Le Monde Application  <\/p>\n<p> <a href=\"https:\/\/lamatinale.onelink.me\/gKMy\/ahw2ubr3\" class=\"inread__link js-services-inread-link\" target=\"_blank\" rel=\"noopener\">  <\/p>\n<p>La Matinale du Monde<\/p>\n<p>Chaque matin, retrouvez notre s\u00e9lection de 20 articles \u00e0 ne pas manquer <\/p>\n<p>T\u00e9l\u00e9charger l&rsquo;application<\/p>\n<p> <\/a>      <\/p>\n<p> Newsletter abonn\u00e9s  <\/p>\n<p> <a href=\"https:\/\/www.lemonde.fr\/newsletters\/international\/\" class=\"inread__link js-services-inread-link\" target=\"_blank\" rel=\"noopener\">  <\/p>\n<p>\u00ab International \u00bb<\/p>\n<p>L\u2019essentiel de l\u2019actualit\u00e9 internationale de la semaine<\/p>\n<p>S&rsquo;inscrire<\/p>\n<p> <\/a>             <\/p>\n<p class=\"article__paragraph  \">Il a pr\u00e9venu que les cyberattaques ne devraient pas s\u2019arr\u00eater malgr\u00e9 les efforts engag\u00e9s. \u00ab\u00a0Il faut \u00eatre d\u2019une na\u00efvet\u00e9 incroyable pour croire que nous avons atteint notre objectif en mati\u00e8re de cybers\u00e9curit\u00e9\u00a0\u00bb, a appuy\u00e9 le ministre.<\/p>\n<p>                                       Lire l\u2019entretien |  Article r\u00e9serv\u00e9 \u00e0 nos abonn\u00e9s  <a href=\"https:\/\/www.lemonde.fr\/pixels\/article\/2025\/03\/11\/la-russie-est-une-menace-particuliere-dans-le-cyberespace-previent-vincent-strubel_6578593_4408996.html\" class=\"js-article-read-also catcher--favoris__link\" data-premium=\"1\" id=\"article-title-3412020\" target=\"_blank\" rel=\"noopener\">\u00ab\u00a0La Russie est une menace particuli\u00e8re dans le cyberespace\u00a0\u00bb\u00a0: l\u2019alerte du patron de l\u2019Anssi, le garde du corps num\u00e9rique de l\u2019Etat<\/a>    <\/p>\n<p>   Lire plus tard  <\/p>\n<p class=\"author__detail\">  Le Monde avec AFP  <\/p>\n<p>                <a href=\"https:\/\/www.lemonde.fr\/syndication\/\" class=\"reuse__content\" title=\"R\u00e9utiliser ce contenu\" target=\"_blank\" rel=\"noopener\">R\u00e9utiliser ce contenu<\/a>      <\/p>\n","protected":false},"excerpt":{"rendered":"Le ministre de la d\u00e9fense danois, Troels Lund Poulsen, sur la base a\u00e9rienne de Skalstrup, au Danemark, le&hellip;\n","protected":false},"author":2,"featured_media":608114,"comment_status":"","ping_status":"","sticky":false,"template":"","format":"standard","meta":{"footnotes":""},"categories":[1591],"tags":[11,1887,12,1885,1886,132],"class_list":{"0":"post-608113","1":"post","2":"type-post","3":"status-publish","4":"format-standard","5":"has-post-thumbnail","7":"category-russie","8":"tag-actualites","9":"tag-federation-de-russie","10":"tag-news","11":"tag-russia","12":"tag-russian-federation","13":"tag-russie"},"share_on_mastodon":{"url":"https:\/\/pubeurope.com\/@fr\/115742332607142915","error":""},"_links":{"self":[{"href":"https:\/\/www.europesays.com\/fr\/wp-json\/wp\/v2\/posts\/608113","targetHints":{"allow":["GET"]}}],"collection":[{"href":"https:\/\/www.europesays.com\/fr\/wp-json\/wp\/v2\/posts"}],"about":[{"href":"https:\/\/www.europesays.com\/fr\/wp-json\/wp\/v2\/types\/post"}],"author":[{"embeddable":true,"href":"https:\/\/www.europesays.com\/fr\/wp-json\/wp\/v2\/users\/2"}],"replies":[{"embeddable":true,"href":"https:\/\/www.europesays.com\/fr\/wp-json\/wp\/v2\/comments?post=608113"}],"version-history":[{"count":0,"href":"https:\/\/www.europesays.com\/fr\/wp-json\/wp\/v2\/posts\/608113\/revisions"}],"wp:featuredmedia":[{"embeddable":true,"href":"https:\/\/www.europesays.com\/fr\/wp-json\/wp\/v2\/media\/608114"}],"wp:attachment":[{"href":"https:\/\/www.europesays.com\/fr\/wp-json\/wp\/v2\/media?parent=608113"}],"wp:term":[{"taxonomy":"category","embeddable":true,"href":"https:\/\/www.europesays.com\/fr\/wp-json\/wp\/v2\/categories?post=608113"},{"taxonomy":"post_tag","embeddable":true,"href":"https:\/\/www.europesays.com\/fr\/wp-json\/wp\/v2\/tags?post=608113"}],"curies":[{"name":"wp","href":"https:\/\/api.w.org\/{rel}","templated":true}]}}