{"id":608123,"date":"2025-12-18T20:00:24","date_gmt":"2025-12-18T20:00:24","guid":{"rendered":"https:\/\/www.europesays.com\/fr\/608123\/"},"modified":"2025-12-18T20:00:24","modified_gmt":"2025-12-18T20:00:24","slug":"guerre-en-ukraine-leurope-doit-elle-debloquer-210-milliards-deuros","status":"publish","type":"post","link":"https:\/\/www.europesays.com\/fr\/608123\/","title":{"rendered":"Guerre en Ukraine : l&rsquo;Europe doit-elle d\u00e9bloquer 210 milliards d&rsquo;euros ?"},"content":{"rendered":"<p class=\"jsx-4058425199 jsx-2164199691 ExpandableText__Text\">Faut-il utiliser les avoirs russes d\u00e9tenus en Europe pour financer l&rsquo;effort de guerre de l&rsquo;Ukraine face \u00e0 la Russie ? Il s&rsquo;agit de biens mat\u00e9riels, de l&rsquo;argent sur des comptes bancaires et de titres financiers, qui font au total 210 milliards d&rsquo;euros. L&rsquo; objectif est de faire de cet argent une garantie pour accorder un pr\u00eat \u00e0 l&rsquo;Ukraine. L&rsquo;\u00e9crasante majorit\u00e9, 180 milliards d\u2019euros, se trouve en Belgique. Mais le pays, menac\u00e9 par la Russie de repr\u00e9sailles financi\u00e8res et judiciaires, refuse de s&rsquo;en servir.<\/p>\n<p>Lire plusReplier<\/p>\n","protected":false},"excerpt":{"rendered":"Faut-il utiliser les avoirs russes d\u00e9tenus en Europe pour financer l&rsquo;effort de guerre de l&rsquo;Ukraine face \u00e0 la&hellip;\n","protected":false},"author":2,"featured_media":608124,"comment_status":"","ping_status":"","sticky":false,"template":"","format":"standard","meta":{"footnotes":""},"categories":[1586],"tags":[11,5925,1777,674,5641,1011,27,2952,12,25,1917,133,1920],"class_list":{"0":"post-608123","1":"post","2":"type-post","3":"status-publish","4":"format-standard","5":"has-post-thumbnail","7":"category-europe","8":"tag-actualites","9":"tag-conflits-et-guerre","10":"tag-eu","11":"tag-europe","12":"tag-finance-et-macro-economie","13":"tag-fr","14":"tag-france","15":"tag-le-20h","16":"tag-news","17":"tag-republique-francaise","18":"tag-ukraine-4-annee-de-guerre","19":"tag-video","20":"tag-video-international"},"share_on_mastodon":{"url":"https:\/\/pubeurope.com\/@fr\/115742351238003884","error":""},"_links":{"self":[{"href":"https:\/\/www.europesays.com\/fr\/wp-json\/wp\/v2\/posts\/608123","targetHints":{"allow":["GET"]}}],"collection":[{"href":"https:\/\/www.europesays.com\/fr\/wp-json\/wp\/v2\/posts"}],"about":[{"href":"https:\/\/www.europesays.com\/fr\/wp-json\/wp\/v2\/types\/post"}],"author":[{"embeddable":true,"href":"https:\/\/www.europesays.com\/fr\/wp-json\/wp\/v2\/users\/2"}],"replies":[{"embeddable":true,"href":"https:\/\/www.europesays.com\/fr\/wp-json\/wp\/v2\/comments?post=608123"}],"version-history":[{"count":0,"href":"https:\/\/www.europesays.com\/fr\/wp-json\/wp\/v2\/posts\/608123\/revisions"}],"wp:featuredmedia":[{"embeddable":true,"href":"https:\/\/www.europesays.com\/fr\/wp-json\/wp\/v2\/media\/608124"}],"wp:attachment":[{"href":"https:\/\/www.europesays.com\/fr\/wp-json\/wp\/v2\/media?parent=608123"}],"wp:term":[{"taxonomy":"category","embeddable":true,"href":"https:\/\/www.europesays.com\/fr\/wp-json\/wp\/v2\/categories?post=608123"},{"taxonomy":"post_tag","embeddable":true,"href":"https:\/\/www.europesays.com\/fr\/wp-json\/wp\/v2\/tags?post=608123"}],"curies":[{"name":"wp","href":"https:\/\/api.w.org\/{rel}","templated":true}]}}