{"id":608133,"date":"2025-12-18T20:08:11","date_gmt":"2025-12-18T20:08:11","guid":{"rendered":"https:\/\/www.europesays.com\/fr\/608133\/"},"modified":"2025-12-18T20:08:11","modified_gmt":"2025-12-18T20:08:11","slug":"pierre-herault-est-le-nouveau-manageur-general-du-tours-volley-ball","status":"publish","type":"post","link":"https:\/\/www.europesays.com\/fr\/608133\/","title":{"rendered":"Pierre H\u00e9rault est le nouveau manageur g\u00e9n\u00e9ral du Tours Volley-Ball"},"content":{"rendered":"<p>Voil\u00e0 qui signe la fin d\u2019une p\u00e9riode de transition dans un club qui aspirait \u00e0 un peu de stabilit\u00e9. Depuis la fin de la saison 2023-2024 et le d\u00e9part \u00ab\u00a0officiel\u00a0\u00bb de Pascal Foussard, le Tours VB a cherch\u00e9 le meilleur moyen d\u2019assurer la succession de son illustre directeur g\u00e9n\u00e9ral. L\u2019\u00e9ph\u00e9m\u00e8re <a target=\"_self\" href=\"https:\/\/www.lanouvellerepublique.fr\/tours\/msl-le-tours-volley-ball-se-separe-de-frantz-granvorka\" rel=\"noopener\">Frantz Granvorka\u00a0\u2013<\/a>\u00a0qui avait pris ses fonctions de manageur g\u00e9n\u00e9ral \u00e0 l\u2019\u00e9t\u00e9 2024 avant d\u2019\u00eatre remerci\u00e9 en novembre \u2013 n\u2019ayant pas fait l\u2019affaire, le club restait \u00e0 la recherche de la bonne organisation.<\/p>\n<p>S\u2019il a d\u2019abord r\u00e9gl\u00e9 le volet sportif en rappelant \u00e0 la rescousse Pascal Foussard en tant que \u00ab<a target=\"_self\" href=\"https:\/\/www.lanouvellerepublique.fr\/tours\/tours-vb-le-dossier-du-manageur-debloque-avec-pascal-foussard-1760638296\" rel=\"noopener\">\u00a0conseiller<\/a>\u00a0\u00bb, en charge notamment du recrutement, restait \u00e0 nommer un second visage, tourn\u00e9 vers l\u2019extra-sportif, pour compl\u00e9ter le tableau. C\u2019est d\u00e9sormais chose faite\u00a0: le TVB a ainsi annonc\u00e9, ce jeudi 18\u00a0d\u00e9cembre 2025, l\u2019arriv\u00e9e de Pierre H\u00e9rault en qualit\u00e9 de manageur g\u00e9n\u00e9ral. Il prendra ses fonctions \u00e0 compter du 5\u00a0janvier 2026&#8230;. <\/p>\n<p>    Cet article a \u00e9t\u00e9 tronqu\u00e9. Abonnez-vous pour lire l&rsquo;article complet sur notre site.<\/p>\n<p style=\"margin: 0 !important; padding: 0 !important; font-size: 12px !important;\">Cet article a \u00e9t\u00e9 tronqu\u00e9. Abonnez-vous pour lire l&rsquo;article complet.<\/p>\n<p>    <a href=\"https:\/\/www.lanouvellerepublique.fr\/abonnements\" style=\"display: inline-block; margin-top: 5px !important; padding: 6px 12px !important; background: #cb1c27; color: white; text-decoration: none; border-radius: 4px; font-size: 12px !important;\" target=\"_blank\" rel=\"noopener\"><br \/>\n      S&rsquo;abonner<br \/>\n    <\/a><\/p>\n","protected":false},"excerpt":{"rendered":"Voil\u00e0 qui signe la fin d\u2019une p\u00e9riode de transition dans un club qui aspirait \u00e0 un peu de&hellip;\n","protected":false},"author":2,"featured_media":608134,"comment_status":"","ping_status":"","sticky":false,"template":"","format":"standard","meta":{"footnotes":""},"categories":[1417],"tags":[1392,1011,27,1387,60,1390,1471,2767,1470,1469],"class_list":{"0":"post-608133","1":"post","2":"type-post","3":"status-publish","4":"format-standard","5":"has-post-thumbnail","7":"category-volley","8":"tag-a-la-une-local","9":"tag-fr","10":"tag-france","11":"tag-indre-et-loire","12":"tag-sports","13":"tag-tours","14":"tag-tours-volley-ball","15":"tag-tvb-37","16":"tag-volley","17":"tag-volleyball"},"share_on_mastodon":{"url":"https:\/\/pubeurope.com\/@fr\/115742382807462493","error":""},"_links":{"self":[{"href":"https:\/\/www.europesays.com\/fr\/wp-json\/wp\/v2\/posts\/608133","targetHints":{"allow":["GET"]}}],"collection":[{"href":"https:\/\/www.europesays.com\/fr\/wp-json\/wp\/v2\/posts"}],"about":[{"href":"https:\/\/www.europesays.com\/fr\/wp-json\/wp\/v2\/types\/post"}],"author":[{"embeddable":true,"href":"https:\/\/www.europesays.com\/fr\/wp-json\/wp\/v2\/users\/2"}],"replies":[{"embeddable":true,"href":"https:\/\/www.europesays.com\/fr\/wp-json\/wp\/v2\/comments?post=608133"}],"version-history":[{"count":0,"href":"https:\/\/www.europesays.com\/fr\/wp-json\/wp\/v2\/posts\/608133\/revisions"}],"wp:featuredmedia":[{"embeddable":true,"href":"https:\/\/www.europesays.com\/fr\/wp-json\/wp\/v2\/media\/608134"}],"wp:attachment":[{"href":"https:\/\/www.europesays.com\/fr\/wp-json\/wp\/v2\/media?parent=608133"}],"wp:term":[{"taxonomy":"category","embeddable":true,"href":"https:\/\/www.europesays.com\/fr\/wp-json\/wp\/v2\/categories?post=608133"},{"taxonomy":"post_tag","embeddable":true,"href":"https:\/\/www.europesays.com\/fr\/wp-json\/wp\/v2\/tags?post=608133"}],"curies":[{"name":"wp","href":"https:\/\/api.w.org\/{rel}","templated":true}]}}