{"id":608146,"date":"2025-12-18T20:20:15","date_gmt":"2025-12-18T20:20:15","guid":{"rendered":"https:\/\/www.europesays.com\/fr\/608146\/"},"modified":"2025-12-18T20:20:15","modified_gmt":"2025-12-18T20:20:15","slug":"edition-du-jeudi-18-decembre-2025-en-replay-journal-20h00-france-tv","status":"publish","type":"post","link":"https:\/\/www.europesays.com\/fr\/608146\/","title":{"rendered":"\u00c9dition du jeudi 18 d\u00e9cembre 2025 en replay &#8211; Journal 20h00 &#8211; France TV"},"content":{"rendered":"<ol>\n<li><a href=\"https:\/\/news.google.com\/rss\/articles\/CBMilgFBVV95cUxQeXNHelRlaXdaYWU2YXIzc0xtb0FXeGJ3VnRsb2pObUI3QmNBSEdQVlhGM3E4VUtkNkdkQmxoQzB5OEVWZVI1YjdzaTRMRHlVVXdQa25qLWh4ZE1UVThQR0hYOV8yUHg4WGdhWkZpNXk5cnFPOW1qeGdsSzAxZnkzMnhHN3Vaa1FiSTlHTHF5QjduOVRibFE?oc=5\" target=\"_blank\" rel=\"noopener\">\u00c9dition du jeudi 18 d\u00e9cembre 2025 en replay &#8211; Journal 20h00<\/a>&nbsp;&nbsp;France TV<\/li>\n<li><a href=\"https:\/\/news.google.com\/rss\/articles\/CBMilgFBVV95cUxPdnJaUVFJUG5CZFRPN051WTRDWVlpMGhHT1UtRVhDbkg1RmFwbzl0ZVRSRjZhaFRlbGtDTFBPb1pCbHhXN2xwNVJKcFJzTnJmaUdGQVY4NWZLYUV2NmE4LTdDOWM0QWJMb3FvZ3NXVWduS1NPX0xXd3lKd2RXQWpnWGpid1BUN3k2UmdrS3dDNnFoMHhHMFE?oc=5\" target=\"_blank\" rel=\"noopener\">\u00c9dition du jeudi 18 d\u00e9cembre 2025 en replay &#8211; Journal 13h00<\/a>&nbsp;&nbsp;France TV<\/li>\n<li><a href=\"https:\/\/news.google.com\/rss\/articles\/CBMipgFBVV95cUxNTm5OZGs4dkxwaXJ2OWdVdXJIOWhlamhYQ2ZEcDBIeExFQnF0TXpjUFBwamJ6cmdzUFI4NXE5clpHMndSRWJoOTFLeVBCOFlodlgxUFRTSC12RUhxaEpadkpLajZHSDNOc2s4VkZfTlprcFpHRnBBRkE4N2RCR1RkWFBkZU10cUxoY09aZ1B3R3B0ZTh2ODNYV2I0N283dEptMUxXVEFR?oc=5\" target=\"_blank\" rel=\"noopener\">Vosges. D\u00e9couvrez la Une de votre quotidien du jeudi 18 d\u00e9cembre<\/a>&nbsp;&nbsp;Vosges Matin<\/li>\n<li><a href=\"https:\/\/news.google.com\/rss\/articles\/CBMiY0FVX3lxTE9xUEM4QzNvZE5nN0l2R0dqX3QwbHJFc29pTUUxbGZhUGlxeXh4N1BYREdjUWo0QlUtUnV2YS1SLVprLWhoMm4wbmlRWThobkhYYkRHc1BWVWQtMzFNMjhYdWRtUQ?oc=5\" target=\"_blank\" rel=\"noopener\">\u00c9mission du 18 d\u00e9cembre 2025 | Le Petit Matin<\/a>&nbsp;&nbsp;Sud Radio<\/li>\n<li><a href=\"https:\/\/news.google.com\/rss\/articles\/CBMibkFVX3lxTE5qcHk3dVphVHo4eWhXUjJsZVFUR1hFUWtVY2RhUk5Pam5KcGo4REJaWUxGQzEydXBSeGpNWHpxMmNQQ2NYdF94al9sNi1mRzN5SnlEaEJCeURIT3VhZGFjQ1YtaXBRcDh5Mm91dUVB?oc=5\" target=\"_blank\" rel=\"noopener\">A Vous L&rsquo;antenne 18\/12\/2025 GMT<\/a>&nbsp;&nbsp;BBC<\/li>\n<\/ol>\n","protected":false},"excerpt":{"rendered":"\u00c9dition du jeudi 18 d\u00e9cembre 2025 en replay &#8211; Journal 20h00&nbsp;&nbsp;France TV \u00c9dition du jeudi 18 d\u00e9cembre 2025&hellip;\n","protected":false},"author":2,"featured_media":608147,"comment_status":"","ping_status":"","sticky":false,"template":"","format":"standard","meta":{"footnotes":""},"categories":[1356],"tags":[58,59,1011,27,252,1364],"class_list":{"0":"post-608146","1":"post","2":"type-post","3":"status-publish","4":"format-standard","5":"has-post-thumbnail","7":"category-television","8":"tag-divertissement","9":"tag-entertainment","10":"tag-fr","11":"tag-france","12":"tag-television","13":"tag-tv"},"share_on_mastodon":{"url":"https:\/\/pubeurope.com\/@fr\/115742430336004907","error":""},"_links":{"self":[{"href":"https:\/\/www.europesays.com\/fr\/wp-json\/wp\/v2\/posts\/608146","targetHints":{"allow":["GET"]}}],"collection":[{"href":"https:\/\/www.europesays.com\/fr\/wp-json\/wp\/v2\/posts"}],"about":[{"href":"https:\/\/www.europesays.com\/fr\/wp-json\/wp\/v2\/types\/post"}],"author":[{"embeddable":true,"href":"https:\/\/www.europesays.com\/fr\/wp-json\/wp\/v2\/users\/2"}],"replies":[{"embeddable":true,"href":"https:\/\/www.europesays.com\/fr\/wp-json\/wp\/v2\/comments?post=608146"}],"version-history":[{"count":0,"href":"https:\/\/www.europesays.com\/fr\/wp-json\/wp\/v2\/posts\/608146\/revisions"}],"wp:featuredmedia":[{"embeddable":true,"href":"https:\/\/www.europesays.com\/fr\/wp-json\/wp\/v2\/media\/608147"}],"wp:attachment":[{"href":"https:\/\/www.europesays.com\/fr\/wp-json\/wp\/v2\/media?parent=608146"}],"wp:term":[{"taxonomy":"category","embeddable":true,"href":"https:\/\/www.europesays.com\/fr\/wp-json\/wp\/v2\/categories?post=608146"},{"taxonomy":"post_tag","embeddable":true,"href":"https:\/\/www.europesays.com\/fr\/wp-json\/wp\/v2\/tags?post=608146"}],"curies":[{"name":"wp","href":"https:\/\/api.w.org\/{rel}","templated":true}]}}