{"id":608150,"date":"2025-12-18T20:22:11","date_gmt":"2025-12-18T20:22:11","guid":{"rendered":"https:\/\/www.europesays.com\/fr\/608150\/"},"modified":"2025-12-18T20:22:11","modified_gmt":"2025-12-18T20:22:11","slug":"de-feu-et-de-cendres-signe-le-meilleur-demarrage-de-lannee-en-france","status":"publish","type":"post","link":"https:\/\/www.europesays.com\/fr\/608150\/","title":{"rendered":"De feu et de cendres\u00a0\u00bb signe le meilleur d\u00e9marrage de l&rsquo;ann\u00e9e en France"},"content":{"rendered":"<p>Avec 273.370 entr\u00e9es en une journ\u00e9e, le troisi\u00e8me film de la saga de James Cameron signe le meilleur d\u00e9marrage de l&rsquo;ann\u00e9e en France et devance le score du pr\u00e9c\u00e9dent volet, \u00ab\u00a0La Voie de l&rsquo;eau\u00a0\u00bb.<\/p>\n<p>Certains afficionados de la saga <a href=\"https:\/\/www.bfmtv.com\/people\/cinema\/avatar-de-feu-et-de-cendres-un-spectacle-visuel-grandiose-qui-peine-a-reinventer-la-saga_AN-202512160033.html\" title=\"&quot;Avatar: De feu et de cendres&quot;: un spectacle visuel grandiose qui peine \u00e0 r\u00e9inventer la saga\" class=\"internal_link\" target=\"_blank\" rel=\"noopener\">Avatar<\/a> s&rsquo;\u00e9taient lev\u00e9s t\u00f4t ce mercredi matin pour assister \u00e0 la premi\u00e8re s\u00e9ance du troisi\u00e8me volet de la franchise De feu et de cendres, diffus\u00e9 d\u00e8s 8 heures \u00e0 l&rsquo;UGC Cin\u00e9 Cit\u00e9 des Halles \u00e0 Paris. De quoi donner le ton quant \u00e0 l&rsquo;engouement qu&rsquo;allait rencontrer le nouveau film de <a href=\"https:\/\/www.bfmtv.com\/people\/cinema\/un-film-plus-emouvant-james-cameron-se-confie-avant-la-sortie-d-avatar-de-feu-et-de-cendres_AV-202512160433.html\" title=\"&quot;Un film plus \u00e9mouvant&quot;: James Cameron se confie avant la sortie d&#039;&quot;Avatar: de feu et de cendres&quot;\" class=\"internal_link\" target=\"_blank\" rel=\"noopener\">James Cameron<\/a> en salles.<\/p>\n<p>R\u00e9sultat: Avatar: De feu et de cendres a cumul\u00e9 273.370 entr\u00e9es en une journ\u00e9e, signant le meilleur d\u00e9marrage de l&rsquo;ann\u00e9e en France devant Lilo &amp; Stitch (260.176 entr\u00e9es), sorti en mai dernier.<\/p>\n<p>Un meilleur score que \u00ab\u00a0La Voie de l&rsquo;eau\u00a0\u00bb<\/p>\n<p>Gr\u00e2ce \u00e0 ce succ\u00e8s dans les salles fran\u00e7aises, Avatar: De feu et de cendres, troisi\u00e8me volet plus sombre et violent de la saga, s&rsquo;offre un score d&rsquo;entr\u00e9e sup\u00e9rieur \u00e0 celui du pr\u00e9cedent film, <a href=\"https:\/\/www.bfmtv.com\/people\/cinema\/avatar-2-la-voie-de-l-eau-fait-son-grand-retour-au-cinema-pour-une-semaine_AN-202509040505.html\" title=\"&quot;Avatar 2: La Voie de l&#039;Eau&quot; fait son grand retour au cin\u00e9ma pour une semaine\" class=\"internal_link\" target=\"_blank\" rel=\"noopener\">La Voie de l&rsquo;eau<\/a>, d\u00e9voil\u00e9 le 14 d\u00e9cembre 2022.<\/p>\n<p>Mais, ce deuxi\u00e8me volet \u00e9tait toutefois \u00e9t\u00e9 sorti dans un contexte particulier: il avait \u00e9t\u00e9 diffus\u00e9 le jour de la demi-finale de la coupe du monde de football qui opposait la France et le Maroc. Le premier volet d&rsquo;Avatar avait quant \u00e0 lui connu un carton en salles lors de sa premi\u00e8re journ\u00e9e en salles en 2009 avec plus de 330 934 en France.<\/p>\n<p>Reste \u00e0 savoir si De feu et de cendres arrivera \u00e0 s\u00e9duire les spectateurs sur le long terme pour tenter de d\u00e9passer les 10 millions d&rsquo;entr\u00e9es, voire m\u00eame d&rsquo;\u00e9galer les chiffres records des deux premiers films: 14,6 millions d&rsquo;entr\u00e9es pour Avatar et 14 millions pour La Voie de l&rsquo;eau.<\/p>\n","protected":false},"excerpt":{"rendered":"Avec 273.370 entr\u00e9es en une journ\u00e9e, le troisi\u00e8me film de la saga de James Cameron signe le meilleur&hellip;\n","protected":false},"author":2,"featured_media":608151,"comment_status":"","ping_status":"","sticky":false,"template":"","format":"standard","meta":{"footnotes":""},"categories":[1354],"tags":[58,59,1346,1011,27,1360],"class_list":{"0":"post-608150","1":"post","2":"type-post","3":"status-publish","4":"format-standard","5":"has-post-thumbnail","7":"category-films","8":"tag-divertissement","9":"tag-entertainment","10":"tag-films","11":"tag-fr","12":"tag-france","13":"tag-movies"},"share_on_mastodon":{"url":"https:\/\/pubeurope.com\/@fr\/115742437886473654","error":""},"_links":{"self":[{"href":"https:\/\/www.europesays.com\/fr\/wp-json\/wp\/v2\/posts\/608150","targetHints":{"allow":["GET"]}}],"collection":[{"href":"https:\/\/www.europesays.com\/fr\/wp-json\/wp\/v2\/posts"}],"about":[{"href":"https:\/\/www.europesays.com\/fr\/wp-json\/wp\/v2\/types\/post"}],"author":[{"embeddable":true,"href":"https:\/\/www.europesays.com\/fr\/wp-json\/wp\/v2\/users\/2"}],"replies":[{"embeddable":true,"href":"https:\/\/www.europesays.com\/fr\/wp-json\/wp\/v2\/comments?post=608150"}],"version-history":[{"count":0,"href":"https:\/\/www.europesays.com\/fr\/wp-json\/wp\/v2\/posts\/608150\/revisions"}],"wp:featuredmedia":[{"embeddable":true,"href":"https:\/\/www.europesays.com\/fr\/wp-json\/wp\/v2\/media\/608151"}],"wp:attachment":[{"href":"https:\/\/www.europesays.com\/fr\/wp-json\/wp\/v2\/media?parent=608150"}],"wp:term":[{"taxonomy":"category","embeddable":true,"href":"https:\/\/www.europesays.com\/fr\/wp-json\/wp\/v2\/categories?post=608150"},{"taxonomy":"post_tag","embeddable":true,"href":"https:\/\/www.europesays.com\/fr\/wp-json\/wp\/v2\/tags?post=608150"}],"curies":[{"name":"wp","href":"https:\/\/api.w.org\/{rel}","templated":true}]}}