{"id":608156,"date":"2025-12-18T20:25:19","date_gmt":"2025-12-18T20:25:19","guid":{"rendered":"https:\/\/www.europesays.com\/fr\/608156\/"},"modified":"2025-12-18T20:25:19","modified_gmt":"2025-12-18T20:25:19","slug":"lamericaine-epinglee-par-la-kiss-cam-de-coldplay-revient-sur-le-cauchemar-quelle-a-vecu","status":"publish","type":"post","link":"https:\/\/www.europesays.com\/fr\/608156\/","title":{"rendered":"L\u2019Am\u00e9ricaine \u00e9pingl\u00e9e par la kiss cam de Coldplay revient sur le cauchemar qu\u2019elle a v\u00e9cu"},"content":{"rendered":"<p>        <img decoding=\"async\" loading=\"lazy\" src=\"https:\/\/www.europesays.com\/fr\/wp-content\/uploads\/2025\/12\/a79b8cc_upload-1-fwd7vjwou9w9-063-2219027353.jpg\"  width=\"728\" height=\"410\" alt=\"Chris Martin, performant avec Coldplay lors d\u2019un concert \u00e0 Las Vegas, le 6\u00a0juin 2025.\"\/>  <\/p>\n<p>ETHAN MILLER \/ Getty Images via AFP<\/p>\n<p>Chris Martin, performant avec Coldplay lors d\u2019un concert \u00e0 Las Vegas, le 6\u00a0juin 2025.<\/p>\n<p class=\"asset asset-text\">Durant l\u2019\u00e9t\u00e9, l\u2019histoire avait fait le tour du monde. Lors d\u2019un concert de Coldplay \u00e0 Boston le 16\u00a0juillet, Andy Byron, mari\u00e9 et \u00e0 la t\u00eate d\u2019une start-up new-yorkaise &#8211; <a href=\"https:\/\/www.huffingtonpost.fr\/tech-futurs\/article\/ce-que-revele-la-viralite-hallucinante-autour-de-la-demission-du-patron-d-astronomer-interview_252786.html\" target=\"_blank\" rel=\"noopener\">Astronomer<\/a> &#8211; et Kristin Cabot, la directrice des ressources humaines de l\u2019entreprise, avaient \u00e9t\u00e9 surpris enlac\u00e9s sur des images pass\u00e9es dans le stade <a href=\"https:\/\/www.huffingtonpost.fr\/divertissement\/video\/la-kiss-cam-du-concert-de-coldplay-est-deja-la-sequence-la-plus-virale-de-2025_252826.html\" target=\"_blank\" rel=\"noopener\">lors d\u2019une kiss cam<\/a>. Se rendant compte qu\u2019ils \u00e9taient film\u00e9s et visibles de tous, ils s\u2019\u00e9taient aussit\u00f4t s\u00e9par\u00e9s et cach\u00e9s dans un mouvement de panique.<\/p>\n<p class=\"asset asset-text\">Depuis, le patron de l\u2019entreprise valoris\u00e9e \u00e0 plus d\u2019un milliard de dollars a d\u00e9missionn\u00e9. Rest\u00e9e silencieuse pendant des mois, Kristin Cabot, a elle fini par s\u2019exprimer, <a href=\"https:\/\/www.nytimes.com\/2025\/12\/18\/style\/coldplay-concert-couple-kiss-cam-woman.html\" target=\"_blank\" rel=\"noopener\" title=\"Nouvelle fen\u00eatre\">dans les colonnes du New York Times ce jeudi 18\u00a0d\u00e9cembre<\/a>. Car sa vie a \u00e9t\u00e9 boulevers\u00e9e depuis cet incident, la DRH ayant aussi d\u00e9missionn\u00e9 dans les jours suivant le concert.<\/p>\n<p class=\"asset asset-text\">\u00ab\u00a0J\u2019ai pris une mauvaise d\u00e9cision, j\u2019ai bu quelques High Noons (un type de cocktail alcoolis\u00e9, NDLR), j\u2019ai dans\u00e9 et je me suis comport\u00e9e de mani\u00e8re inappropri\u00e9e avec mon patron\u00a0\u00bb, confie-t-elle au journal am\u00e9ricain. \u00ab\u00a0Ce n\u2019est pas rien. J\u2019ai assum\u00e9 mes responsabilit\u00e9s et j\u2019ai sacrifi\u00e9 ma carri\u00e8re pour cela. C\u2019est le prix que j\u2019ai choisi de payer\u00a0\u00bb, ajoute cette femme de 53\u00a0ans, qui dit avoir re\u00e7u depuis une soixantaine de menaces de mort.<\/p>\n<p>    600\u00a0appels par jour    <\/p>\n<p class=\"asset asset-text\">Kristin Cabot admet avoir eu un \u00ab\u00a0b\u00e9guin\u00a0\u00bb pour Andy Byron, mais elle assure cat\u00e9goriquement qu\u2019avant l\u2019\u00e9pisode de la vid\u00e9o, ils ne s\u2019\u00e9taient jamais embrass\u00e9s. Aujourd\u2019hui, elle regrette ce qu\u2019elle d\u00e9crit comme un moment \u00ab\u00a0clich\u00e9\u00a0\u00bb. \u00ab\u00a0Je veux que mes enfants sachent qu\u2019on peut faire des erreurs, et qu\u2019on peut vraiment tout g\u00e2cher. Mais on ne devrait pas recevoir de menaces de mort pour autant\u00a0\u00bb, d\u00e9plore-t-elle.<\/p>\n<p class=\"asset asset-text\">Au New York Times, elle raconte aussi avoir re\u00e7u jusqu\u2019\u00e0 600 appels par jour pendant des semaines, toutes sortes de menaces, des insultes et des paparazzi planqu\u00e9s devant chez elle. Elle explique encore avoir \u00e9t\u00e9 humili\u00e9e en ligne, moqu\u00e9e par des c\u00e9l\u00e9brit\u00e9s et trait\u00e9e d\u2019\u00ab\u00a0adult\u00e8re\u00a0\u00bb par des inconnus crois\u00e9s dans des lieux publics.<\/p>\n<p class=\"asset asset-text\">\u00c0 l\u2019inverse, l\u2019affaire avait eu des retomb\u00e9es positives pour le groupe <a href=\"https:\/\/www.huffingtonpost.fr\/divertissement\/video\/apres-la-video-virale-au-concert-de-coldplay-chris-martin-a-cette-fois-ci-prevenu-tout-le-public-avant-la-kiss-cam_252801.html\" target=\"_blank\" rel=\"noopener\">Coldplay<\/a>, dont les \u00e9coutes sur les sites de streaming musicaux <a href=\"https:\/\/www.huffingtonpost.fr\/culture\/article\/l-affaire-de-la-kiss-cam-au-concert-de-coldplay-a-aussi-des-retombees-positives-du-moins-pour-le-groupe_252975.html\" target=\"_blank\" rel=\"noopener\">avaient bondi de 25\u00a0% dans la foul\u00e9e<\/a>.<\/p>\n","protected":false},"excerpt":{"rendered":"ETHAN MILLER \/ Getty Images via AFP Chris Martin, performant avec Coldplay lors d\u2019un concert \u00e0 Las Vegas,&hellip;\n","protected":false},"author":2,"featured_media":608157,"comment_status":"","ping_status":"","sticky":false,"template":"","format":"standard","meta":{"footnotes":""},"categories":[8],"tags":[6439,58,59,73,1011,27,14],"class_list":{"0":"post-608156","1":"post","2":"type-post","3":"status-publish","4":"format-standard","5":"has-post-thumbnail","7":"category-divertissement","8":"tag-coldplay","9":"tag-divertissement","10":"tag-entertainment","11":"tag-etats-unis","12":"tag-fr","13":"tag-france","14":"tag-international"},"share_on_mastodon":{"url":"https:\/\/pubeurope.com\/@fr\/115742450491305937","error":""},"_links":{"self":[{"href":"https:\/\/www.europesays.com\/fr\/wp-json\/wp\/v2\/posts\/608156","targetHints":{"allow":["GET"]}}],"collection":[{"href":"https:\/\/www.europesays.com\/fr\/wp-json\/wp\/v2\/posts"}],"about":[{"href":"https:\/\/www.europesays.com\/fr\/wp-json\/wp\/v2\/types\/post"}],"author":[{"embeddable":true,"href":"https:\/\/www.europesays.com\/fr\/wp-json\/wp\/v2\/users\/2"}],"replies":[{"embeddable":true,"href":"https:\/\/www.europesays.com\/fr\/wp-json\/wp\/v2\/comments?post=608156"}],"version-history":[{"count":0,"href":"https:\/\/www.europesays.com\/fr\/wp-json\/wp\/v2\/posts\/608156\/revisions"}],"wp:featuredmedia":[{"embeddable":true,"href":"https:\/\/www.europesays.com\/fr\/wp-json\/wp\/v2\/media\/608157"}],"wp:attachment":[{"href":"https:\/\/www.europesays.com\/fr\/wp-json\/wp\/v2\/media?parent=608156"}],"wp:term":[{"taxonomy":"category","embeddable":true,"href":"https:\/\/www.europesays.com\/fr\/wp-json\/wp\/v2\/categories?post=608156"},{"taxonomy":"post_tag","embeddable":true,"href":"https:\/\/www.europesays.com\/fr\/wp-json\/wp\/v2\/tags?post=608156"}],"curies":[{"name":"wp","href":"https:\/\/api.w.org\/{rel}","templated":true}]}}