{"id":608162,"date":"2025-12-18T20:28:15","date_gmt":"2025-12-18T20:28:15","guid":{"rendered":"https:\/\/www.europesays.com\/fr\/608162\/"},"modified":"2025-12-18T20:28:15","modified_gmt":"2025-12-18T20:28:15","slug":"en-suede-le-meurtrier-presume-dolof-palme-exonere","status":"publish","type":"post","link":"https:\/\/www.europesays.com\/fr\/608162\/","title":{"rendered":"En Su\u00e8de, le meurtrier pr\u00e9sum\u00e9 d\u2019Olof Palme exon\u00e9r\u00e9"},"content":{"rendered":"<p>                     <img loading=\"lazy\" decoding=\"async\" src=\"https:\/\/www.europesays.com\/fr\/wp-content\/uploads\/2025\/12\/607a501_upload-1-rfbs6hywmnvu-000-arp1525630.jpg\" alt=\"Le lieu o\u00f9 le premier ministre su\u00e9dois Olof Palme a \u00e9t\u00e9 assassin\u00e9 dans la nuit du 28\u00a0f\u00e9vrier 1986, dans le centre de Stockholm, le 1er mars 1986.\"   width=\"664\" height=\"443\"\/>    Le lieu o\u00f9 le premier ministre su\u00e9dois Olof Palme a \u00e9t\u00e9 assassin\u00e9 dans la nuit du 28\u00a0f\u00e9vrier 1986, dans le centre de Stockholm, le 1er mars 1986.  AFP                 <\/p>\n<p class=\"article__paragraph  \">Il s\u2019agit d\u2019un rebondissement que personne n\u2019attendait en Su\u00e8de, dans une des plus grosses enqu\u00eates du monde. Trente-quatre ans apr\u00e8s l\u2019assassinat du premier ministre Olof Palme, tu\u00e9 en plein centre de Stockholm le 28\u00a0f\u00e9vrier\u00a01986, Stig\u00a0Engstr\u00f6m avait \u00e9t\u00e9 d\u00e9sign\u00e9 par le procureur en charge du dossier comme son meurtrier pr\u00e9sum\u00e9, lors d\u2019une conf\u00e9rence de presse en juin\u00a02020. Faute de pouvoir juger \u00ab\u00a0l\u2019homme de Skandia\u00a0\u00bb, du nom du bureau d\u2019assurance o\u00f9 il travaillait, qui avait mis fin \u00e0 ses jours en\u00a02000, l\u2019enqu\u00eate avait \u00e9t\u00e9 close.<\/p>\n<p>                                   Lire aussi l\u2019archive (2020) :  Article r\u00e9serv\u00e9 \u00e0 nos abonn\u00e9s  <a href=\"https:\/\/www.lemonde.fr\/international\/article\/2020\/06\/10\/trente-qautre-ans-apres-la-justice-suedoise-identifie-le-meurtrier-d-olof-palme_6042366_3210.html\" class=\"js-article-read-also catcher--favoris__link\" data-premium=\"1\" id=\"article-title-3175625\" target=\"_blank\" rel=\"noopener\">Le meurtrier d\u2019Olof Palme, premier ministre su\u00e9dois tu\u00e9 en pleine rue, identifi\u00e9 34\u00a0ans apr\u00e8s<\/a>    <\/p>\n<p>   Lire plus tard  <\/p>\n<p class=\"article__paragraph  \">Cinq ans et demi plus tard, le procureur g\u00e9n\u00e9ral, Lennart Gun\u00e9, a annonc\u00e9 jeudi 18\u00a0d\u00e9cembre que l\u2019affaire \u00e9tait de nouveau class\u00e9e comme \u00ab\u00a0non \u00e9lucid\u00e9e\u00a0\u00bb. M.\u00a0Gun\u00e9 a justifi\u00e9 ce revirement par le manque de preuve contre le graphiste, \u00e2g\u00e9 de 52\u00a0ans au moment des faits, et qui n\u2019a eu de cesse d\u2019intervenir dans l\u2019enqu\u00eate. D\u00e8s le lendemain du meurtre auquel il disait avoir assist\u00e9, cet \u00e9trange personnage contactait la police et les m\u00e9dias, affirmant avoir vu un suspect \u00ab\u00a0avec une veste bleue\u00a0\u00bb.<\/p>\n<p class=\"article__paragraph  \">Sa culpabilit\u00e9, cependant, n\u2019a jamais pu \u00eatre d\u00e9montr\u00e9e et sa mise en cause officielle, en juin\u00a02020, par le procureur sp\u00e9cial Krister Petersson, avait provoqu\u00e9 l\u2019indignation en Su\u00e8de, tant les \u00e9l\u00e9ments \u00e0 charge contre lui semblaient l\u00e9gers. Le raisonnement du magistrat semblait alors calqu\u00e9 sur le livre (non traduit) du journaliste Thomas Pettersson, publi\u00e9 en\u00a02018\u00a0et intitul\u00e9 Le meurtrier improbable, adapt\u00e9 depuis au petit \u00e9cran par Netflix.<\/p>\n<p class=\"reading-mode-only \"><strong>Il vous reste 56.23% de cet article \u00e0 lire. La suite est r\u00e9serv\u00e9e aux abonn\u00e9s.<\/strong><\/p>\n","protected":false},"excerpt":{"rendered":"Le lieu o\u00f9 le premier ministre su\u00e9dois Olof Palme a \u00e9t\u00e9 assassin\u00e9 dans la nuit du 28\u00a0f\u00e9vrier 1986,&hellip;\n","protected":false},"author":2,"featured_media":608163,"comment_status":"","ping_status":"","sticky":false,"template":"","format":"standard","meta":{"footnotes":""},"categories":[5],"tags":[11,1011,27,14,12,28],"class_list":{"0":"post-608162","1":"post","2":"type-post","3":"status-publish","4":"format-standard","5":"has-post-thumbnail","7":"category-international","8":"tag-actualites","9":"tag-fr","10":"tag-france","11":"tag-international","12":"tag-news","13":"tag-world"},"share_on_mastodon":{"url":"https:\/\/pubeurope.com\/@fr\/115742463516143600","error":""},"_links":{"self":[{"href":"https:\/\/www.europesays.com\/fr\/wp-json\/wp\/v2\/posts\/608162","targetHints":{"allow":["GET"]}}],"collection":[{"href":"https:\/\/www.europesays.com\/fr\/wp-json\/wp\/v2\/posts"}],"about":[{"href":"https:\/\/www.europesays.com\/fr\/wp-json\/wp\/v2\/types\/post"}],"author":[{"embeddable":true,"href":"https:\/\/www.europesays.com\/fr\/wp-json\/wp\/v2\/users\/2"}],"replies":[{"embeddable":true,"href":"https:\/\/www.europesays.com\/fr\/wp-json\/wp\/v2\/comments?post=608162"}],"version-history":[{"count":0,"href":"https:\/\/www.europesays.com\/fr\/wp-json\/wp\/v2\/posts\/608162\/revisions"}],"wp:featuredmedia":[{"embeddable":true,"href":"https:\/\/www.europesays.com\/fr\/wp-json\/wp\/v2\/media\/608163"}],"wp:attachment":[{"href":"https:\/\/www.europesays.com\/fr\/wp-json\/wp\/v2\/media?parent=608162"}],"wp:term":[{"taxonomy":"category","embeddable":true,"href":"https:\/\/www.europesays.com\/fr\/wp-json\/wp\/v2\/categories?post=608162"},{"taxonomy":"post_tag","embeddable":true,"href":"https:\/\/www.europesays.com\/fr\/wp-json\/wp\/v2\/tags?post=608162"}],"curies":[{"name":"wp","href":"https:\/\/api.w.org\/{rel}","templated":true}]}}