{"id":608168,"date":"2025-12-18T20:32:35","date_gmt":"2025-12-18T20:32:35","guid":{"rendered":"https:\/\/www.europesays.com\/fr\/608168\/"},"modified":"2025-12-18T20:32:35","modified_gmt":"2025-12-18T20:32:35","slug":"saint-genest-lerpt-ventes-de-plantes-fleurs-et-decorations-ca-cartonne-a-noel-ca-baisse-le-jour-de-lan","status":"publish","type":"post","link":"https:\/\/www.europesays.com\/fr\/608168\/","title":{"rendered":"Saint-Genest-Lerpt. Ventes de plantes, fleurs et d\u00e9corations\u2026 \u00e7a\u00a0cartonne \u00e0 No\u00ebl, \u00e7a baisse le jour de l\u2019An"},"content":{"rendered":"<p>Vincent Lager g\u00e8re la boutique R\u00eave de Fleurs, rue de la R\u00e9publique. Si cette p\u00e9riode des f\u00eates de fin d\u2019ann\u00e9e repr\u00e9sente 6 \u00e0 7\u00a0% de son chiffre d\u2019affaires, comme la f\u00eate des M\u00e8res, il a not\u00e9, au fil du temps, une r\u00e9elle \u00e9volution des mentalit\u00e9s, ce qui conduit \u00e0 un rush lors des derniers jours pr\u00e9c\u00e9dant No\u00ebl\u00a0; le 1er \u00a0janvier devient anecdotique. Rencontre.<\/p>\n<blockquote class=\"question\"><p>Comment jugez-vous cette p\u00e9riode au niveau des ventes\u00a0?<\/p><\/blockquote>\n<p>\u00ab\u00a0Les commandes diminuent et le client vient directement en boutique\u00a0; ce qui peut g\u00e9n\u00e9rer des achats impulsifs.\u00a0\u00bb<\/p>\n<blockquote class=\"question\"><p>Que&#8230;<\/p><\/blockquote>\n","protected":false},"excerpt":{"rendered":"Vincent Lager g\u00e8re la boutique R\u00eave de Fleurs, rue de la R\u00e9publique. Si cette p\u00e9riode des f\u00eates de&hellip;\n","protected":false},"author":2,"featured_media":608169,"comment_status":"","ping_status":"","sticky":false,"template":"","format":"standard","meta":{"footnotes":""},"categories":[9653],"tags":[1111,11,2430,4406,33,7539,1777,674,1011,27,12,25,12490,12491,4001,17929],"class_list":{"0":"post-608168","1":"post","2":"type-post","3":"status-publish","4":"format-standard","5":"has-post-thumbnail","7":"category-saint-etienne","8":"tag-actu","9":"tag-actualites","10":"tag-auvergne-rhone-alpes","11":"tag-commerce-et-services","12":"tag-economie","13":"tag-edition-loire-sud","14":"tag-eu","15":"tag-europe","16":"tag-fr","17":"tag-france","18":"tag-news","19":"tag-republique-francaise","20":"tag-roche-la-moliere","21":"tag-roche-la-moliere-bassin","22":"tag-saint-etienne","23":"tag-saint-genest-lerpt"},"share_on_mastodon":{"url":"https:\/\/pubeurope.com\/@fr\/115742477146291510","error":""},"_links":{"self":[{"href":"https:\/\/www.europesays.com\/fr\/wp-json\/wp\/v2\/posts\/608168","targetHints":{"allow":["GET"]}}],"collection":[{"href":"https:\/\/www.europesays.com\/fr\/wp-json\/wp\/v2\/posts"}],"about":[{"href":"https:\/\/www.europesays.com\/fr\/wp-json\/wp\/v2\/types\/post"}],"author":[{"embeddable":true,"href":"https:\/\/www.europesays.com\/fr\/wp-json\/wp\/v2\/users\/2"}],"replies":[{"embeddable":true,"href":"https:\/\/www.europesays.com\/fr\/wp-json\/wp\/v2\/comments?post=608168"}],"version-history":[{"count":0,"href":"https:\/\/www.europesays.com\/fr\/wp-json\/wp\/v2\/posts\/608168\/revisions"}],"wp:featuredmedia":[{"embeddable":true,"href":"https:\/\/www.europesays.com\/fr\/wp-json\/wp\/v2\/media\/608169"}],"wp:attachment":[{"href":"https:\/\/www.europesays.com\/fr\/wp-json\/wp\/v2\/media?parent=608168"}],"wp:term":[{"taxonomy":"category","embeddable":true,"href":"https:\/\/www.europesays.com\/fr\/wp-json\/wp\/v2\/categories?post=608168"},{"taxonomy":"post_tag","embeddable":true,"href":"https:\/\/www.europesays.com\/fr\/wp-json\/wp\/v2\/tags?post=608168"}],"curies":[{"name":"wp","href":"https:\/\/api.w.org\/{rel}","templated":true}]}}