{"id":608170,"date":"2025-12-18T20:33:30","date_gmt":"2025-12-18T20:33:30","guid":{"rendered":"https:\/\/www.europesays.com\/fr\/608170\/"},"modified":"2025-12-18T20:33:30","modified_gmt":"2025-12-18T20:33:30","slug":"lambiance-sera-festive-et-chaleureuse","status":"publish","type":"post","link":"https:\/\/www.europesays.com\/fr\/608170\/","title":{"rendered":"\u00ab\u00a0L&rsquo;ambiance sera festive et chaleureuse\u00a0\u00bb"},"content":{"rendered":"<p>Elle est passionn\u00e9e de foot. Lui beaucoup moins. \u00c9piphanie Messou et Jean-Philippe Amoakon sont en couple et sont originaires du pays tenant du titre de la Coupe d\u2019Afrique des nations (CAN)\u00a0: la C\u00f4te d&rsquo;Ivoire.<\/p>\n<p>\u00ab\u00a0C\u2019est un pays d\u2019hospitalit\u00e9 o\u00f9, lors de chaque \u00e9dition, il y a un Village CAN, pour cr\u00e9er une ambiance festive et chaleureuse lors de matchs de la comp\u00e9tition\u00a0\u00bb, explique \u00c9piphanie Messou, <a href=\"https:\/\/www.leprogres.fr\/culture-loisirs\/2025\/12\/16\/la-lyon-can-zone-veut-faire-vibrer-la-metropole-au-rythme-du-football-africain\" target=\"_blank\" rel=\"noopener\">qui a souhait\u00e9 appliquer cette initiative \u00e0 Saint-Etienne<\/a>.<\/p>\n<p>\u00ab\u00a0D\u00e8s qu\u2019elle m\u2019en a parl\u00e9, j\u2019ai adh\u00e9r\u00e9\u00a0\u00bb, poursuit son compagnon,&#8230;<\/p>\n","protected":false},"excerpt":{"rendered":"Elle est passionn\u00e9e de foot. Lui beaucoup moins. \u00c9piphanie Messou et Jean-Philippe Amoakon sont en couple et sont&hellip;\n","protected":false},"author":2,"featured_media":608171,"comment_status":"","ping_status":"","sticky":false,"template":"","format":"standard","meta":{"footnotes":""},"categories":[9653],"tags":[1111,11,2430,7539,1777,674,63,1011,27,12,25,4001,7538,104,1631],"class_list":{"0":"post-608170","1":"post","2":"type-post","3":"status-publish","4":"format-standard","5":"has-post-thumbnail","7":"category-saint-etienne","8":"tag-actu","9":"tag-actualites","10":"tag-auvergne-rhone-alpes","11":"tag-edition-loire-sud","12":"tag-eu","13":"tag-europe","14":"tag-football","15":"tag-fr","16":"tag-france","17":"tag-news","18":"tag-republique-francaise","19":"tag-saint-etienne","20":"tag-saint-etienne-ville","21":"tag-societe","22":"tag-vie-associative"},"share_on_mastodon":{"url":"https:\/\/pubeurope.com\/@fr\/115742481259130385","error":""},"_links":{"self":[{"href":"https:\/\/www.europesays.com\/fr\/wp-json\/wp\/v2\/posts\/608170","targetHints":{"allow":["GET"]}}],"collection":[{"href":"https:\/\/www.europesays.com\/fr\/wp-json\/wp\/v2\/posts"}],"about":[{"href":"https:\/\/www.europesays.com\/fr\/wp-json\/wp\/v2\/types\/post"}],"author":[{"embeddable":true,"href":"https:\/\/www.europesays.com\/fr\/wp-json\/wp\/v2\/users\/2"}],"replies":[{"embeddable":true,"href":"https:\/\/www.europesays.com\/fr\/wp-json\/wp\/v2\/comments?post=608170"}],"version-history":[{"count":0,"href":"https:\/\/www.europesays.com\/fr\/wp-json\/wp\/v2\/posts\/608170\/revisions"}],"wp:featuredmedia":[{"embeddable":true,"href":"https:\/\/www.europesays.com\/fr\/wp-json\/wp\/v2\/media\/608171"}],"wp:attachment":[{"href":"https:\/\/www.europesays.com\/fr\/wp-json\/wp\/v2\/media?parent=608170"}],"wp:term":[{"taxonomy":"category","embeddable":true,"href":"https:\/\/www.europesays.com\/fr\/wp-json\/wp\/v2\/categories?post=608170"},{"taxonomy":"post_tag","embeddable":true,"href":"https:\/\/www.europesays.com\/fr\/wp-json\/wp\/v2\/tags?post=608170"}],"curies":[{"name":"wp","href":"https:\/\/api.w.org\/{rel}","templated":true}]}}