{"id":608172,"date":"2025-12-18T20:34:35","date_gmt":"2025-12-18T20:34:35","guid":{"rendered":"https:\/\/www.europesays.com\/fr\/608172\/"},"modified":"2025-12-18T20:34:35","modified_gmt":"2025-12-18T20:34:35","slug":"nancy-marches-dart-et-dartisanat-a-lhorizon-du-week-end","status":"publish","type":"post","link":"https:\/\/www.europesays.com\/fr\/608172\/","title":{"rendered":"Nancy. March\u00e9s d\u2019art et d\u2019artisanat \u00e0 l\u2019horizon du week-end"},"content":{"rendered":"<p><strong> \u25b6 \u2002 L\u2019Art et la Mani\u00e8re.<\/strong> Pour sa troisi\u00e8me \u00e9dition, <a href=\"https:\/\/www.estrepublicain.fr\/culture-loisirs\/2025\/11\/01\/l-art-et-la-maniere-n-a-plus-les-moyens-de-s-installer-a-l-octroi-et-change-de-lieu-pour-2025\" target=\"_blank\" rel=\"noopener\">l\u2019h\u00e9ritier du P\u2019tit Bazar a jet\u00e9 l\u2019ancre \u00e0 la MJC des Trois-Maisons<\/a> , bien moins douloureux pour ses finances que la grande halle de l\u2019Octroi. Et peu importe le port d\u2019attache, le march\u00e9 d\u2019art reste chaleureux. Pour le second week-end (il a d\u00e9j\u00e0 ouvert ses portes les 13 et 14\u00a0d\u00e9cembre), les cr\u00e9ateurs locaux seront au rendez-vous et proposeront s\u00e9rigraphie, illustration, c\u00e9ramique, bijoux, sculpture, peinture, bois, design\u2026<\/p>\n<p>Entr\u00e9e libre. Samedi\u00a020 de 14\u00a0h \u00e0 minuit et dimanche 21\u00a0d\u00e9cembre de 11\u00a0h \u00e0 19\u00a0h. MJC des 3 maisons, 12 rue de Fontenoy.<\/p>\n<p><strong> \u25b6 \u2002 Gare \u00e0 l\u2019Art.<\/strong> Ce march\u00e9 des m\u00e9tiers d\u2019art en est lui \u00e0 sa 19e \u00e9dition\u00a0! Mais longtemps amarr\u00e9 \u00e0 la galerie de Thermal, il prend d\u00e9sormais <a href=\"https:\/\/www.estrepublicain.fr\/culture-loisirs\/2024\/12\/21\/gare-a-l-art-dans-les-salons-de-la-mairie-de-nancy\" target=\"_blank\" rel=\"noopener\">ses quartiers dans les Grands salons de l\u2019h\u00f4tel de ville.<\/a> 40 exposants seront pr\u00e9sents\u00a0: c\u00e9ramistes, verriers, bijoutiers, artisans d\u2019exception\u2026<\/p>\n<p>Entr\u00e9e libre. Vendredi\u00a019 de 14 \u00e0 21\u00a0h, samedi 20\u00a0d\u00e9cembre de 10\u00a0h \u00e0 20\u00a0h, et dimanche 21\u00a0d\u00e9cembre de 10\u00a0h \u00e0 18\u00a0h. Grands salons de l\u2019H\u00f4tel de Ville.<\/p>\n<p><strong> \u25b6 \u2002 Salon des artistes \u00e0 l\u2019Op\u00e9ra.<\/strong> Ce salon se d\u00e9guste surtout avec les oreilles. <a href=\"https:\/\/www.estrepublicain.fr\/culture-loisirs\/2025\/12\/08\/concert-aperitif-avec-les-artistes-du-choeur-de-l-opera\" target=\"_blank\" rel=\"noopener\">Les artistes du ch\u0153ur de l\u2019Op\u00e9ra donnent un concert d\u2019une heure<\/a> pendant laquelle ils interpr\u00e8tent chants de No\u00ebl, airs d\u2019op\u00e9rettes et autres surprises.<\/p>\n<p>\u00c0 consommer sans mod\u00e9ration\u00a0! Attention, ce concert-ap\u00e9ritif, un verre est offert, est sur r\u00e9servation (opera-nancy.fr).<\/p>\n<p>Salon des artistes, samedi 20\u00a0d\u00e9cembre, \u00e0 11\u00a0h \u00e0 l\u2019Op\u00e9ra, Tarifs\u00a0: 11\u00a0\u20ac (plein tarif), 5\u00a0\u20ac (enfant &#8211; 12 ans).<\/p>\n","protected":false},"excerpt":{"rendered":"\u25b6 \u2002 L\u2019Art et la Mani\u00e8re. Pour sa troisi\u00e8me \u00e9dition, l\u2019h\u00e9ritier du P\u2019tit Bazar a jet\u00e9 l\u2019ancre \u00e0&hellip;\n","protected":false},"author":2,"featured_media":608173,"comment_status":"","ping_status":"","sticky":false,"template":"","format":"standard","meta":{"footnotes":""},"categories":[9635],"tags":[1111,11,1477,33,1704,1777,674,1011,27,775,1702,1703,12,25],"class_list":{"0":"post-608172","1":"post","2":"type-post","3":"status-publish","4":"format-standard","5":"has-post-thumbnail","7":"category-nancy","8":"tag-actu","9":"tag-actualites","10":"tag-artisanat","11":"tag-economie","12":"tag-edition-nancy-et-agglomeration","13":"tag-eu","14":"tag-europe","15":"tag-fr","16":"tag-france","17":"tag-grand-est","18":"tag-nancy","19":"tag-nancy-ville-54b","20":"tag-news","21":"tag-republique-francaise"},"share_on_mastodon":{"url":"https:\/\/pubeurope.com\/@fr\/115742485396205567","error":""},"_links":{"self":[{"href":"https:\/\/www.europesays.com\/fr\/wp-json\/wp\/v2\/posts\/608172","targetHints":{"allow":["GET"]}}],"collection":[{"href":"https:\/\/www.europesays.com\/fr\/wp-json\/wp\/v2\/posts"}],"about":[{"href":"https:\/\/www.europesays.com\/fr\/wp-json\/wp\/v2\/types\/post"}],"author":[{"embeddable":true,"href":"https:\/\/www.europesays.com\/fr\/wp-json\/wp\/v2\/users\/2"}],"replies":[{"embeddable":true,"href":"https:\/\/www.europesays.com\/fr\/wp-json\/wp\/v2\/comments?post=608172"}],"version-history":[{"count":0,"href":"https:\/\/www.europesays.com\/fr\/wp-json\/wp\/v2\/posts\/608172\/revisions"}],"wp:featuredmedia":[{"embeddable":true,"href":"https:\/\/www.europesays.com\/fr\/wp-json\/wp\/v2\/media\/608173"}],"wp:attachment":[{"href":"https:\/\/www.europesays.com\/fr\/wp-json\/wp\/v2\/media?parent=608172"}],"wp:term":[{"taxonomy":"category","embeddable":true,"href":"https:\/\/www.europesays.com\/fr\/wp-json\/wp\/v2\/categories?post=608172"},{"taxonomy":"post_tag","embeddable":true,"href":"https:\/\/www.europesays.com\/fr\/wp-json\/wp\/v2\/tags?post=608172"}],"curies":[{"name":"wp","href":"https:\/\/api.w.org\/{rel}","templated":true}]}}