{"id":608179,"date":"2025-12-18T20:43:23","date_gmt":"2025-12-18T20:43:23","guid":{"rendered":"https:\/\/www.europesays.com\/fr\/608179\/"},"modified":"2025-12-18T20:43:23","modified_gmt":"2025-12-18T20:43:23","slug":"une-enseigne-tres-populaire-sinstalle-pres-de-chez-vous","status":"publish","type":"post","link":"https:\/\/www.europesays.com\/fr\/608179\/","title":{"rendered":"une enseigne tr\u00e8s populaire s\u2019installe pr\u00e8s de chez vous"},"content":{"rendered":"<p>                    Par<br \/>\n        <strong><br \/>\n            <a href=\"https:\/\/actu.fr\/auteur\/metropoop\" title=\"Consulter tous les articles de R\u00e9daction M\u00e9tropolitain\" target=\"_blank\" rel=\"noopener\">R\u00e9daction M\u00e9tropolitain<\/a><br \/>\n                    <\/strong><\/p>\n<p>        Publi\u00e9 le<\/p>\n<p>            18 d\u00e9c. 2025 \u00e0 20h38        <\/p>\n<p>Dans l\u2019impasse des \u00c9glantiers, au nord de Montpellier, les \u00e9quipes s\u2019affairent et le compte \u00e0 rebours touche \u00e0 sa fin. L\u2019enseigne Action annonce une ouverture<strong> ce samedi 20 d\u00e9cembre 2025<\/strong> <a href=\"https:\/\/www.action.com\/fr-fr\/points-de-vente\/saint-clement-de-riviere-impasse-des-eglantiers\/\" target=\"_blank\" rel=\"noopener\">sur son site internet<\/a>. Le nouveau magasin de Saint-Cl\u00e9ment-de-Rivi\u00e8re s\u2019appr\u00eate \u00e0 accueillir ses premiers clients d\u00e8s le matin.<\/p>\n<p>    <a href=\"https:\/\/www.google.com\/maps\/embed?pb=!1m18!1m12!1m3!1d23114.090373704526!2d3.840409599999999!3d43.6011008!2m3!1f0!2f0!3f0!3m2!1i1024!2i768!4f13.1!3m3!1m2!1s0x12b6a934e834ae93%3A0x428335b762f1d39!2sImp.%20des%20%C3%89glantiers%2C%2034980%20Saint-Cl%C3%A9ment-de-Rivi%C3%A8re!5e0!3m2!1sfr!2sfr!4v1766081236963!5m2!1sfr!2sfr\" title=\"Ouvrie le lien\" target=\"_blank\" rel=\"noopener\">Cliquez ici pour visualiser le contenu<\/a><\/p>\n<p>Une enseigne devenue incontournable<\/p>\n<p class=\" wall-content\">Action ne cesse de gagner du terrain en France. Le groupe compte d\u00e9sormais <strong>900 magasins<\/strong> sur le territoire. En seulement trois ans, l\u2019enseigne de hard discount s\u2019est hiss\u00e9e en t\u00eate des marques pr\u00e9f\u00e9r\u00e9es des Fran\u00e7ais et devance Leroy Merlin et D\u00e9cathlon dans les classements nationaux. Dans un magasin Action, l\u2019offre couvre de nombreux besoins du quotidien. Les clients trouvent des produits de m\u00e9nage, d\u2019hygi\u00e8ne et de d\u00e9coration. Les rayons proposent aussi des articles de rangement, de bricolage l\u00e9ger et d\u2019\u00e9lectronique.\u00a0<\/p>\n<p class=\" wall-content\">L\u2019assortiment \u00e9volue sans cesse. Environ 6 000 articles sont propos\u00e9s dans chaque magasin. Seuls 35 % de cette gamme restent fixes. Le succ\u00e8s d\u2019Action repose avant tout sur sa politique tarifaire : le co\u00fbt moyen d\u2019un article reste inf\u00e9rieur \u00e0 deux euros.<\/p>\n<p>    <a href=\"https:\/\/www.facebook.com\/plugins\/post.php?href=https%3A%2F%2Fwww.facebook.com%2FGrabelsauQuotidien%2Fposts%2Fpfbid02r7LXCTMwrHgwq4Ek8Y9n894Pin4RNoBiFcjZLrGH1ABTxG8GVNRYFqkwzzbJ5eK6l&amp;show_text=true&amp;width=350\" title=\"Ouvrie le lien\" target=\"_blank\" rel=\"noopener\">Cliquez ici pour visualiser le contenu<\/a><\/p>\n<p class=\" wall-content\">Personnalisez votre actualit\u00e9 en ajoutant vos villes et m\u00e9dias en favori avec <a href=\"https:\/\/moncompte.actu.fr\" title=\"D\u00e9couvez Mon Actu\" rel=\"nofollow noopener\" data-trk=\"{&quot;cta&quot;:{&quot;action&quot;:&quot;https:\\\/\\\/moncompte.actu.fr&quot;,&quot;category&quot;:&quot;mon compte&quot;,&quot;from&quot;:&quot;article footer&quot;,&quot;name&quot;:&quot;Mon actu&quot;,&quot;type&quot;:&quot;cta&quot;}}\" target=\"_blank\">Mon Actu<\/a>.<\/p>\n","protected":false},"excerpt":{"rendered":"Par R\u00e9daction M\u00e9tropolitain Publi\u00e9 le 18 d\u00e9c. 2025 \u00e0 20h38 Dans l\u2019impasse des \u00c9glantiers, au nord de Montpellier,&hellip;\n","protected":false},"author":2,"featured_media":608180,"comment_status":"","ping_status":"","sticky":false,"template":"","format":"standard","meta":{"footnotes":""},"categories":[9599],"tags":[1111,11,1261,215,33,1777,674,1011,27,2208,12,2680,25,216],"class_list":{"0":"post-608179","1":"post","2":"type-post","3":"status-publish","4":"format-standard","5":"has-post-thumbnail","7":"category-montpellier","8":"tag-actu","9":"tag-actualites","10":"tag-argent","11":"tag-commerce","12":"tag-economie","13":"tag-eu","14":"tag-europe","15":"tag-fr","16":"tag-france","17":"tag-montpellier","18":"tag-news","19":"tag-occitanie","20":"tag-republique-francaise","21":"tag-vie-des-entreprises"},"share_on_mastodon":{"url":"https:\/\/pubeurope.com\/@fr\/115742520289935164","error":""},"_links":{"self":[{"href":"https:\/\/www.europesays.com\/fr\/wp-json\/wp\/v2\/posts\/608179","targetHints":{"allow":["GET"]}}],"collection":[{"href":"https:\/\/www.europesays.com\/fr\/wp-json\/wp\/v2\/posts"}],"about":[{"href":"https:\/\/www.europesays.com\/fr\/wp-json\/wp\/v2\/types\/post"}],"author":[{"embeddable":true,"href":"https:\/\/www.europesays.com\/fr\/wp-json\/wp\/v2\/users\/2"}],"replies":[{"embeddable":true,"href":"https:\/\/www.europesays.com\/fr\/wp-json\/wp\/v2\/comments?post=608179"}],"version-history":[{"count":0,"href":"https:\/\/www.europesays.com\/fr\/wp-json\/wp\/v2\/posts\/608179\/revisions"}],"wp:featuredmedia":[{"embeddable":true,"href":"https:\/\/www.europesays.com\/fr\/wp-json\/wp\/v2\/media\/608180"}],"wp:attachment":[{"href":"https:\/\/www.europesays.com\/fr\/wp-json\/wp\/v2\/media?parent=608179"}],"wp:term":[{"taxonomy":"category","embeddable":true,"href":"https:\/\/www.europesays.com\/fr\/wp-json\/wp\/v2\/categories?post=608179"},{"taxonomy":"post_tag","embeddable":true,"href":"https:\/\/www.europesays.com\/fr\/wp-json\/wp\/v2\/tags?post=608179"}],"curies":[{"name":"wp","href":"https:\/\/api.w.org\/{rel}","templated":true}]}}