{"id":608187,"date":"2025-12-18T21:02:23","date_gmt":"2025-12-18T21:02:23","guid":{"rendered":"https:\/\/www.europesays.com\/fr\/608187\/"},"modified":"2025-12-18T21:02:23","modified_gmt":"2025-12-18T21:02:23","slug":"en-images-decouvrez-les-premiers-cliches-du-spectacle-reve-de-lumiere-qui-sera-projete","status":"publish","type":"post","link":"https:\/\/www.europesays.com\/fr\/608187\/","title":{"rendered":"EN IMAGES. D\u00e9couvrez les premiers clich\u00e9s du spectacle \u00ab\u00a0R\u00eave de lumi\u00e8re\u00a0\u00bb qui sera projet\u00e9"},"content":{"rendered":"<p>C\u2019est une tradition rennaise devenue incontournable. Comme chaque ann\u00e9e, la fa\u00e7ade de la mairie devient l\u2019\u00e9cran et l\u2019\u00e9crin d\u2019un <a href=\"https:\/\/rennes.maville.com\/actu\/actudet_-pere-noel-balades-en-caleches-concerts...-les-animations-se-poursuivent-dans-le-centre-ville-de-rennes-_52674-7115894_actu.Htm\" target=\"_blank\" rel=\"noopener\">spectacle f\u00e9erique de lumi\u00e8res pour No\u00ebl<\/a>. Attirant chaque soir des milliers de personnes.<\/p>\n<p>\t<img decoding=\"async\" src=\"https:\/\/www.europesays.com\/fr\/wp-content\/uploads\/2025\/12\/P35648207D7116102G_px_640_.jpg\" alt=\"photo le th\u00e8me de cette ann\u00e9e\u00a0: \u00ab\u00a0r\u00eave de lumi\u00e8re\u00a0\u00bb.  \u00a9  marc ollivier\/ouest-france\" width=\"640\" title=\" Le th\u00e8me de cette ann\u00e9e\u00a0: \u00ab\u00a0R\u00eave de Lumi\u00e8re\u00a0\u00bb.   Marc Ollivier\/Ouest-France \"\/><\/p>\n<p class=\"elmt-legende\"> Le th\u00e8me de cette ann\u00e9e\u00a0: \u00ab\u00a0R\u00eave de Lumi\u00e8re\u00a0\u00bb.   Marc Ollivier\/Ouest-France <\/p>\n<p><strong>Lire aussi<\/strong>\u00a0: <a href=\"https:\/\/rennes.maville.com\/actu\/actudet_-dans-les-coulisses-de-cette-entreprise-ils-creent-la-magie-de-noel-de-la-capitale-bretonne-_7-5532849_actu.Htm\" target=\"_blank\" rel=\"noopener\">Dans les coulisses de cette entreprise, ils cr\u00e9ent la magie de No\u00ebl de la capitale bretonne<\/a><\/p>\n<p>Une odyss\u00e9e nocturne en compagnie d\u2019une poule Coucou<\/p>\n<p>\u00c0 partir de ce vendredi 19\u00a0d\u00e9cembre 2025 et jusqu\u2019au 4\u00a0janvier 2026, de 18\u00a0h \u00e0 21\u00a0h\u00a040, le spectacle in\u00e9dit \u00ab\u00a0R\u00eave de lumi\u00e8re\u00a0\u00bb, de la soci\u00e9t\u00e9 Spectaculaires, proposera une odyss\u00e9e nocturne pour red\u00e9couvrir la ville de Rennes en compagnie d\u2019une poule Coucou de la ferme de la Bintinais.<\/p>\n<p>\t<img decoding=\"async\" src=\"https:\/\/www.europesays.com\/fr\/wp-content\/uploads\/2025\/12\/P35648209D7116102G_px_640_.jpg\" alt=\"photo \u00e0 partir de 18\u00a0h et toutes les vingt minutes (derni\u00e8re s\u00e9ance \u00e0 21\u00a0h\u00a040).  \u00a9  marc ollivier\/ouest-france\" width=\"640\" title=\" \u00c0 partir de 18\u00a0h et toutes les vingt minutes (derni\u00e8re s\u00e9ance \u00e0 21\u00a0h\u00a040).   Marc Ollivier\/Ouest-France \"\/><\/p>\n<p class=\"elmt-legende\"> \u00c0 partir de 18\u00a0h et toutes les vingt minutes (derni\u00e8re s\u00e9ance \u00e0 21\u00a0h\u00a040).   Marc Ollivier\/Ouest-France <\/p>\n<p>Jusqu\u2019au dimanche 4\u00a0janvier 2026, de 18\u00a0h \u00e0 21\u00a0h\u00a040, en continu toutes les vingt minutes, place de la mairie \u00e0 Rennes.<\/p>\n<p>\u00a0<\/p>\n","protected":false},"excerpt":{"rendered":"C\u2019est une tradition rennaise devenue incontournable. Comme chaque ann\u00e9e, la fa\u00e7ade de la mairie devient l\u2019\u00e9cran et l\u2019\u00e9crin&hellip;\n","protected":false},"author":2,"featured_media":608188,"comment_status":"","ping_status":"","sticky":false,"template":"","format":"standard","meta":{"footnotes":""},"categories":[2821],"tags":[1111,11,829,11153,3474,1777,674,1011,27,4430,15926,5415,12,7095,584,25,15300,3140],"class_list":{"0":"post-608187","1":"post","2":"type-post","3":"status-publish","4":"format-standard","5":"has-post-thumbnail","7":"category-rennes","8":"tag-actu","9":"tag-actualites","10":"tag-bretagne","11":"tag-cliches","12":"tag-decouvrez","13":"tag-eu","14":"tag-europe","15":"tag-fr","16":"tag-france","17":"tag-images","18":"tag-lumiere","19":"tag-mairie","20":"tag-news","21":"tag-projete","22":"tag-rennes","23":"tag-republique-francaise","24":"tag-reve","25":"tag-spectacle"},"share_on_mastodon":{"url":"https:\/\/pubeurope.com\/@fr\/115742598508316364","error":""},"_links":{"self":[{"href":"https:\/\/www.europesays.com\/fr\/wp-json\/wp\/v2\/posts\/608187","targetHints":{"allow":["GET"]}}],"collection":[{"href":"https:\/\/www.europesays.com\/fr\/wp-json\/wp\/v2\/posts"}],"about":[{"href":"https:\/\/www.europesays.com\/fr\/wp-json\/wp\/v2\/types\/post"}],"author":[{"embeddable":true,"href":"https:\/\/www.europesays.com\/fr\/wp-json\/wp\/v2\/users\/2"}],"replies":[{"embeddable":true,"href":"https:\/\/www.europesays.com\/fr\/wp-json\/wp\/v2\/comments?post=608187"}],"version-history":[{"count":0,"href":"https:\/\/www.europesays.com\/fr\/wp-json\/wp\/v2\/posts\/608187\/revisions"}],"wp:featuredmedia":[{"embeddable":true,"href":"https:\/\/www.europesays.com\/fr\/wp-json\/wp\/v2\/media\/608188"}],"wp:attachment":[{"href":"https:\/\/www.europesays.com\/fr\/wp-json\/wp\/v2\/media?parent=608187"}],"wp:term":[{"taxonomy":"category","embeddable":true,"href":"https:\/\/www.europesays.com\/fr\/wp-json\/wp\/v2\/categories?post=608187"},{"taxonomy":"post_tag","embeddable":true,"href":"https:\/\/www.europesays.com\/fr\/wp-json\/wp\/v2\/tags?post=608187"}],"curies":[{"name":"wp","href":"https:\/\/api.w.org\/{rel}","templated":true}]}}