{"id":608193,"date":"2025-12-18T21:09:43","date_gmt":"2025-12-18T21:09:43","guid":{"rendered":"https:\/\/www.europesays.com\/fr\/608193\/"},"modified":"2025-12-18T21:09:43","modified_gmt":"2025-12-18T21:09:43","slug":"ancien-moine-en-asie-dorjee-a-ouvert-3-restaurants-tibetains-en-10-ans","status":"publish","type":"post","link":"https:\/\/www.europesays.com\/fr\/608193\/","title":{"rendered":"ancien moine en Asie, Dorjee a ouvert 3 restaurants tib\u00e9tains en 10 ans"},"content":{"rendered":"<p><b>Alors qu\u2019aucun restaurant ne proposait de cuisine tib\u00e9taine en 2015, six \u00e9tablissements concoctent aujourd\u2019hui ses sp\u00e9cialit\u00e9s. Comment expliquer l\u2019int\u00e9r\u00eat grandissant pour cette gastronomie ? Pour r\u00e9pondre \u00e0 cette question, nous sommes all\u00e9s \u00e0 la rencontre d\u2019un pionnier, le \u00ab cr\u00e9ateur du premier restaurant tib\u00e9tain \u00bb de Strasbourg.<\/b><\/p>\n<p>En l\u2019espace de 10 ans,<strong> la culture tib\u00e9taine a trouv\u00e9 sa\u00a0place dans le c\u0153ur des Alsacien(ne)s<\/strong>\u00a0gr\u00e2ce \u00e0 l\u2019ouverture de plusieurs restaurants.\u00a0<\/p>\n<p>Le premier d\u2019entre eux, <strong>Momo Tib\u00e9tain (12 Grand\u2019Rue)<\/strong>, a ouvert la voie \u00e0 ses successeurs. Ils sont aujourd\u2019hui <strong>six \u00e9tablissements \u00e0 proposer des sp\u00e9cialit\u00e9s de cette r\u00e9gion<\/strong> d\u2019Asie centrale, entour\u00e9e des gigantesques sommets de l\u2019Himalaya.<\/p>\n<p>    <img width=\"800\" height=\"450\" src=\"https:\/\/www.europesays.com\/fr\/wp-content\/uploads\/2025\/12\/img-9056-800x450.jpg\" class=\"attachment-image-size-L size-image-size-L\" alt=\"Momo Tib\u00e9tain\" decoding=\"async\" loading=\"lazy\"  \/>         Dorjee Ringchen-Tsang. \u00a9 Jules Scheuer \/ Pokaa <\/p>\n<p>Dorjee Ringchen-Tsang, g\u00e9rant du Momo Tib\u00e9tain, nous a accueilli en fin de service dans son \u00e9tablissement <strong>pour nous parler de sa culture et de ses sp\u00e9cificit\u00e9s.\u00a0<\/strong><\/p>\n<p>Une fois les portes franchies, <strong>la d\u00e9coration plonge directement les visiteurs\/ses dans l\u2019ambiance<\/strong>. Dorjee a d\u00e9cor\u00e9 avec go\u00fbt son espace de travail, <strong>en rendant hommage \u00e0 ses racines.<\/strong><\/p>\n<p>                <img width=\"889\" height=\"500\" src=\"https:\/\/www.europesays.com\/fr\/wp-content\/uploads\/2025\/12\/img-9089-grande-889x500.jpeg\" class=\"attachment-gallery size-gallery\" alt=\"Momo Tib\u00e9tain\" data-full-url=\"https:\/\/pokaa.fr\/wp-content\/uploads\/2025\/12\/17\/img-9089-grande.jpeg\" decoding=\"async\" loading=\"lazy\"  \/>            <\/p>\n<p>                <img width=\"889\" height=\"500\" src=\"https:\/\/www.europesays.com\/fr\/wp-content\/uploads\/2025\/12\/img-9044-889x500.jpg\" class=\"attachment-gallery size-gallery\" alt=\"Momo Tib\u00e9tain\" data-full-url=\"https:\/\/pokaa.fr\/wp-content\/uploads\/2025\/12\/17\/img-9044-1500x844.jpg\" decoding=\"async\" loading=\"lazy\"  \/>            <\/p>\n<p>                <img width=\"889\" height=\"500\" src=\"https:\/\/www.europesays.com\/fr\/wp-content\/uploads\/2025\/12\/img-9050-889x500.jpg\" class=\"attachment-gallery size-gallery\" alt=\"Momo Tib\u00e9tain\" data-full-url=\"https:\/\/pokaa.fr\/wp-content\/uploads\/2025\/12\/17\/img-9050-1500x844.jpg\" decoding=\"async\" loading=\"lazy\"  \/>            <\/p>\n<p>                    \u00a9 Jules Scheuer \/ Pokaa<\/p>\n<p>De moine tib\u00e9tain \u00e0 restaurateur strasbourgeois<\/p>\n<p>Le g\u00e9rant a ouvert son \u00e9tablissement \u00e0 Strasbourg en 2016. \u00c0 cette \u00e9poque, <strong>il est \u00ab le seul \u00e0 proposer une cuisine tib\u00e9taine dans toute la ville \u00bb<\/strong>. Tr\u00e8s vite, il rencontre du succ\u00e8s, ce qui lui permet d\u2019ouvrir deux autres adresses : <strong>Tibet gourmand en 2019 et Tibetan Peace en 2024. <\/strong>Pourtant, rien ne le pr\u00e9destinait \u00e0 cette vie strasbourgeoise.<\/p>\n<p>Dorjee a v\u00e9cu au Tibet au d\u00e9but de sa vie. Jeune moine, <strong>il travaille alors dans un monast\u00e8re dans lequel il d\u00e9couvre la cuisine<\/strong>. \u00ab\u00a0Je pr\u00e9parais des repas aux moines plus \u00e2g\u00e9s qui \u00e9taient seuls. <strong>Ils ne pouvaient pas sortir ni faire de courses<\/strong>\u00a0\u00bb, raconte le chef.<\/p>\n<p>Puis le jeune homme prend la d\u00e9cision de quitter ses terres. Apr\u00e8s neuf ann\u00e9es pass\u00e9es en Inde, <strong>il d\u00e9barque \u00e0 Paris en 2011, o\u00f9 il fait la connaissance d\u2019une communaut\u00e9 tib\u00e9taine.<\/strong><\/p>\n<p>    <img width=\"800\" height=\"450\" src=\"https:\/\/www.europesays.com\/fr\/wp-content\/uploads\/2025\/12\/img-9081-800x450.jpg\" class=\"attachment-image-size-L size-image-size-L\" alt=\"Momo Tib\u00e9tain\" decoding=\"async\" loading=\"lazy\"  \/>         \u00a9 Jules Scheuer \/ Pokaa <\/p>\n<p>Dorjee rejoint ensuite Strasbourg, ville c\u00e9l\u00e8bre au Tibet pour <a href=\"https:\/\/www.ina.fr\/ina-eclaire-actu\/video\/stc8904185291\/strasbourg-le-dalai-lama-tenzin-gyatso-au-conseil-de-l-europe\" target=\"_blank\" rel=\"noopener\"><strong>la visite du dala\u00ef-lama au Conseil de l\u2019Europe en 1989<\/strong>.<\/a> Une visite durant laquelle <strong>le chef spirituel plaide la cause du Tibet, envahi par la Chine en 1950<\/strong>, devant les instances europ\u00e9ennes.<\/p>\n<p>Apr\u00e8s l\u2019ouverture de son premier restaurant, <strong>Dorjee participe \u00e0 la cr\u00e9ation d\u2019une communaut\u00e9 tib\u00e9taine dans la capitale alsacienne<\/strong> en 2017. Aujourd\u2019hui, plus de 100 personnes en font partie, <strong>dont pr\u00e8s de 80 habitent \u00e0 Strasbourg.<\/strong><\/p>\n<p>La communaut\u00e9 tib\u00e9taine a donc tiss\u00e9 ses liens en Alsace. Dans ses autres \u00e9tablissements, <strong>Dorjee a \u00e9galement tenu \u00e0 installer des compatriotes<\/strong>. \u00ab Quelque part, j\u2019ai sauv\u00e9 trois familles tib\u00e9taines<strong> en leur permettant de devenir des entrepreneurs<\/strong> \u00bb, explique-t-il.\u00a0<\/p>\n<p>    <img width=\"800\" height=\"450\" src=\"https:\/\/www.europesays.com\/fr\/wp-content\/uploads\/2025\/12\/img-9043-grande-800x450.jpeg\" class=\"attachment-image-size-L size-image-size-L\" alt=\"Momo Tib\u00e9tain\" decoding=\"async\" loading=\"lazy\"  \/>         \u00a9 Jules Scheuer \/ Pokaa <\/p>\n<p>Concernant les autres restaurants qui se sont install\u00e9s en ville ces derni\u00e8res ann\u00e9es, le chef voit cela d\u2019un tr\u00e8s bon \u0153il. \u00ab <strong>Ce n\u2019est pas de la concurrence<\/strong>. S\u2019il y a une dizaine de restaurants tib\u00e9tains \u00e0 Strasbourg, <strong>\u00e7a ne me pose aucun probl\u00e8me.<\/strong><strong>\u00a0\u00bb<\/strong><\/p>\n<p>Dorjee y voit au contraire une forme d\u2019\u00e9panouissement des siens. \u00ab\u00a0En arrivant en France, <strong>les Tib\u00e9tains travaillent beaucoup et font des t\u00e2ches ingrates<\/strong>\u00a0et <strong>ils ne gagnent pas de gros salaires<\/strong> \u00bb, explique-t-il.\u00a0\u00ab\u00a0Dans les restaurants tib\u00e9tains,<strong> les employ\u00e9s n\u2019ont pas \u00e0 avoir peur de leur patron<\/strong>, ils travaillent dans une atmosph\u00e8re saine. <strong>Ce sont des sujets qui me touchent.<\/strong> \u00bb<\/p>\n<p>    <img width=\"800\" height=\"450\" src=\"https:\/\/www.europesays.com\/fr\/wp-content\/uploads\/2025\/12\/img-9080-800x450.jpg\" class=\"attachment-image-size-L size-image-size-L\" alt=\"Momo Tib\u00e9tain\" decoding=\"async\" loading=\"lazy\"  \/>         \u00a9 Jules Scheuer \/ Pokaa <\/p>\n<p>\u00ab\u00a0Ce n\u2019est pas de la concurrence, nous nous entraidons\u00a0\u00bb<\/p>\n<p>Le restaurateur a d\u2019ailleurs <strong>aid\u00e9 ses confr\u00e8res sur les questions administratives<\/strong> au moment de l\u2019ouverture de leurs adresses respectives. \u00ab\u00a0Ce n\u2019est pas de la concurrence, <strong>nous nous entraidons.<\/strong><strong>\u00a0\u00bb<\/strong><\/p>\n<p>Le d\u00e9veloppement de la culture tib\u00e9taine \u00e0 Strasbourg s\u2019expliquerait donc en partie par <strong>une installation progressive d\u2019une communaut\u00e9 soud\u00e9e<\/strong>. Et <strong>c\u00f4t\u00e9 assiette, bien s\u00fbr, d\u2019autres arguments expliquent ce succ\u00e8s.<\/strong><\/p>\n<p>Chez Momo Tib\u00e9tain, un seul plat est propos\u00e9 \u00e0 la carte : le momo,<strong> un ravioli traditionnellement cuit \u00e0 la vapeur<\/strong>. \u00ab\u00a0Au Tibet, <strong>c\u2019est un repas un peu haut de gamme, un plat de f\u00eate,<\/strong> pour le Nouvel An, pour des mariages ou<strong> lorsque l\u2019on re\u00e7oit des invit\u00e9s importants\u00a0par exemple<\/strong> \u00bb, explique Dorjee.\u00a0<\/p>\n<p>    <img width=\"800\" height=\"450\" src=\"https:\/\/www.europesays.com\/fr\/wp-content\/uploads\/2025\/12\/img-9073-800x450.jpg\" class=\"attachment-image-size-L size-image-size-L\" alt=\"Momo Tib\u00e9tain\" decoding=\"async\" loading=\"lazy\"  \/>         \u00a9 Jules Scheuer \/ Pokaa <\/p>\n<p>De la cuisine tib\u00e9taine aux sp\u00e9cialit\u00e9s alsaciennes, il n&rsquo;y a qu&rsquo;un pas<\/p>\n<p>Farci \u00e0 la viande ou aux l\u00e9gumes,<strong> le momo peut \u00eatre d\u00e9clin\u00e9 de plusieurs mani\u00e8res<\/strong>. Le chef y voit <strong>un parall\u00e8le \u00e9vident avec la gastronomie alsacienne.\u00a0<\/strong><\/p>\n<p>\u00ab Nous cuisinons beaucoup avec du porc, du boeuf, du chou, de la pomme de terre, du fromage\u2026<strong> Les mati\u00e8res premi\u00e8res utilis\u00e9es sont tr\u00e8s similaires \u00e0 celles des sp\u00e9cialit\u00e9s alsaciennes<\/strong> \u00bb, s\u2019amuse celui qui a fait ses armes en cuisine dans un restaurant r\u00e9gional. \u00ab La diff\u00e9rence principale, c\u2019est <strong>le c\u00f4t\u00e9 \u00e9pic\u00e9 du Tibet et l\u2019acidit\u00e9 de l\u2019Alsa<\/strong><strong>ce.<\/strong> \u00bb\u00a0<\/p>\n<p>La gastronomie tib\u00e9taine ne s\u2019arr\u00eate bien entendu pas aux momos, mais<strong> il est tr\u00e8s difficile de faire venir des produits locaux en France.<\/strong> \u00ab La Chine bloque l\u2019exportation des produits tib\u00e9tains. <strong>Il n\u2019existe pas de producteurs chez qui nous pourrions acheter ces produits<\/strong> \u00bb, se d\u00e9sole le restaurateur.<\/p>\n<p>    <img width=\"800\" height=\"600\" src=\"https:\/\/www.europesays.com\/fr\/wp-content\/uploads\/2025\/12\/momo-tibetain.jpeg\" class=\"attachment-image-size-L size-image-size-L\" alt=\"momo tibe\u0301tain\" decoding=\"async\" loading=\"lazy\"  \/>         \u00a9 Pokaa <\/p>\n<p>Seule exception pour Dorjee, <strong>le beurre de yack<\/strong>, qu\u2019il parvient \u00e0 ramener du Tibet\u00a0dans sa valise,<strong> lors de ses voyages annuels<\/strong>. Il y emm\u00e8ne d\u2019ailleurs toujours ses enfants, \u00ab\u00a0pour leur montrer <strong>la r\u00e9alit\u00e9 de ce qu\u2019implique la nationalit\u00e9 tib\u00e9taine<\/strong><strong>\u00a0<\/strong>\u00bb.\u00a0<\/p>\n<p>Pour Dorjee, ses restaurants, le partage de sa cuisine et l\u2019entraide au sein de sa communaut\u00e9<strong>\u00a0sont autant de mani\u00e8res de \u00ab\u00a0se r\u00e9approprier sa culture\u00a0\u00bb !<\/strong><\/p>\n","protected":false},"excerpt":{"rendered":"Alors qu\u2019aucun restaurant ne proposait de cuisine tib\u00e9taine en 2015, six \u00e9tablissements concoctent aujourd\u2019hui ses sp\u00e9cialit\u00e9s. Comment expliquer&hellip;\n","protected":false},"author":2,"featured_media":608194,"comment_status":"","ping_status":"","sticky":false,"template":"","format":"standard","meta":{"footnotes":""},"categories":[2820],"tags":[1111,11,5975,1777,674,1011,27,775,71930,12,9026,25,1340,4335,640,36008],"class_list":{"0":"post-608193","1":"post","2":"type-post","3":"status-publish","4":"format-standard","5":"has-post-thumbnail","7":"category-strasbourg","8":"tag-actu","9":"tag-actualites","10":"tag-decouverte","11":"tag-eu","12":"tag-europe","13":"tag-fr","14":"tag-france","15":"tag-grand-est","16":"tag-momo-tibetain","17":"tag-news","18":"tag-portrait","19":"tag-republique-francaise","20":"tag-restaurant","21":"tag-specialite","22":"tag-strasbourg","23":"tag-tibet"},"share_on_mastodon":{"url":"https:\/\/pubeurope.com\/@fr\/115742625093843473","error":""},"_links":{"self":[{"href":"https:\/\/www.europesays.com\/fr\/wp-json\/wp\/v2\/posts\/608193","targetHints":{"allow":["GET"]}}],"collection":[{"href":"https:\/\/www.europesays.com\/fr\/wp-json\/wp\/v2\/posts"}],"about":[{"href":"https:\/\/www.europesays.com\/fr\/wp-json\/wp\/v2\/types\/post"}],"author":[{"embeddable":true,"href":"https:\/\/www.europesays.com\/fr\/wp-json\/wp\/v2\/users\/2"}],"replies":[{"embeddable":true,"href":"https:\/\/www.europesays.com\/fr\/wp-json\/wp\/v2\/comments?post=608193"}],"version-history":[{"count":0,"href":"https:\/\/www.europesays.com\/fr\/wp-json\/wp\/v2\/posts\/608193\/revisions"}],"wp:featuredmedia":[{"embeddable":true,"href":"https:\/\/www.europesays.com\/fr\/wp-json\/wp\/v2\/media\/608194"}],"wp:attachment":[{"href":"https:\/\/www.europesays.com\/fr\/wp-json\/wp\/v2\/media?parent=608193"}],"wp:term":[{"taxonomy":"category","embeddable":true,"href":"https:\/\/www.europesays.com\/fr\/wp-json\/wp\/v2\/categories?post=608193"},{"taxonomy":"post_tag","embeddable":true,"href":"https:\/\/www.europesays.com\/fr\/wp-json\/wp\/v2\/tags?post=608193"}],"curies":[{"name":"wp","href":"https:\/\/api.w.org\/{rel}","templated":true}]}}