{"id":608195,"date":"2025-12-18T21:11:17","date_gmt":"2025-12-18T21:11:17","guid":{"rendered":"https:\/\/www.europesays.com\/fr\/608195\/"},"modified":"2025-12-18T21:11:17","modified_gmt":"2025-12-18T21:11:17","slug":"le-rendez-vous-jazz-a-valrose-passe-a-un-format-festival-sur-3-jours-pour-2026","status":"publish","type":"post","link":"https:\/\/www.europesays.com\/fr\/608195\/","title":{"rendered":"Le rendez-vous Jazz \u00e0 Valrose passe \u00e0 un format festival sur 3 jours pour 2026"},"content":{"rendered":"<p class=\"fs-5 \">En 2024, le festival organis\u00e9 dans le sublime parc du ch\u00e2teau de Valrose \u00e0 Nice, qui accueille le campus sciences et ing\u00e9nierie d\u2019Universit\u00e9 C\u00f4te d\u2019Azur, avait mis en lumi\u00e8re le talent de la chanteuse C\u00e9lia Kameni. Un tr\u00e8s bon choix, puisqu\u2019elle a re\u00e7u une Victoire du jazz l\u2019ann\u00e9e suivante, dans la cat\u00e9gorie \u00ab artiste vocale de l\u2019ann\u00e9e \u00bb. Au printemps dernier, devant 2 500 spectateurs, la t\u00eate d\u2019affiche se nommait Sophye Soliveau. Harpiste et chanteuse en pleine ascension, celle-ci s\u2019\u00e9tait retrouv\u00e9e quelques semaines plus tard sur la prestigieuse sc\u00e8ne de Jazz \u00e0 Juan, en ouverture d\u2019un g\u00e9ant nomm\u00e9 Herbie Hancock.<\/p>\n<p>                                                                                Des tarifs tr\u00e8s accessibles<\/p>\n<p class=\"fs-5 \">Pour conna\u00eetre la programmation compl\u00e8te de la nouvelle version de Jazz \u00e0 Valrose, il faudra certainement attendre f\u00e9vrier ou mars. \u00ab On reste sur des profils d\u2019artistes \u00e9mergents, qu\u2019on essaye d\u2019attraper juste avant qu\u2019ils s\u2019envolent, ainsi qu\u2019une mise en avant de la jeune sc\u00e8ne locale. Et on se tourne vers le c\u00f4t\u00e9 patrimonial du jazz \u00bb, assure Julien Gaertner, directeur d\u2019UniCA Culture, en charge de l\u2019organisation. On sait d\u2019ores et d\u00e9j\u00e0 que la volont\u00e9 sera toujours de proposer un rendez-vous tr\u00e8s accessible, avec une entr\u00e9e \u00e0 10 euros, un pass 3 jours \u00e0 20 euros, et une gratuit\u00e9 pour le personnel universitaire, les \u00e9tudiants et les mineurs accompagnant un adulte.<\/p>\n<p class=\"fs-5 \"><strong>Rens. culture.univ-cotedazur.fr<\/strong><\/p>\n","protected":false},"excerpt":{"rendered":"En 2024, le festival organis\u00e9 dans le sublime parc du ch\u00e2teau de Valrose \u00e0 Nice, qui accueille le&hellip;\n","protected":false},"author":2,"featured_media":608196,"comment_status":"","ping_status":"","sticky":false,"template":"","format":"standard","meta":{"footnotes":""},"categories":[2819],"tags":[1111,11,1777,674,1011,27,12,2401,882,25],"class_list":{"0":"post-608195","1":"post","2":"type-post","3":"status-publish","4":"format-standard","5":"has-post-thumbnail","7":"category-nice","8":"tag-actu","9":"tag-actualites","10":"tag-eu","11":"tag-europe","12":"tag-fr","13":"tag-france","14":"tag-news","15":"tag-nice","16":"tag-provence-alpes-cote-dazur","17":"tag-republique-francaise"},"share_on_mastodon":{"url":"https:\/\/pubeurope.com\/@fr\/115742630481596120","error":""},"_links":{"self":[{"href":"https:\/\/www.europesays.com\/fr\/wp-json\/wp\/v2\/posts\/608195","targetHints":{"allow":["GET"]}}],"collection":[{"href":"https:\/\/www.europesays.com\/fr\/wp-json\/wp\/v2\/posts"}],"about":[{"href":"https:\/\/www.europesays.com\/fr\/wp-json\/wp\/v2\/types\/post"}],"author":[{"embeddable":true,"href":"https:\/\/www.europesays.com\/fr\/wp-json\/wp\/v2\/users\/2"}],"replies":[{"embeddable":true,"href":"https:\/\/www.europesays.com\/fr\/wp-json\/wp\/v2\/comments?post=608195"}],"version-history":[{"count":0,"href":"https:\/\/www.europesays.com\/fr\/wp-json\/wp\/v2\/posts\/608195\/revisions"}],"wp:featuredmedia":[{"embeddable":true,"href":"https:\/\/www.europesays.com\/fr\/wp-json\/wp\/v2\/media\/608196"}],"wp:attachment":[{"href":"https:\/\/www.europesays.com\/fr\/wp-json\/wp\/v2\/media?parent=608195"}],"wp:term":[{"taxonomy":"category","embeddable":true,"href":"https:\/\/www.europesays.com\/fr\/wp-json\/wp\/v2\/categories?post=608195"},{"taxonomy":"post_tag","embeddable":true,"href":"https:\/\/www.europesays.com\/fr\/wp-json\/wp\/v2\/tags?post=608195"}],"curies":[{"name":"wp","href":"https:\/\/api.w.org\/{rel}","templated":true}]}}