{"id":608197,"date":"2025-12-18T21:12:35","date_gmt":"2025-12-18T21:12:35","guid":{"rendered":"https:\/\/www.europesays.com\/fr\/608197\/"},"modified":"2025-12-18T21:12:35","modified_gmt":"2025-12-18T21:12:35","slug":"un-policier-de-nice-place-sous-controle-judiciaire","status":"publish","type":"post","link":"https:\/\/www.europesays.com\/fr\/608197\/","title":{"rendered":"un policier de Nice plac\u00e9 sous contr\u00f4le judiciaire"},"content":{"rendered":"<p><strong>Un policier de Nice a\u00a0\u00e9t\u00e9 mis en examen lundi \u00e0\u00a0Paris, soup\u00e7onn\u00e9 de blanchiment, de corruption et d\u2019association de malfaiteurs en lien avec un r\u00e9seau des Balkans, a\u00a0indiqu\u00e9 jeudi \u00e0\u00a0l\u2019AFP une source proche du dossier. Selon cette m\u00eame source, il a\u00a0\u00e9t\u00e9 plac\u00e9 sous contr\u00f4le judiciaire.<\/strong><\/p>\n<p>Dimanche, le parquet de Paris avait indiqu\u00e9 que ce policier de 47 ans avait \u00e9t\u00e9 plac\u00e9 en garde \u00e0\u00a0vue la semaine pass\u00e9e et qu\u2019il devait \u00eatre pr\u00e9sent\u00e9 lundi \u00e0\u00a0un juge d\u2019instruction sp\u00e9cialis\u00e9 dans la criminalit\u00e9 organis\u00e9e (Junalco) en vue d\u2019une possible mise en examen. Depuis, le parquet n\u2019a pas communiqu\u00e9 sur ce dossier.<\/p>\n<p>D\u2019apr\u00e8s le parquet, une information judiciaire plus large est ouverte depuis 2022, notamment pour trafic de produits stup\u00e9fiants, blanchiment, association de malfaiteurs et corruption.<\/p>\n<p>Le quotidien Nice-Matin a\u00a0indiqu\u00e9 jeudi que \u00ab\u00a0contrairement \u00e0\u00a0certaines informations initialement diffus\u00e9es\u00a0\u00bb, ce fonctionnaire n\u2019a jamais travaill\u00e9 \u00e0\u00a0la Police aux fronti\u00e8res (PAF) et n\u2019est pas poursuivi pour trafic de stup\u00e9fiants.<\/p>\n<p>\u00ab\u00a0L\u2019enqu\u00eate, toujours en cours, pr\u00e9voit encore l\u2019audition d\u2019au moins 16 personnes, notamment au sein de la PAF, des douanes et du secteur de la s\u00e9curit\u00e9 priv\u00e9e\u00a0\u00bb.<\/p>\n<ul class=\"wp-block-list\">\n<li><strong>Ce qu\u2019il faut retenir\u00a0:<\/strong> Un policier de Nice a\u00a0\u00e9t\u00e9 mis en examen \u00e0\u00a0Paris pour des soup\u00e7ons de blanchiment, corruption et association de malfaiteurs li\u00e9s \u00e0\u00a0un r\u00e9seau des Balkans. Il a\u00a0\u00e9t\u00e9 plac\u00e9 sous contr\u00f4le judiciaire, tandis que le parquet de Paris n\u2019a pas communiqu\u00e9 apr\u00e8s sa pr\u00e9sentation \u00e0\u00a0un juge sp\u00e9cialis\u00e9. Une information judiciaire ouverte depuis 2022 vise plusieurs infractions, et Nice-Matin pr\u00e9cise qu\u2019il n\u2019a pas exerc\u00e9 \u00e0\u00a0la PAF et n\u2019est pas poursuivi pour trafic de stup\u00e9fiants.<\/li>\n<\/ul>\n<p class=\"has-small-font-size\">Avec AFP<\/p>\n","protected":false},"excerpt":{"rendered":"Un policier de Nice a\u00a0\u00e9t\u00e9 mis en examen lundi \u00e0\u00a0Paris, soup\u00e7onn\u00e9 de blanchiment, de corruption et d\u2019association de&hellip;\n","protected":false},"author":2,"featured_media":608198,"comment_status":"","ping_status":"","sticky":false,"template":"","format":"standard","meta":{"footnotes":""},"categories":[2819],"tags":[1111,11,1777,674,1011,27,12,2401,882,25],"class_list":{"0":"post-608197","1":"post","2":"type-post","3":"status-publish","4":"format-standard","5":"has-post-thumbnail","7":"category-nice","8":"tag-actu","9":"tag-actualites","10":"tag-eu","11":"tag-europe","12":"tag-fr","13":"tag-france","14":"tag-news","15":"tag-nice","16":"tag-provence-alpes-cote-dazur","17":"tag-republique-francaise"},"share_on_mastodon":{"url":"https:\/\/pubeurope.com\/@fr\/115742634387965919","error":""},"_links":{"self":[{"href":"https:\/\/www.europesays.com\/fr\/wp-json\/wp\/v2\/posts\/608197","targetHints":{"allow":["GET"]}}],"collection":[{"href":"https:\/\/www.europesays.com\/fr\/wp-json\/wp\/v2\/posts"}],"about":[{"href":"https:\/\/www.europesays.com\/fr\/wp-json\/wp\/v2\/types\/post"}],"author":[{"embeddable":true,"href":"https:\/\/www.europesays.com\/fr\/wp-json\/wp\/v2\/users\/2"}],"replies":[{"embeddable":true,"href":"https:\/\/www.europesays.com\/fr\/wp-json\/wp\/v2\/comments?post=608197"}],"version-history":[{"count":0,"href":"https:\/\/www.europesays.com\/fr\/wp-json\/wp\/v2\/posts\/608197\/revisions"}],"wp:featuredmedia":[{"embeddable":true,"href":"https:\/\/www.europesays.com\/fr\/wp-json\/wp\/v2\/media\/608198"}],"wp:attachment":[{"href":"https:\/\/www.europesays.com\/fr\/wp-json\/wp\/v2\/media?parent=608197"}],"wp:term":[{"taxonomy":"category","embeddable":true,"href":"https:\/\/www.europesays.com\/fr\/wp-json\/wp\/v2\/categories?post=608197"},{"taxonomy":"post_tag","embeddable":true,"href":"https:\/\/www.europesays.com\/fr\/wp-json\/wp\/v2\/tags?post=608197"}],"curies":[{"name":"wp","href":"https:\/\/api.w.org\/{rel}","templated":true}]}}