{"id":6082,"date":"2025-04-06T19:43:07","date_gmt":"2025-04-06T19:43:07","guid":{"rendered":"https:\/\/www.europesays.com\/fr\/6082\/"},"modified":"2025-04-06T19:43:07","modified_gmt":"2025-04-06T19:43:07","slug":"saint-sebastien-sur-loire-glinde-un-jumelage-qui-perdure-depuis-1964","status":"publish","type":"post","link":"https:\/\/www.europesays.com\/fr\/6082\/","title":{"rendered":"Saint-S\u00e9bastien-sur-Loire. Glinde\u00a0: un jumelage qui perdure depuis 1964"},"content":{"rendered":"<p>Le pr\u00e9sident Yannick Richard a d\u00e9clar\u00e9 ouverte l\u2019assembl\u00e9e g\u00e9n\u00e9rale du comit\u00e9 de jumelage de Glinde, en Allemagne.<\/p>\n<p>Dans le rapport d\u2019activit\u00e9 2024, il y a eu en particulier la signature du 60e anniversaire du jumelage \u00e0 Saint-S\u00e9bastien\u00a0le jour du passage de la flamme olympique, un symbole. En 2025, ce sera au tour des S\u00e9bastiennais de se rendre \u00e0 Glinde pour la signature de cet anniversaire. Trente et un adultes seront du voyage. Pour le pr\u00e9sident, \u00ab\u00a0il est dommage qu\u2019on ne puisse pas emmener des jeunes, car notre association n\u2019est pas accr\u00e9dit\u00e9e pour cela\u00a0\u00bb.<\/p>\n<p>Neuf inscrits au cours d\u2019allemand. Ulrike A\u00efchelin et Fran\u00e7oise Brilland sont les professeurs. Elles\u00a0interviennent en alternance. En dehors du jumelage, les\u00a0\u00e9changes entre les coll\u00e9giens des \u00eeles de Loire et ceux du lyc\u00e9e de Glinde recommenceront en 2026, 2025 \u00e9tant une ann\u00e9e blanche de r\u00e9flexion.<\/p>\n<p>Un peu d\u2019histoire<\/p>\n<p>Le 22\u00a0ao\u00fbt 1964, Marcellin Verbe, maire, et Arthur Christiansen, pr\u00e9sident du conseil de Glinde, signaient l\u2019acte de jumelage \u00e0 Glinde (le premier de l\u2019Ouest). D\u00e9but juillet\u00a01965, ce fut \u00e0 Saint-S\u00e9bastien-sur-Loire. Depuis, le jumelage s\u2019est p\u00e9rennis\u00e9.<\/p>\n<p>\u00a0<\/p>\n","protected":false},"excerpt":{"rendered":"Le pr\u00e9sident Yannick Richard a d\u00e9clar\u00e9 ouverte l\u2019assembl\u00e9e g\u00e9n\u00e9rale du comit\u00e9 de jumelage de Glinde, en Allemagne. Dans&hellip;\n","protected":false},"author":2,"featured_media":6083,"comment_status":"","ping_status":"","sticky":false,"template":"","format":"standard","meta":{"footnotes":""},"categories":[2818],"tags":[3549,1111,11,1777,674,1011,27,3546,3547,766,12,2636,3548,25,3524],"class_list":{"0":"post-6082","1":"post","2":"type-post","3":"status-publish","4":"format-standard","5":"has-post-thumbnail","7":"category-nantes","8":"tag-3549","9":"tag-actu","10":"tag-actualites","11":"tag-eu","12":"tag-europe","13":"tag-fr","14":"tag-france","15":"tag-glinde","16":"tag-jumelage","17":"tag-nantes","18":"tag-news","19":"tag-pays-de-la-loire","20":"tag-perdure","21":"tag-republique-francaise","22":"tag-saint-sebastien-sur-loire"},"share_on_mastodon":{"url":"https:\/\/pubeurope.com\/@fr\/114292733166928412","error":""},"_links":{"self":[{"href":"https:\/\/www.europesays.com\/fr\/wp-json\/wp\/v2\/posts\/6082","targetHints":{"allow":["GET"]}}],"collection":[{"href":"https:\/\/www.europesays.com\/fr\/wp-json\/wp\/v2\/posts"}],"about":[{"href":"https:\/\/www.europesays.com\/fr\/wp-json\/wp\/v2\/types\/post"}],"author":[{"embeddable":true,"href":"https:\/\/www.europesays.com\/fr\/wp-json\/wp\/v2\/users\/2"}],"replies":[{"embeddable":true,"href":"https:\/\/www.europesays.com\/fr\/wp-json\/wp\/v2\/comments?post=6082"}],"version-history":[{"count":0,"href":"https:\/\/www.europesays.com\/fr\/wp-json\/wp\/v2\/posts\/6082\/revisions"}],"wp:featuredmedia":[{"embeddable":true,"href":"https:\/\/www.europesays.com\/fr\/wp-json\/wp\/v2\/media\/6083"}],"wp:attachment":[{"href":"https:\/\/www.europesays.com\/fr\/wp-json\/wp\/v2\/media?parent=6082"}],"wp:term":[{"taxonomy":"category","embeddable":true,"href":"https:\/\/www.europesays.com\/fr\/wp-json\/wp\/v2\/categories?post=6082"},{"taxonomy":"post_tag","embeddable":true,"href":"https:\/\/www.europesays.com\/fr\/wp-json\/wp\/v2\/tags?post=6082"}],"curies":[{"name":"wp","href":"https:\/\/api.w.org\/{rel}","templated":true}]}}