{"id":608226,"date":"2025-12-18T21:40:12","date_gmt":"2025-12-18T21:40:12","guid":{"rendered":"https:\/\/www.europesays.com\/fr\/608226\/"},"modified":"2025-12-18T21:40:12","modified_gmt":"2025-12-18T21:40:12","slug":"les-50-martyrs-du-nazisme-beatifies-a-paris","status":"publish","type":"post","link":"https:\/\/www.europesays.com\/fr\/608226\/","title":{"rendered":"Les 50 martyrs du nazisme b\u00e9atifi\u00e9s \u00e0 Paris"},"content":{"rendered":"<p>Le cardinal Hollerich a c\u00e9l\u00e9br\u00e9 la messe de b\u00e9atification en la cath\u00e9drale de Paris ce samedi de cinquante martyrs du nazisme. Pour le l\u00e9gat du Pape, ils ont manifest\u00e9 la pr\u00e9sence ind\u00e9fectible de l\u2019amour et de la mis\u00e9ricorde de Dieu. Selon le p\u00e8re Ardura, postulateur de leur cause, leur histoire doit nous pousser \u00e0 un z\u00e8le apostolique. <\/p>\n<p><b>Xavier Sartre \u2013 Cit\u00e9 du Vatican<\/b><\/p>\n<p>Ils sont cinquante, \u00e2g\u00e9s d\u2019une vingtaine d\u2019ann\u00e9es pour les plus jeunes, d\u2019une trentaine pour les plus \u00e2g\u00e9s \u2013 un seul a d\u00e9pass\u00e9 la quarantaine. Ils sont pr\u00eatres, s\u00e9minaristes, scouts, simples la\u00efcs et ont tous pour point commun d\u2019avoir accept\u00e9 de tout quitter pour apporter un soutien spirituel \u00e0 leurs fr\u00e8res engag\u00e9s dans le STO, le service du travail obligatoire, instaur\u00e9 par les autorit\u00e9s de Vichy durant la Seconde Guerre mondiale. Ces Fran\u00e7ais ont \u00e9t\u00e9 b\u00e9atifi\u00e9s ce samedi en la cath\u00e9drale Notre-Dame de Paris lors d\u2019une messe c\u00e9l\u00e9br\u00e9e par le cardinal Jean-Claude Hollerich, archev\u00eaque de Luxembourg, et l\u00e9gat du Pape pour l\u2019occasion.<\/p>\n<p>Ces cinquante martyrs, tu\u00e9s en haine de la foi par les nazis \u00e0 la fin de la guerre en Allemagne, raconte une page de l\u2019histoire de France peu connue. Quand le r\u00e9gime hitl\u00e9rien demanda des bras aux autorit\u00e9s fran\u00e7aises de collaboration pour travailler en Allemagne et soutenir l\u2019effort de guerre allemand, Vichy r\u00e9pondit en instaurant le STO. Plusieurs centaines de milliers de jeunes partirent donc outre-Rhin, le plus souvent contraints et forc\u00e9s. Les catholiques envoy\u00e9s ainsi en Allemagne ne purent cependant pas b\u00e9n\u00e9ficier d\u2019un soutien spirituel, une ordonnance allemande l\u2019interdisant formellement, l\u2019assimilant \u00e0 une activit\u00e9 terroriste et mena\u00e7ant la s\u00e9curit\u00e9 du IIIe Reich.<\/p>\n<p><b>Apostolat clandestin<\/b> <\/p>\n<p>Devant cette situation, le cardinal Suhard, l\u2019archev\u00eaque de Paris, encouragea l\u2019envoi non officiel de catholiques ayant pour mission d\u2019assister spirituellement ces travailleurs. \u00abTous ont \u00e9t\u00e9 envoy\u00e9s pour agir clandestinement parce que, \u00e0 la diff\u00e9rence des prisonniers de guerre qui \u00e9taient sous la protection, au moins th\u00e9orique, de la Convention de Gen\u00e8ve qui leur permettait d&rsquo;avoir une assistance religieuse, celle-ci \u00e9tait interdite aupr\u00e8s des jeunes ouvriers fran\u00e7ais\u00bb explique le p\u00e8re Bernard Ardura, le postulateur de la cause en b\u00e9atification de ces 50 martyrs. \u00abIls sont partis par amour de leurs fr\u00e8res, avec la pleine conscience que leur vie pouvait \u00eatre mise en danger\u00bb poursuit-il.<\/p>\n<p>L\u2019un d\u2019eux, cit\u00e9 par le cardinal Hollerich dans son hom\u00e9lie, Claude-Colbert Lebeau, responsable JOC (Jeunesse ouvri\u00e8re chr\u00e9tienne, association catholique fond\u00e9e en Belgique en 1925) affirmait qu\u2019il n\u2019\u00e9tait pas venu travailler pour l\u2019Allemagne nazie, mais pour apporter \u00e0 ses fr\u00e8res \u00able secours de la foi en J\u00e9sus-Christ\u00bb. Pour le cardinal, comme pour le postulateur, ils sont ainsi des \u00abmartyrs de l\u2019apostolat\u00bb, ayant port\u00e9 \u00abun t\u00e9moignage d\u2019amour\u00bb, pr\u00e9cise l\u2019archev\u00eaque de Luxembourg.<\/p>\n<p><b>L&rsquo;amour du Christ plus fort que tout<\/b> <\/p>\n<p>Preuve de l\u2019amour pour le Christ, le plus jeune, Jean Mestre, qui n&rsquo;avait pas vingt ans, \u00e9crivit \u00e0 sa m\u00e8re pour expliquer son choix d\u2019avoir r\u00e9pondu \u00e0 l\u2019appel du STO: \u00abJe t\u2019aime de tout mon c\u0153ur, mais j\u2019aime J\u00e9sus-Christ encore plus que toi, et je sens qu\u2019il m\u2019appelle pour \u00eatre son t\u00e9moin aupr\u00e8s de mes camarades qui vont vivre des moments difficiles\u00bb. Ces jeunes hommes sont lucides sur ce qui les attend. \u00abIls avaient pleinement conscience du danger et ils se sont port\u00e9s volontaires pour faire ce service, voyant ces jeunes Fran\u00e7ais d\u00e9sempar\u00e9s parce qu\u2019isol\u00e9s de tout et ne connaissant pas la langue pour la plupart. Ils ont \u00e9t\u00e9 des ap\u00f4tres dans un minist\u00e8re clandestin\u00bb d\u00e9crit le p\u00e8re Ardura.<\/p>\n<p>Pour le postulateur, \u00abchez tous ces martyrs il y avait le d\u00e9sir de contribuer \u00e0 la r\u00e9demption en donnant leur vie, leur jeunesse, leur intelligence pour le service de l&rsquo;\u00c9vangile\u00bb. Pour le cardinal Hollerich, \u00able bapt\u00eame nous engage \u00e0 nourrir notre existence et nos multiples activit\u00e9s de cette foi, communion au Christ\u00bb, ce qu\u2019avait bien compris le j\u00e9suite Victor Dillard, le plus \u00e2g\u00e9 des martyrs. Il \u00e9crivit peu de temps apr\u00e8s son arrestation: \u00abJe m\u2019attendais depuis longtemps \u00e0 cette arrestation, elle est naturelle. Elle m\u2019est arriv\u00e9e le dimanche du Bon Pasteur, o\u00f9 il est dit que le Bon Pasteur doit donner sa vie pour ses brebis. Cela tombait \u00e0 pic. Je voudrais bien que cela vous fasse comprendre combien notre religion doit \u00eatre prise au s\u00e9rieux et combien il faut la vivre\u00bb.<\/p>\n<p>Dans le contexte actuel, \u00ab80 ans apr\u00e8s la fin de la Deuxi\u00e8me Guerre mondiale, cette b\u00e9atification, \u00e9videmment, devrait r\u00e9veiller en nous ce z\u00e8le apostolique qui a \u00e9t\u00e9 celui qui a caract\u00e9ris\u00e9 tous ces jeunes\u00bb, consid\u00e8re le p\u00e8re Ardura. Le cardinal Hollerich estime quant \u00e0 lui que \u00abcette b\u00e9atification nous invite \u00e0 regarder le pr\u00e9sent et \u00e0 pr\u00e9parer l\u2019avenir\u00bb car \u00abnous ne sommes \u00e0 l\u2019abri ni de la guerre, ni de la violence\u00bb. Pour l\u2019archev\u00eaque de Luxembourg, \u00abl\u2019amour de nos martyrs pour le Christ et pour les hommes a fait d\u2019eux des martyrs pour la libert\u00e9 religieuse\u00bb. Cette dimension est due au fait que les nazis m\u00e9prisaient cette libert\u00e9 fondamentale et c\u2019est peut-\u00eatre, pense-t-il, un des aspects les plus importants pour l\u2019avenir de l\u2019\u00c9glise en Europe. D\u2019o\u00f9 son appel aux jeunes de France et d\u2019Europe \u00e0 s\u2019engager pour le bien de leurs fr\u00e8res et s\u0153urs.<\/p>\n<p>     <a href=\"https:\/\/www.vaticannews.va\/fr\/podcast\/les-dossiers-de-la-redaction\/2025\/12\/beatification-50-martyrs-catholiques-francais-nazisme-ardura-foi.html\" title=\"Cinquante martyrs du nazisme b\u00e9atifi\u00e9s \u00e0 Paris, un signe de z\u00e8le apostolique \" target=\"_blank\" rel=\"noopener\"><\/p>\n<p>        <img decoding=\"async\" src=\"data:image\/gif;base64,R0lGODlhAQABAIAAAAAAAP\/\/\/yH5BAEAAAAALAAAAAABAAEAAAIBRAA7\" data-original=\"https:\/\/www.vaticannews.va\/content\/dam\/vaticannews\/agenzie\/images\/afp\/2025\/12\/05\/18\/1764955993069.jpg\/_jcr_content\/renditions\/cq5dam.thumbnail.cropped.500.281.jpeg\" alt=\"Cinquante martyrs du nazisme b\u00e9atifi\u00e9s \u00e0 Paris, un signe de z\u00e8le apostolique \"\/><\/p>\n<p>      <\/a><\/p>\n<p>\n      Ils sont pr\u00eatres, s\u00e9minaristes, scouts, simples la\u00efcs, tous jeunes. Cinquante catholiques fran\u00e7ais martyrs, tu\u00e9s en haine de la foi par les n\n     <\/p>\n","protected":false},"excerpt":{"rendered":"Le cardinal Hollerich a c\u00e9l\u00e9br\u00e9 la messe de b\u00e9atification en la cath\u00e9drale de Paris ce samedi de cinquante&hellip;\n","protected":false},"author":2,"featured_media":608227,"comment_status":"","ping_status":"","sticky":false,"template":"","format":"standard","meta":{"footnotes":""},"categories":[1888],"tags":[1111,1928,11,1927,8305,1777,674,26521,1011,27,1146,71277,12,1926,626,1925,25,9916],"class_list":{"0":"post-608226","1":"post","2":"type-post","3":"status-publish","4":"format-standard","5":"has-post-thumbnail","7":"category-paris","8":"tag-actu","9":"tag-actu-paris","10":"tag-actualites","11":"tag-actualites-paris","12":"tag-eglise-catholique","13":"tag-eu","14":"tag-europe","15":"tag-evangelisation","16":"tag-fr","17":"tag-france","18":"tag-guerre","19":"tag-martyrs","20":"tag-news","21":"tag-news-paris","22":"tag-paris","23":"tag-paris-news","24":"tag-republique-francaise","25":"tag-saints-et-bienheureux"},"share_on_mastodon":{"url":"https:\/\/pubeurope.com\/@fr\/115742744655773635","error":""},"_links":{"self":[{"href":"https:\/\/www.europesays.com\/fr\/wp-json\/wp\/v2\/posts\/608226","targetHints":{"allow":["GET"]}}],"collection":[{"href":"https:\/\/www.europesays.com\/fr\/wp-json\/wp\/v2\/posts"}],"about":[{"href":"https:\/\/www.europesays.com\/fr\/wp-json\/wp\/v2\/types\/post"}],"author":[{"embeddable":true,"href":"https:\/\/www.europesays.com\/fr\/wp-json\/wp\/v2\/users\/2"}],"replies":[{"embeddable":true,"href":"https:\/\/www.europesays.com\/fr\/wp-json\/wp\/v2\/comments?post=608226"}],"version-history":[{"count":0,"href":"https:\/\/www.europesays.com\/fr\/wp-json\/wp\/v2\/posts\/608226\/revisions"}],"wp:featuredmedia":[{"embeddable":true,"href":"https:\/\/www.europesays.com\/fr\/wp-json\/wp\/v2\/media\/608227"}],"wp:attachment":[{"href":"https:\/\/www.europesays.com\/fr\/wp-json\/wp\/v2\/media?parent=608226"}],"wp:term":[{"taxonomy":"category","embeddable":true,"href":"https:\/\/www.europesays.com\/fr\/wp-json\/wp\/v2\/categories?post=608226"},{"taxonomy":"post_tag","embeddable":true,"href":"https:\/\/www.europesays.com\/fr\/wp-json\/wp\/v2\/tags?post=608226"}],"curies":[{"name":"wp","href":"https:\/\/api.w.org\/{rel}","templated":true}]}}