{"id":608248,"date":"2025-12-18T21:52:13","date_gmt":"2025-12-18T21:52:13","guid":{"rendered":"https:\/\/www.europesays.com\/fr\/608248\/"},"modified":"2025-12-18T21:52:13","modified_gmt":"2025-12-18T21:52:13","slug":"des-livres-interdits-en-france-vendus-en-ligne-par-cultura-la-fnac-et-amazon-linterieur-saisit-la-justice","status":"publish","type":"post","link":"https:\/\/www.europesays.com\/fr\/608248\/","title":{"rendered":"Des livres interdits en France vendus en ligne par Cultura, la Fnac et Amazon, l\u2019Int\u00e9rieur saisit la justice"},"content":{"rendered":"<p class=\"mb-4 text-lg md:leading-8 break-words\">Des catalogues en ligne truff\u00e9s de haine. Le ministre de l\u2019Int\u00e9rieur <a href=\"https:\/\/fr.news.yahoo.com\/l-attaque-informatique-au-minist%C3%A8re-090716711.html\" data-ylk=\"slk:Laurent Nu\u00f1ez;elm:context_link;itc:0;sec:content-canvas;outcm:mb_qualified_link;_E:mb_qualified_link;ct:story;\" class=\"link  yahoo-link\" target=\"_blank\" rel=\"noopener\">Laurent Nu\u00f1ez<\/a> va faire un signalement \u00e0 la justice apr\u00e8s la mise en vente sur internet d\u2019ouvrages racistes, n\u00e9gationnistes ou interdits en France, a indiqu\u00e9 ce jeudi 18\u00a0d\u00e9cembre le minist\u00e8re \u00e0 l\u2019AFP, confirmant une information de<a href=\"https:\/\/connexion.liberation.fr\/autorefresh?referer=https%3a%2f%2fwww.liberation.fr%2fpolitique%2fbrulots-antisemites-ou-racistes-vendus-par-cultura-la-fnac-et-amazon-le-ministere-de-linterieur-saisit-la-justice-20251218_6OK2VJCKN5EEBJAZZPLUQBIE5Y%2f\" rel=\"nofollow noopener\" target=\"_blank\" data-ylk=\"slk:Lib\u00e9ration;elm:context_link;itc:0;sec:content-canvas\" class=\"link \"> Lib\u00e9ration<\/a>.<\/p>\n<p class=\"mb-4 text-lg md:leading-8 break-words\">Le quotidien a en effet recens\u00e9 des ouvrages n\u00e9gationnistes, antis\u00e9mites, racistes et des pamphlets supr\u00e9macistes interdits en France&#8230; propos\u00e9s \u00e0 la vente sur internet par les grandes enseignes culturelles et autres leaders du secteur.<\/p>\n<p class=\"mb-4 text-lg md:leading-8 break-words\">Diff\u00e9rents ouvrages du n\u00e9gationniste fran\u00e7ais Robert Faurisson ou du n\u00e9onazi am\u00e9ricain William Luther Price sont ainsi disponibles sur le site de Cultura, de la Fnac ou d\u2019Amazon, tout comme le manifeste du tueur d\u2019extr\u00eame droite Anders Behring Breivik ou\u00a0Les Protocoles des sages de Sion, un texte antis\u00e9mite invent\u00e9 de toutes pi\u00e8ces.<\/p>\n<p>Amazon d\u00e9j\u00e0 \u00e9pingl\u00e9e<\/p>\n<p class=\"mb-4 text-lg md:leading-8 break-words\">Autre exemple\u00a0: le pamphlet l\u2019Ordre SS &#8211; Ethique &amp; id\u00e9ologie, d\u2019Edwige Thibaut, interdit en France pour \u00ab\u00a0apologie du nazisme, du racisme et de l\u2019antis\u00e9mitisme\u00a0\u00bb, est aussi commercialis\u00e9 par Cultura.<\/p>\n<p class=\"mb-4 text-lg md:leading-8 break-words\">Lib\u00e9ration pr\u00e9cise qu\u2019Amazon a connu un <a href=\"https:\/\/www.lemonde.fr\/m-le-mag\/article\/2020\/02\/21\/amazon-met-les-nazis-a-l-index_6030354_4500055.html\" rel=\"nofollow noopener\" target=\"_blank\" data-ylk=\"slk:pr\u00e9c\u00e9dent scandale;elm:context_link;itc:0;sec:content-canvas\" class=\"link \">pr\u00e9c\u00e9dent scandale<\/a>, il y a cinq ans, et avait d\u00fb retirer plusieurs \u0153uvres \u00e0 connotation raciste, antis\u00e9mite ou supr\u00e9maciste. Encore aujourd\u2019hui, nos cronfr\u00e8res ont d\u00e9couvert sur le site de l\u2019entreprise de Jeff Bezos l\u2019ouvrage Mythes Fondateurs de la politique isra\u00e9lienne\u00a0du n\u00e9gationniste fran\u00e7ais Roger Garaudy.<\/p>\n<p class=\"mb-4 text-lg md:leading-8 break-words\">Le ministre de l\u2019Int\u00e9rieur a donc d\u00e9cid\u00e9 de saisir la justice dans le cadre de l\u2019article 40 du code de proc\u00e9dure p\u00e9nale, qui oblige \u00ab\u00a0toute autorit\u00e9 constitu\u00e9e, tout officier public ou fonctionnaire\u00a0\u00bb ayant connaissance d\u2019un crime ou d\u2019un d\u00e9lit \u00e0 en informer \u00ab\u00a0sans d\u00e9lai\u00a0\u00bb la justice.<\/p>\n<p class=\"mb-4 text-lg md:leading-8 break-words\"><a href=\"https:\/\/fr.news.yahoo.com\/nouvelle-taxe-petits-colis-import%C3%A9s-180008805.html\" data-ylk=\"slk:La nouvelle taxe sur les petits colis import\u00e9s dans l\u2019Union europ\u00e9enne pourra co\u00fbter bien plus que 3\u00a0euros;elm:context_link;itc:0;sec:content-canvas;outcm:mb_qualified_link;_E:mb_qualified_link;ct:story;\" class=\"link  yahoo-link\" target=\"_blank\" rel=\"noopener\"> La nouvelle taxe sur les petits colis import\u00e9s dans l\u2019Union europ\u00e9enne pourra co\u00fbter bien plus que 3\u00a0euros <\/a><\/p>\n<p class=\"mb-4 text-lg md:leading-8 break-words\"><a href=\"https:\/\/fr.news.yahoo.com\/vaste-coup-filet-contre-d%C3%A9tenteurs-193123649.html\" data-ylk=\"slk:Vaste coup de filet contre des d\u00e9tenteurs de poup\u00e9es sexuelles \u00e0 caract\u00e8re p\u00e9dopornographique en France;elm:context_link;itc:0;sec:content-canvas;outcm:mb_qualified_link;_E:mb_qualified_link;ct:story;\" class=\"link  yahoo-link\" target=\"_blank\" rel=\"noopener\"> Vaste coup de filet contre des d\u00e9tenteurs de poup\u00e9es sexuelles \u00e0 caract\u00e8re p\u00e9dopornographique en France <\/a><\/p>\n","protected":false},"excerpt":{"rendered":"Des catalogues en ligne truff\u00e9s de haine. Le ministre de l\u2019Int\u00e9rieur Laurent Nu\u00f1ez va faire un signalement \u00e0&hellip;\n","protected":false},"author":2,"featured_media":608249,"comment_status":"","ping_status":"","sticky":false,"template":"","format":"standard","meta":{"footnotes":""},"categories":[4],"tags":[11,1011,27,5454,7088,71940,12,71942,25,71943,71941],"class_list":{"0":"post-608248","1":"post","2":"type-post","3":"status-publish","4":"format-standard","5":"has-post-thumbnail","7":"category-france","8":"tag-actualites","9":"tag-fr","10":"tag-france","11":"tag-laurent-nunez","12":"tag-ministre-de-linterieur","13":"tag-mythes-fondateurs-de-la-politique-israelienne","14":"tag-news","15":"tag-protocoles-des-sages-de-sion","16":"tag-republique-francaise","17":"tag-robert-faurisson","18":"tag-vente-sur-internet"},"share_on_mastodon":{"url":"https:\/\/pubeurope.com\/@fr\/115742791727615487","error":""},"_links":{"self":[{"href":"https:\/\/www.europesays.com\/fr\/wp-json\/wp\/v2\/posts\/608248","targetHints":{"allow":["GET"]}}],"collection":[{"href":"https:\/\/www.europesays.com\/fr\/wp-json\/wp\/v2\/posts"}],"about":[{"href":"https:\/\/www.europesays.com\/fr\/wp-json\/wp\/v2\/types\/post"}],"author":[{"embeddable":true,"href":"https:\/\/www.europesays.com\/fr\/wp-json\/wp\/v2\/users\/2"}],"replies":[{"embeddable":true,"href":"https:\/\/www.europesays.com\/fr\/wp-json\/wp\/v2\/comments?post=608248"}],"version-history":[{"count":0,"href":"https:\/\/www.europesays.com\/fr\/wp-json\/wp\/v2\/posts\/608248\/revisions"}],"wp:featuredmedia":[{"embeddable":true,"href":"https:\/\/www.europesays.com\/fr\/wp-json\/wp\/v2\/media\/608249"}],"wp:attachment":[{"href":"https:\/\/www.europesays.com\/fr\/wp-json\/wp\/v2\/media?parent=608248"}],"wp:term":[{"taxonomy":"category","embeddable":true,"href":"https:\/\/www.europesays.com\/fr\/wp-json\/wp\/v2\/categories?post=608248"},{"taxonomy":"post_tag","embeddable":true,"href":"https:\/\/www.europesays.com\/fr\/wp-json\/wp\/v2\/tags?post=608248"}],"curies":[{"name":"wp","href":"https:\/\/api.w.org\/{rel}","templated":true}]}}