{"id":60825,"date":"2025-04-29T03:30:08","date_gmt":"2025-04-29T03:30:08","guid":{"rendered":"https:\/\/www.europesays.com\/fr\/60825\/"},"modified":"2025-04-29T03:30:08","modified_gmt":"2025-04-29T03:30:08","slug":"il-manque-des-resultats-pour-arkea-bb-hotels-actualite","status":"publish","type":"post","link":"https:\/\/www.europesays.com\/fr\/60825\/","title":{"rendered":"\u00ab Il manque des r\u00e9sultats \u00bb pour Ark\u00e9a-B&#038;B H\u00f4tels &#8211; Actualit\u00e9"},"content":{"rendered":"<p style=\"text-align: justify;\"><strong>La lecture du classement de Li\u00e8ge-Bastogne-Li\u00e8ge n\u2019est pas tr\u00e8s agr\u00e9able aux yeux des membres de la formation Ark\u00e9a-B&amp;B H\u00f4tels. Dimanche, \u00e0 l\u2019occasion de la Doyenne des Classiques, le meilleur \u00e9l\u00e9ment de l\u2019effectif, K\u00e9vin Vauquelin, a coup\u00e9 la ligne en 50e position (<strong><a href=\"https:\/\/www.directvelo.com\/actualite\/120239\/liege-bastogne-liege-classement\" target=\"_blank\" rel=\"noopener\">voir classement<\/a><\/strong>). Un r\u00e9sultat forc\u00e9ment bien en-de\u00e7\u00e0 des attentes du collectif breton. \u201cIl manque un tout petit bout pour \u00eatre dans le groupe d\u2019une trentaine de coureurs qui va se jouer les accessits. C\u2019est dommage car il y avait moyen d\u2019aller chercher un bon r\u00e9sultat derri\u00e8re les trois de devant. Mais c\u2019est comme \u00e7a\u2026\u201d, conc\u00e9dait le directeur sportif, Yvon Ledanois, au micro de DirectVelo au pied du bus des rouge-et-noir, en fin d\u2019apr\u00e8s-midi. \u201cIl ne faut pas retenir que cette course-l\u00e0 mais se souvenir de la 2e place de K\u00e9vin derri\u00e8re \u00ab Pogi \u00bb. C\u2019\u00e9tait un tr\u00e8s bon r\u00e9sultat pour lui comme pour l\u2019\u00e9quipe\u201d, reprend-il ensuite. <br \/>\u00c0 l\u2019arriv\u00e9e de Li\u00e8ge, il \u00e9tait en effet temps de dresser le bilan de ce printemps. Avec une grande satisfaction au sommet du Mur de Huy mais aussi beaucoup de frustrations et de d\u00e9ceptions puisque lors de diff\u00e9rentes Classiques, la WorldTeam n\u2019a jamais v\u00e9ritablement exist\u00e9. \u201cAux Flandriennes, on a malheureusement eu des chutes et des bless\u00e9s, des coureurs qui \u00e9taient importants pour nous ont \u00e9t\u00e9 touch\u00e9s. Je pense notamment \u00e0 (Luca) Mozzato ou Amaury Capiot. Tout \u00e7a nous a \u00e9t\u00e9 pr\u00e9judiciable\u201d, regrette Yvon Ledanois, alors que Florian S\u00e9n\u00e9chal a \u00e9galement regard\u00e9 la plupart des Classiques devant sa t\u00e9l\u00e9 apr\u00e8s sa chute \u00e0 Paris-Nice et que d\u2019autres gar\u00e7ons comme Arnaud D\u00e9mare sont \u00e9galement all\u00e9s au tapis. \u201cMalheureusement, il est compliqu\u00e9 pour\u00a0les coureurs de jouer de retour de blessure, une fois que la p\u00e9riode des Classiques est lanc\u00e9e. La Fl\u00e8che \u00e9tait vraiment un objectif et on a r\u00e9pondu pr\u00e9sent. Mais au global, il nous manque quand m\u00eame des r\u00e9sultats \u00e0 l\u2019Amstel ou \u00e0 Li\u00e8ge, m\u00eame s&rsquo;il y a aussi du positif\u201d.<br \/>Le technicien \u00e9voque ainsi un bilan \u201cmoyen\u201d depuis le week-end d\u2019ouverture belge. \u201cPour performer, il faut un effectif complet et \u00e0 100% aux bons moments. On n\u2019est pas \u00e9pargn\u00e9s depuis le d\u00e9but de saison, on l\u2019a encore vu r\u00e9cemment avec la blessure d\u2019Ewen Costiou qui devait \u00eatre ici (<a href=\"https:\/\/www.directvelo.com\/actualite\/120049\/une-fracture-pour-ewen-costiou\" target=\"_blank\" rel=\"noopener\">lire ici<\/a>). On ne veut pas se chercher d\u2019excuses mais il est vrai qu\u2019il y a eu pas mal de chutes pr\u00e9judiciables \u00e0 l\u2019\u00e9quipe\u201d. Pas question pour autant de se voiler la face ou de se chercher d&rsquo;excuses. \u201cClairement \u00e7a ne suffit pas. Ce podium \u00e0 la Fl\u00e8che n\u2019efface pas tout le reste. Loin de l\u00e0. Il manque des r\u00e9sultats\u201d, insiste et conclut Yvon Ledanois.\u00a0 <\/strong><\/p>\n","protected":false},"excerpt":{"rendered":"La lecture du classement de Li\u00e8ge-Bastogne-Li\u00e8ge n\u2019est pas tr\u00e8s agr\u00e9able aux yeux des membres de la formation Ark\u00e9a-B&amp;B&hellip;\n","protected":false},"author":2,"featured_media":60826,"comment_status":"","ping_status":"","sticky":false,"template":"","format":"standard","meta":{"footnotes":""},"categories":[1411],"tags":[834,828,836,829,837,827,83,826,824,823,1154,207,814,817,815,816,822,821,832,211,839,1011,27,820,818,819,835,831,830,833,838,60,212,208,825],"class_list":{"0":"post-60825","1":"post","2":"type-post","3":"status-publish","4":"format-standard","5":"has-post-thumbnail","7":"category-cyclisme","8":"tag-attaque","9":"tag-belgique","10":"tag-braquet","11":"tag-bretagne","12":"tag-chute","13":"tag-competition","14":"tag-coupe-de-france","15":"tag-coureur","16":"tag-course-cyclisme","17":"tag-course-cycliste","18":"tag-cycling","19":"tag-cyclisme","20":"tag-direct","21":"tag-direct-velo","22":"tag-directvelo","23":"tag-directvelo-com","24":"tag-epreuve","25":"tag-epreuve-cycliste","26":"tag-federation-francaise-de-cyclisme","27":"tag-ffc","28":"tag-flandres","29":"tag-fr","30":"tag-france","31":"tag-live","32":"tag-live-course","33":"tag-live-epreuve","34":"tag-peloton","35":"tag-radio-peloton","36":"tag-radio-tour","37":"tag-ravitaillement","38":"tag-relance","39":"tag-sports","40":"tag-uci","41":"tag-velo","42":"tag-velos"},"share_on_mastodon":{"url":"https:\/\/pubeurope.com\/@fr\/114419140102252195","error":""},"_links":{"self":[{"href":"https:\/\/www.europesays.com\/fr\/wp-json\/wp\/v2\/posts\/60825","targetHints":{"allow":["GET"]}}],"collection":[{"href":"https:\/\/www.europesays.com\/fr\/wp-json\/wp\/v2\/posts"}],"about":[{"href":"https:\/\/www.europesays.com\/fr\/wp-json\/wp\/v2\/types\/post"}],"author":[{"embeddable":true,"href":"https:\/\/www.europesays.com\/fr\/wp-json\/wp\/v2\/users\/2"}],"replies":[{"embeddable":true,"href":"https:\/\/www.europesays.com\/fr\/wp-json\/wp\/v2\/comments?post=60825"}],"version-history":[{"count":0,"href":"https:\/\/www.europesays.com\/fr\/wp-json\/wp\/v2\/posts\/60825\/revisions"}],"wp:featuredmedia":[{"embeddable":true,"href":"https:\/\/www.europesays.com\/fr\/wp-json\/wp\/v2\/media\/60826"}],"wp:attachment":[{"href":"https:\/\/www.europesays.com\/fr\/wp-json\/wp\/v2\/media?parent=60825"}],"wp:term":[{"taxonomy":"category","embeddable":true,"href":"https:\/\/www.europesays.com\/fr\/wp-json\/wp\/v2\/categories?post=60825"},{"taxonomy":"post_tag","embeddable":true,"href":"https:\/\/www.europesays.com\/fr\/wp-json\/wp\/v2\/tags?post=60825"}],"curies":[{"name":"wp","href":"https:\/\/api.w.org\/{rel}","templated":true}]}}