{"id":608257,"date":"2025-12-18T22:00:19","date_gmt":"2025-12-18T22:00:19","guid":{"rendered":"https:\/\/www.europesays.com\/fr\/608257\/"},"modified":"2025-12-18T22:00:19","modified_gmt":"2025-12-18T22:00:19","slug":"litalie-pleure-la-mort-de-michele-dancelli-vainqueur-de-milan-san-remo-en-1970","status":"publish","type":"post","link":"https:\/\/www.europesays.com\/fr\/608257\/","title":{"rendered":"L&rsquo;Italie pleure la mort de Michele Dancelli, vainqueur de Milan-San Remo en 1970"},"content":{"rendered":"\n<p class=\"Paragraph__content\" data-v-e14a34bc=\"\">Les images en noir et blanc ne trompent pas et Michele Dancelli, visi\u00e8re Molteni relev\u00e9e au-dessus du front, avait laiss\u00e9 ce 19\u00a0mars 1970 les larmes couler sans se soucier des cam\u00e9ras italiennes. Le Brescian, d\u00e9c\u00e9d\u00e9 ce jeudi \u00e0 l&rsquo;\u00e2ge de 83\u00a0ans, venait de remporter son premier et unique Milan-San Remo et r\u00e9concilier par la m\u00eame occasion les Italiens avec la Primavera qui \u00e9chappait \u00e0 l&rsquo;un des leurs depuis la victoire de Loretto Petrucci en 1953.<\/p>\n<p>Malgr\u00e9 des succ\u00e8s lors de la Fl\u00e8che Wallonne (1966), de la 8e \u00e9tape du Tour de France de 1969, sans oublier onze \u00e9tapes du Giro (il porta le Maillot rose \u00e0 14 reprises \u00e9galement), Dancelli ne put jamais rivaliser dans la l\u00e9gende transalpine avec les ic\u00f4nes Fausto Coppi, Gino Bartali ou Felice Gimondi mais, au coeur d&rsquo;une \u00e8re domin\u00e9e par le Cannibale qui le rejoindrait chez Molteni un an apr\u00e8s sa victoire sur la Via Roma, il remporta tout de m\u00eame 73 succ\u00e8s et d\u00e9crocha des m\u00e9dailles de bronze lors des Mondiaux d&rsquo;Imola (1968) et de Zolder (1969).<\/p>\n<p>Ancien militant communiste, il avait admis des ann\u00e9es apr\u00e8s son succ\u00e8s sur Milan-San Remo s&rsquo;\u00eatre \u00ab\u00a0laiss\u00e9 envahir par l&rsquo;\u00e9motion. Sur la ligne, j&rsquo;\u00e9tais en pleurs et je ne pouvais plus m&rsquo;arr\u00eater, car les carabiniers, les gens de l&rsquo;organisation qui m&rsquo;entouraient, me congratulaient, pleuraient eux aussi, toute l&rsquo;Italie pleurait&#8230;\u00a0\u00bb<\/p>\n","protected":false},"excerpt":{"rendered":"Les images en noir et blanc ne trompent pas et Michele Dancelli, visi\u00e8re Molteni relev\u00e9e au-dessus du front,&hellip;\n","protected":false},"author":2,"featured_media":608258,"comment_status":"","ping_status":"","sticky":false,"template":"","format":"standard","meta":{"footnotes":""},"categories":[1411],"tags":[1154,207,1011,27,60],"class_list":{"0":"post-608257","1":"post","2":"type-post","3":"status-publish","4":"format-standard","5":"has-post-thumbnail","7":"category-cyclisme","8":"tag-cycling","9":"tag-cyclisme","10":"tag-fr","11":"tag-france","12":"tag-sports"},"share_on_mastodon":{"url":"https:\/\/pubeurope.com\/@fr\/115742823068051760","error":""},"_links":{"self":[{"href":"https:\/\/www.europesays.com\/fr\/wp-json\/wp\/v2\/posts\/608257","targetHints":{"allow":["GET"]}}],"collection":[{"href":"https:\/\/www.europesays.com\/fr\/wp-json\/wp\/v2\/posts"}],"about":[{"href":"https:\/\/www.europesays.com\/fr\/wp-json\/wp\/v2\/types\/post"}],"author":[{"embeddable":true,"href":"https:\/\/www.europesays.com\/fr\/wp-json\/wp\/v2\/users\/2"}],"replies":[{"embeddable":true,"href":"https:\/\/www.europesays.com\/fr\/wp-json\/wp\/v2\/comments?post=608257"}],"version-history":[{"count":0,"href":"https:\/\/www.europesays.com\/fr\/wp-json\/wp\/v2\/posts\/608257\/revisions"}],"wp:featuredmedia":[{"embeddable":true,"href":"https:\/\/www.europesays.com\/fr\/wp-json\/wp\/v2\/media\/608258"}],"wp:attachment":[{"href":"https:\/\/www.europesays.com\/fr\/wp-json\/wp\/v2\/media?parent=608257"}],"wp:term":[{"taxonomy":"category","embeddable":true,"href":"https:\/\/www.europesays.com\/fr\/wp-json\/wp\/v2\/categories?post=608257"},{"taxonomy":"post_tag","embeddable":true,"href":"https:\/\/www.europesays.com\/fr\/wp-json\/wp\/v2\/tags?post=608257"}],"curies":[{"name":"wp","href":"https:\/\/api.w.org\/{rel}","templated":true}]}}