{"id":608260,"date":"2025-12-18T22:03:11","date_gmt":"2025-12-18T22:03:11","guid":{"rendered":"https:\/\/www.europesays.com\/fr\/608260\/"},"modified":"2025-12-18T22:03:11","modified_gmt":"2025-12-18T22:03:11","slug":"ca-dure-rarement-moins-de","status":"publish","type":"post","link":"https:\/\/www.europesays.com\/fr\/608260\/","title":{"rendered":"\u00ab \u00c7a dure rarement moins de&#8230;"},"content":{"rendered":"<p class=\"has-text-color has-small-font-size\" style=\"color:#747474\">Par <a href=\"https:\/\/www.parlons-basket.com\/biographie-auteur-elsa-girard-basset\/\" target=\"_blank\" rel=\"noopener\">Elsa Girard-Basset<\/a> |\u00a0Journaliste web<\/p>\n<p><strong><strong><strong>Discr\u00e8te mais assum\u00e9e, leur histoire d\u2019amour intrigue autant qu\u2019elle fascine. Depuis l\u2019officialisation de leur relation, Adriana Karembeu et Marc Lavoine cultivent une forme de sinc\u00e9rit\u00e9 rare dans le paysage m\u00e9diatique. Loin des postures, la mannequin slovaque s\u2019est r\u00e9cemment livr\u00e9e sans d\u00e9tour sur son quotidien sentimental, en livrant quelques d\u00e9tails \u00e9clairants.<\/strong><\/strong><\/strong><\/p>\n<p>Figure internationale du mannequinat devenue personnalit\u00e9 m\u00e9diatique en France, Adriana Karembeu partage depuis pr\u00e8s de deux ans la vie de Marc Lavoine, l\u2019un des auteurs-compositeurs les plus sensibles de la chanson fran\u00e7aise. Entre emplois du temps charg\u00e9s, voyages et notori\u00e9t\u00e9, leur relation s\u2019est construite \u00e0 contre-courant, dans une intensit\u00e9 revendiqu\u00e9e. Une histoire qu\u2019elle d\u00e9crit aujourd\u2019hui comme une \u00e9vidence, presque vertigineuse.<\/p>\n<p>Dans les colonnes de Paris Match, Adriana Karembeu a accept\u00e9 d\u2019ouvrir une fen\u00eatre sur cette intimit\u00e9 qu\u2019elle prot\u00e8ge habituellement, \u00e9voquant la place centrale occup\u00e9e par l\u2019interpr\u00e8te de \u00ab\u00a0Elle a les yeux revolver\u00a0\u00bb dans sa vie quotidienne. Toujours aussi \u00e9prise de lui, elle lui consacre beaucoup, beaucoup de temps, m\u00eame \u00e0 distance :<\/p>\n<p>\u00ab\u00a0Je peux tout faire par amour, c\u2019est m\u00eame dangereux. Je peux tout quitter, je peux partir. Et je l\u2019ai fait \u00e0 plusieurs reprises. La personne que j\u2019ai le plus souvent au t\u00e9l\u00e9phone, c\u2019est mon amoureux (Marc Lavoine, ndlr) \u00e9videmment. Vous ne pouvez pas savoir, \u00e7a peut durer des heures. Mais des heures. Rarement moins de cinq heures\u2026 Je voyage beaucoup donc il faut se rattraper quelque part. Est-ce que j\u2019ai trouv\u00e9 le bon. Je pense. J\u2019esp\u00e8re. Non, je pense que je sais m\u00eame\u00a0\u00bb.<\/p>\n<p>Au fil de cet entretien, la quinquag\u00e9naire d\u00e9crit une relation nourrie par l\u2019\u00e9change, l\u2019\u00e9coute et une admiration r\u00e9ciproque. Loin des clich\u00e9s, elle insiste sur ce qui l\u2019a profond\u00e9ment touch\u00e9e chez l\u2019artiste fran\u00e7ais. Toujours dans Paris Match, Adriana Karembeu d\u00e9taille ce qui, selon elle, fait la singularit\u00e9 de Marc Lavoine et la mani\u00e8re dont l\u2019amour transforme son regard sur elle-m\u00eame :<\/p>\n<p>\u00ab\u00a0Ce qui m\u2019a plu chez lui ? La sensibilit\u00e9, l\u2019intelligence et l\u2019humour. La gentillesse aussi. Je me trouve jolie quand je suis amoureuse parce que, par rapport \u00e0 ce que les gens me disent, ils me disent que j\u2019ai une esp\u00e8ce de lumi\u00e8re en moi. \u00c7a me touche, et je suis en vie, d\u2019un coup\u00a0\u00bb.<\/p>\n<p>Entre confidences intimes et d\u00e9clarations lumineuses, Adriana Karembeu dessine le portrait d\u2019un amour intense, parfois d\u00e9raisonnable, mais profond\u00e9ment vivant. Une relation assum\u00e9e, qui semble aujourd\u2019hui lui apporter cet \u00e9quilibre et cette \u00e9nergie qu\u2019elle revendique sans d\u00e9tour.<\/p>\n","protected":false},"excerpt":{"rendered":"Par Elsa Girard-Basset |\u00a0Journaliste web Discr\u00e8te mais assum\u00e9e, leur histoire d\u2019amour intrigue autant qu\u2019elle fascine. Depuis l\u2019officialisation de&hellip;\n","protected":false},"author":2,"featured_media":608261,"comment_status":"","ping_status":"","sticky":false,"template":"","format":"standard","meta":{"footnotes":""},"categories":[1359],"tags":[6382,58,59,1011,27,7593,973],"class_list":{"0":"post-608260","1":"post","2":"type-post","3":"status-publish","4":"format-standard","5":"has-post-thumbnail","7":"category-people","8":"tag-adriana-karembeu","9":"tag-divertissement","10":"tag-entertainment","11":"tag-fr","12":"tag-france","13":"tag-marc-lavoine","14":"tag-people"},"share_on_mastodon":{"url":"https:\/\/pubeurope.com\/@fr\/115742834973651364","error":""},"_links":{"self":[{"href":"https:\/\/www.europesays.com\/fr\/wp-json\/wp\/v2\/posts\/608260","targetHints":{"allow":["GET"]}}],"collection":[{"href":"https:\/\/www.europesays.com\/fr\/wp-json\/wp\/v2\/posts"}],"about":[{"href":"https:\/\/www.europesays.com\/fr\/wp-json\/wp\/v2\/types\/post"}],"author":[{"embeddable":true,"href":"https:\/\/www.europesays.com\/fr\/wp-json\/wp\/v2\/users\/2"}],"replies":[{"embeddable":true,"href":"https:\/\/www.europesays.com\/fr\/wp-json\/wp\/v2\/comments?post=608260"}],"version-history":[{"count":0,"href":"https:\/\/www.europesays.com\/fr\/wp-json\/wp\/v2\/posts\/608260\/revisions"}],"wp:featuredmedia":[{"embeddable":true,"href":"https:\/\/www.europesays.com\/fr\/wp-json\/wp\/v2\/media\/608261"}],"wp:attachment":[{"href":"https:\/\/www.europesays.com\/fr\/wp-json\/wp\/v2\/media?parent=608260"}],"wp:term":[{"taxonomy":"category","embeddable":true,"href":"https:\/\/www.europesays.com\/fr\/wp-json\/wp\/v2\/categories?post=608260"},{"taxonomy":"post_tag","embeddable":true,"href":"https:\/\/www.europesays.com\/fr\/wp-json\/wp\/v2\/tags?post=608260"}],"curies":[{"name":"wp","href":"https:\/\/api.w.org\/{rel}","templated":true}]}}