{"id":60827,"date":"2025-04-29T03:31:10","date_gmt":"2025-04-29T03:31:10","guid":{"rendered":"https:\/\/www.europesays.com\/fr\/60827\/"},"modified":"2025-04-29T03:31:10","modified_gmt":"2025-04-29T03:31:10","slug":"ibrahima-konate-au-psg-lannonce-fracassante","status":"publish","type":"post","link":"https:\/\/www.europesays.com\/fr\/60827\/","title":{"rendered":"Ibrahima Konat\u00e9 au PSG, l&rsquo;annonce fracassante"},"content":{"rendered":"<p data-testid=\"article-teaser\">Cibl\u00e9 par le PSG, Ibrahima Konat\u00e9 a fait une annonce d\u00e9routante sur son avenir, ces derni\u00e8res heures.<\/p>\n<p>\u00c0 l\u2019heure o\u00f9 le Paris Saint-Germain pr\u00e9pare une profonde refonte de son effectif, une rumeur agite la capitale : Ibrahima Konat\u00e9 pourrait rejoindre les rangs parisiens. Si l\u2019id\u00e9e fait r\u00eaver les supporters, la r\u00e9alit\u00e9 semble plus nuanc\u00e9e. En fin de contrat \u00e0 Liverpool en 2026, le d\u00e9fenseur fran\u00e7ais suscite l\u2019int\u00e9r\u00eat grandissant de Luis Campos. Mais une r\u00e9cente d\u00e9claration du principal int\u00e9ress\u00e9 pourrait bien rebattre les cartes.<\/p>\n<p>L&rsquo;article continue ci-dessous<\/p>\n","protected":false},"excerpt":{"rendered":"Cibl\u00e9 par le PSG, Ibrahima Konat\u00e9 a fait une annonce d\u00e9routante sur son avenir, ces derni\u00e8res heures. \u00c0&hellip;\n","protected":false},"author":2,"featured_media":60828,"comment_status":"","ping_status":"","sticky":false,"template":"","format":"standard","meta":{"footnotes":""},"categories":[1410],"tags":[5357,15381,11871,15821,63,1011,27,15820,66,447,3490,91,70,60],"class_list":{"0":"post-60827","1":"post","2":"type-post","3":"status-publish","4":"format-standard","5":"has-post-thumbnail","7":"category-football","8":"tag-arsenal","9":"tag-arsenal-vs-paris-saint-germain","10":"tag-chelsea","11":"tag-chelsea-vs-liverpool","12":"tag-football","13":"tag-fr","14":"tag-france","15":"tag-i-konate","16":"tag-ligue-1","17":"tag-ligue-des-champions","18":"tag-liverpool","19":"tag-paris-saint-germain","20":"tag-premier-league","21":"tag-sports"},"share_on_mastodon":{"url":"https:\/\/pubeurope.com\/@fr\/114419144074787067","error":""},"_links":{"self":[{"href":"https:\/\/www.europesays.com\/fr\/wp-json\/wp\/v2\/posts\/60827","targetHints":{"allow":["GET"]}}],"collection":[{"href":"https:\/\/www.europesays.com\/fr\/wp-json\/wp\/v2\/posts"}],"about":[{"href":"https:\/\/www.europesays.com\/fr\/wp-json\/wp\/v2\/types\/post"}],"author":[{"embeddable":true,"href":"https:\/\/www.europesays.com\/fr\/wp-json\/wp\/v2\/users\/2"}],"replies":[{"embeddable":true,"href":"https:\/\/www.europesays.com\/fr\/wp-json\/wp\/v2\/comments?post=60827"}],"version-history":[{"count":0,"href":"https:\/\/www.europesays.com\/fr\/wp-json\/wp\/v2\/posts\/60827\/revisions"}],"wp:featuredmedia":[{"embeddable":true,"href":"https:\/\/www.europesays.com\/fr\/wp-json\/wp\/v2\/media\/60828"}],"wp:attachment":[{"href":"https:\/\/www.europesays.com\/fr\/wp-json\/wp\/v2\/media?parent=60827"}],"wp:term":[{"taxonomy":"category","embeddable":true,"href":"https:\/\/www.europesays.com\/fr\/wp-json\/wp\/v2\/categories?post=60827"},{"taxonomy":"post_tag","embeddable":true,"href":"https:\/\/www.europesays.com\/fr\/wp-json\/wp\/v2\/tags?post=60827"}],"curies":[{"name":"wp","href":"https:\/\/api.w.org\/{rel}","templated":true}]}}