{"id":608270,"date":"2025-12-18T22:09:11","date_gmt":"2025-12-18T22:09:11","guid":{"rendered":"https:\/\/www.europesays.com\/fr\/608270\/"},"modified":"2025-12-18T22:09:11","modified_gmt":"2025-12-18T22:09:11","slug":"carte-medecins-et-hopitaux-bientot-debordes-par-la-grippe-voici-les-departements-les-plus-touches","status":"publish","type":"post","link":"https:\/\/www.europesays.com\/fr\/608270\/","title":{"rendered":"CARTE. M\u00e9decins et h\u00f4pitaux bient\u00f4t d\u00e9bord\u00e9s par la grippe ? Voici les d\u00e9partements les plus touch\u00e9s"},"content":{"rendered":"<p>                    Par<br \/>\n        <strong><br \/>\n            <a href=\"https:\/\/actu.fr\/auteur\/alexandra-segond\" title=\"Consulter tous les articles de Alexandra Segond\" target=\"_blank\" rel=\"noopener\">Alexandra Segond<\/a><br \/>\n                    <\/strong><\/p>\n<p>        Publi\u00e9 le<\/p>\n<p>            18 d\u00e9c. 2025 \u00e0 15h52<br \/>\n        ; mis \u00e0 jour le 18 d\u00e9c. 2025 \u00e0 16h18    <\/p>\n<p>Le dernier <a href=\"https:\/\/www.santepubliquefrance.fr\/maladies-et-traumatismes\/maladies-et-infections-respiratoires\/grippe\/documents\/bulletin-national\/infections-respiratoires-aigues-grippe-bronchiolite-covid-19-.-bulletin-du-17-decembre-2025\" target=\"_blank\" rel=\"noopener\">point de situation de Sant\u00e9 publique France<\/a> (SPF), publi\u00e9 mercredi 17\u00a0d\u00e9cembre 2025, est formel\u2009: les <a href=\"https:\/\/actu.fr\/tag\/medecins\" target=\"_blank\" rel=\"noopener\">m\u00e9decins<\/a> de ville et les <a href=\"https:\/\/actu.fr\/tag\/hopital\" target=\"_blank\" rel=\"noopener\">h\u00f4pitaux<\/a> <strong>risquent la surcharge<\/strong> pendant la p\u00e9riode de f\u00eates de <a href=\"https:\/\/actu.fr\/tag\/noel\" target=\"_blank\" rel=\"noopener\">No\u00ebl<\/a>. En cause, <strong>la circulation toujours tr\u00e8s active<\/strong> du virus de la <strong>grippe<\/strong> sur le territoire.<br \/>Partout en France et toutes classes d\u2019\u00e2ge confondues, les indicateurs poursuivent leur hausse. <a href=\"https:\/\/actu.fr\/societe\/carte-l-epidemie-de-grippe-en-forte-augmentation-en-france-les-departements-les-plus-touches_63571830.html\" target=\"_blank\" rel=\"noopener\">Comme c\u2019\u00e9tait d\u00e9j\u00e0 le cas la semaine pass\u00e9e<\/a>, l\u2019ensemble des r\u00e9gions de l\u2019Hexagone restent touch\u00e9es par la <a href=\"https:\/\/actu.fr\/tag\/grippe\" target=\"_blank\" rel=\"noopener\">grippe<\/a>.<\/p>\n<p>La France enti\u00e8re class\u00e9e en rouge<\/p>\n<p class=\" wall-content\">Dans un bulletin plus d\u00e9taill\u00e9 associ\u00e9 \u00e0 son point de situation sanitaire du 17\u00a0d\u00e9cembre 2025, Sant\u00e9 publique France fait \u00e9tat d\u2019une <strong>situation d\u2019\u00e9pid\u00e9mie<\/strong> partout en France m\u00e9tropolitaine, avec <strong>la totalit\u00e9 du territoire plac\u00e9e en rouge<\/strong> concernant la grippe.<\/p>\n<p class=\" wall-content\">Dans la carte ci-dessous, bas\u00e9e sur les donn\u00e9es de SPF concernant les taux de passages aux urgences enregistr\u00e9s sur le territoire, actu.fr a mis en lumi\u00e8re les d\u00e9partements dans lesquels la grippe est la plus virulente.<\/p>\n<p class=\" wall-content\">Les <strong>cinq d\u00e9partements les plus touch\u00e9s<\/strong> sont\u2009:<\/p>\n<ul class=\" wall-content\">\n<li>Hautes-Pyr\u00e9n\u00e9es\u2009: la grippe repr\u00e9sente environ 6\u2009460 passages aux urgences sur 100\u2009000.<\/li>\n<li>Paris\u2009: la grippe repr\u00e9sente environ 6\u2009329 passages aux urgences sur 100\u2009000.<\/li>\n<li>La Seine-et-Marne\u2009: la grippe repr\u00e9sente 5\u2009971 passages aux urgences sur 100\u2009000.<\/li>\n<li>Les Alpes-de-Haute-Provence\u2009: la grippe repr\u00e9sente 5\u2009602 passages aux urgences sur 100\u2009000.<\/li>\n<li>Les Alpes-Maritimes\u2009: la grippe repr\u00e9sente 5\u2009500 passages aux urgences sur 100\u2009000.<\/li>\n<\/ul>\n<p class=\" wall-content\">\n<p class=\" wall-content\">Si notre carte ne s\u2019affiche pas correctement, vous pouvez la consulter en ligne <a href=\"https:\/\/public.flourish.studio\/visualisation\/26872953\/\" target=\"_blank\" rel=\"noopener\">en cliquant <strong>ici<\/strong><\/a>.<\/p>\n<p class=\" wall-content\">Et en Outremer\u2009? Depuis la semaine derni\u00e8re, la Guyane et Saint-Martin ont rejoint cette phase \u00e9pid\u00e9mique, dans laquelle se trouvait d\u00e9j\u00e0 Mayotte depuis la mi-novembre\u00a02025. La Guadeloupe et la Martinique, elles, ont \u00e9t\u00e9 plac\u00e9es en \u00ab\u2009orange\u2009\u00bb, pour signifier une situation de pr\u00e9-\u00e9pid\u00e9mie concernant la grippe.<\/p>\n<p>Votre r\u00e9gion, votre actu !<\/p>\n<p>Recevez chaque jour les infos qui comptent pour vous.<\/p>\n<p>\t<a href=\"https:\/\/actu.fr\/newsletter\" class=\"ac-btn ac-btn--corner ac-btn--medium ac-btn--blue800\" target=\"_blank\" rel=\"noopener\">S&rsquo;incrire<\/a><br \/>\nQue retenir du point de Sant\u00e9 publique France\u2009?<\/p>\n<ul class=\" wall-content\">\n<li><strong>Une \u00ab\u2009nette augmentation\u2009\u00bb des cas de grippe<\/strong><\/li>\n<\/ul>\n<p class=\" wall-content\"><a href=\"https:\/\/actu.fr\/tag\/coronavirus-covid\" target=\"_blank\" rel=\"noopener\">Covid-19<\/a>, <a href=\"https:\/\/actu.fr\/societe\/epidemie-de-bronchiolite-gestes-barrieres-traitements-voici-comment-mieux-proteger-votre-bebe_63553960.html\" target=\"_blank\" rel=\"noopener\">bronchiolite<\/a> et grippe\u2009: dans son bulletin dat\u00e9 du 17\u00a0d\u00e9cembre 2025, SPF constate <strong>\u00ab\u2009une nette augmentation en ville et \u00e0 l\u2019h\u00f4pital\u2009\u00bb<\/strong> de tous les indicateurs d\u2019infections respiratoires aigu\u00ebs en France.<\/p>\n<p class=\" wall-content\">Sur la semaine 50 (du 8 au 14\u00a0d\u00e9cembre 2025), sur laquelle se base le point de SPF, le taux de consultations tous \u00e2ges confondus pour un syndrome grippal est estim\u00e9 \u00e0 266 cas pour 100\u2009000\u00a0habitants. C\u2019est bien plus que la semaine pr\u00e9c\u00e9dente, o\u00f9 les autorit\u00e9s de <a href=\"https:\/\/actu.fr\/tag\/sante\" target=\"_blank\" rel=\"noopener\">sant\u00e9<\/a> avaient relev\u00e9 191 cas pour 100\u2009000\u00a0habitants.<\/p>\n<ul class=\" wall-content\">\n<li><strong>Le nombre de d\u00e9c\u00e8s d\u00e9clar\u00e9s a doubl\u00e9<\/strong><\/li>\n<\/ul>\n<p class=\" wall-content\">Le deuxi\u00e8me \u00e9l\u00e9ment \u00e0 retenir est que l\u2019activit\u00e9 grippale atteint d\u00e9sormais un \u00ab\u2009niveau d\u2019intensit\u00e9 mod\u00e9r\u00e9e chez les moins de 15\u00a0ans et chez <a href=\"https:\/\/actu.fr\/tag\/seniors\" target=\"_blank\" rel=\"noopener\">les 65\u00a0ans ou plus<\/a>\u2009\u00bb. Ce n\u2019est pas tout\u2009: le nombre de d\u00e9c\u00e8s d\u00e9clar\u00e9s par certificat \u00e9lectronique<strong> a doubl\u00e9 depuis l\u2019an pass\u00e9<\/strong> \u00e0 la m\u00eame p\u00e9riode (1,8\u2009% vs 0,9\u2009%).<\/p>\n<ul class=\" wall-content\">\n<li><strong>Le nouveau variant K reste majoritaire<\/strong><\/li>\n<\/ul>\n<p class=\" wall-content\">L\u2019autorit\u00e9 de sant\u00e9 confirme au passage la pr\u00e9sence majoritaire du <strong>nouveau variant K<\/strong>, qui repr\u00e9sente 77,6\u2009% des cas de grippe.<\/p>\n<blockquote class=\"ac-article-quote wall-content\">\n<p>Parmi les virus grippaux s\u00e9quenc\u00e9s depuis fin septembre, le sous-clade K \u00e9tait majoritaire pour le sous-type A(H3N2) et le sous-clade D.3.1 \u00e9tait majoritaire pour le sous-type A(H1N1).<\/p>\n<p>    <strong>Sant\u00e9 publique France (SPF)<\/strong>\n            <\/p><\/blockquote>\n<p class=\" wall-content\">Ce nouveau variant a\u00a0\u00e9merg\u00e9 \u00ab\u2009apr\u00e8s que la composition vaccinale a \u00e9t\u00e9 d\u00e9termin\u00e9e par les experts de l\u2019OMS en f\u00e9vrier dernier pour le vaccin d\u00e9livr\u00e9 cet automne\u2009\u00bb, a expliqu\u00e9 le Pr\u00a0Antoine Flahaut, <a style=\"font-size: 1.8rem; caret-color: rgba(0, 0, 0, 0);\" href=\"https:\/\/actu.fr\/societe\/l-epidemie-de-grippe-gagne-du-terrain-poussee-par-le-sous-clade-k-ce-que-l-on-sait-de-ce-variant_63562956.html\" target=\"_blank\" rel=\"noopener\">questionn\u00e9 la semaine derni\u00e8re par actu.fr<\/a>. De quoi interroger quant \u00e0 l\u2019efficacit\u00e9 r\u00e9elle du vaccin.<\/p>\n<p class=\" wall-content\">Personnalisez votre actualit\u00e9 en ajoutant vos villes et m\u00e9dias en favori avec <a href=\"https:\/\/moncompte.actu.fr\" title=\"D\u00e9couvez Mon Actu\" rel=\"nofollow noopener\" data-trk=\"{&quot;cta&quot;:{&quot;action&quot;:&quot;https:\\\/\\\/moncompte.actu.fr&quot;,&quot;category&quot;:&quot;mon compte&quot;,&quot;from&quot;:&quot;article footer&quot;,&quot;name&quot;:&quot;Mon actu&quot;,&quot;type&quot;:&quot;cta&quot;}}\" target=\"_blank\">Mon Actu<\/a>.<\/p>\n","protected":false},"excerpt":{"rendered":"Par Alexandra Segond Publi\u00e9 le 18 d\u00e9c. 2025 \u00e0 15h52 ; mis \u00e0 jour le 18 d\u00e9c. 2025&hellip;\n","protected":false},"author":2,"featured_media":607953,"comment_status":"","ping_status":"","sticky":false,"template":"","format":"standard","meta":{"footnotes":""},"categories":[10],"tags":[1011,27,29786,72,2673,71,104],"class_list":{"0":"post-608270","1":"post","2":"type-post","3":"status-publish","4":"format-standard","5":"has-post-thumbnail","7":"category-sante","8":"tag-fr","9":"tag-france","10":"tag-grippe","11":"tag-health","12":"tag-medecins","13":"tag-sante","14":"tag-societe"},"share_on_mastodon":{"url":"https:\/\/pubeurope.com\/@fr\/115742858654947554","error":""},"_links":{"self":[{"href":"https:\/\/www.europesays.com\/fr\/wp-json\/wp\/v2\/posts\/608270","targetHints":{"allow":["GET"]}}],"collection":[{"href":"https:\/\/www.europesays.com\/fr\/wp-json\/wp\/v2\/posts"}],"about":[{"href":"https:\/\/www.europesays.com\/fr\/wp-json\/wp\/v2\/types\/post"}],"author":[{"embeddable":true,"href":"https:\/\/www.europesays.com\/fr\/wp-json\/wp\/v2\/users\/2"}],"replies":[{"embeddable":true,"href":"https:\/\/www.europesays.com\/fr\/wp-json\/wp\/v2\/comments?post=608270"}],"version-history":[{"count":0,"href":"https:\/\/www.europesays.com\/fr\/wp-json\/wp\/v2\/posts\/608270\/revisions"}],"wp:featuredmedia":[{"embeddable":true,"href":"https:\/\/www.europesays.com\/fr\/wp-json\/wp\/v2\/media\/607953"}],"wp:attachment":[{"href":"https:\/\/www.europesays.com\/fr\/wp-json\/wp\/v2\/media?parent=608270"}],"wp:term":[{"taxonomy":"category","embeddable":true,"href":"https:\/\/www.europesays.com\/fr\/wp-json\/wp\/v2\/categories?post=608270"},{"taxonomy":"post_tag","embeddable":true,"href":"https:\/\/www.europesays.com\/fr\/wp-json\/wp\/v2\/tags?post=608270"}],"curies":[{"name":"wp","href":"https:\/\/api.w.org\/{rel}","templated":true}]}}