{"id":608284,"date":"2025-12-18T22:17:53","date_gmt":"2025-12-18T22:17:53","guid":{"rendered":"https:\/\/www.europesays.com\/fr\/608284\/"},"modified":"2025-12-18T22:17:53","modified_gmt":"2025-12-18T22:17:53","slug":"saint-just-malmont-un-conducteur-perd-le-controle-il-est-positif-a-lalcool","status":"publish","type":"post","link":"https:\/\/www.europesays.com\/fr\/608284\/","title":{"rendered":"Saint-Just-Malmont : un conducteur perd le contr\u00f4le, il est positif \u00e0 l&rsquo;alcool"},"content":{"rendered":"<p>\t\t\t\t\t\t\t\t\t\t\t\t\t\t\t\t\t\t\t\t\t\t\t\t\t\t\t\t\t\t\t\t\t\t\t\t\t\t\t\t\t\t\t\t\t\t\t\t\t\t\t\t\t\t\t\t\t\t\t\t\t\t\t<a href=\"https:\/\/www.lacommere43.fr\/component\/banners\/click\/1862.html\" target=\"_blank\" title=\"Tence Rural Master d\u00e9cembre 2025\" rel=\"noopener\"><br \/>\n\t\t\t\t\t\t\t<img decoding=\"async\" loading=\"lazy\" src=\"https:\/\/www.europesays.com\/fr\/wp-content\/uploads\/2025\/12\/rural2025-6.gif\" alt=\"Tence Rural Master d\u00e9cembre 2025\"\/><br \/>\n\t\t\t\t\t\t<\/a><\/p>\n<p>\t\t\t\t\t\t\t\t\t\t\t\t\t\t\t\t\t\t\t\t\t\t\t\t\t\t\t\t\t\t\t\t\t\t\t\t\t\t\t\t\t\t\t\t\t\t\t\t\t\t\t\t\t\t\t\t\t\t\t\t\t\t\t<a href=\"https:\/\/www.lacommere43.fr\/component\/banners\/click\/1870.html\" target=\"_blank\" title=\"Yssingeaux bijouterie Civet d\u00e9cembre 2025\" rel=\"noopener\"><br \/>\n\t\t\t\t\t\t\t<img decoding=\"async\" loading=\"lazy\" src=\"https:\/\/www.europesays.com\/fr\/wp-content\/uploads\/2025\/12\/civet-carre2026.gif\" alt=\"Yssingeaux bijouterie Civet d\u00e9cembre 2025\"\/><br \/>\n\t\t\t\t\t\t<\/a><\/p>\n<p>Mercredi apr\u00e8s-midi, un accident s&rsquo;est produit vers 16 h 15 sur la zone des Champs de Berre \u00e0 Saint-Just-Malmont. Un automobiliste de 61 ans a perdu le contr\u00f4le de son v\u00e9hicule, il n&rsquo;a pas \u00e9t\u00e9 bless\u00e9.<\/p>\n<p>Le premier d\u00e9pistage d&rsquo;alcool\u00e9mie s&rsquo;est r\u00e9v\u00e9l\u00e9 positif. Mais incapable de souffler une seconde fois pour confirmer, une prise de sang a \u00e9t\u00e9 r\u00e9alis\u00e9 par un pompier infirmier. Il a \u00e9t\u00e9 pris en charge par les gendarmes pour commencer la proc\u00e9dure administrative.<\/p>\n","protected":false},"excerpt":{"rendered":"Mercredi apr\u00e8s-midi, un accident s&rsquo;est produit vers 16 h 15 sur la zone des Champs de Berre \u00e0&hellip;\n","protected":false},"author":2,"featured_media":608285,"comment_status":"","ping_status":"","sticky":false,"template":"","format":"standard","meta":{"footnotes":""},"categories":[9653],"tags":[1111,2281,11,2430,1777,674,2282,1011,27,2280,2284,2285,2283,12,25,4001],"class_list":{"0":"post-608284","1":"post","2":"type-post","3":"status-publish","4":"format-standard","5":"has-post-thumbnail","7":"category-saint-etienne","8":"tag-actu","9":"tag-actualite-43","10":"tag-actualites","11":"tag-auvergne-rhone-alpes","12":"tag-eu","13":"tag-europe","14":"tag-faits-divers-auvergne","15":"tag-fr","16":"tag-france","17":"tag-information-haute-loire","18":"tag-infos-43","19":"tag-journal-haute-loire","20":"tag-la-commere-43","21":"tag-news","22":"tag-republique-francaise","23":"tag-saint-etienne"},"share_on_mastodon":{"url":"https:\/\/pubeurope.com\/@fr\/115742895169282369","error":""},"_links":{"self":[{"href":"https:\/\/www.europesays.com\/fr\/wp-json\/wp\/v2\/posts\/608284","targetHints":{"allow":["GET"]}}],"collection":[{"href":"https:\/\/www.europesays.com\/fr\/wp-json\/wp\/v2\/posts"}],"about":[{"href":"https:\/\/www.europesays.com\/fr\/wp-json\/wp\/v2\/types\/post"}],"author":[{"embeddable":true,"href":"https:\/\/www.europesays.com\/fr\/wp-json\/wp\/v2\/users\/2"}],"replies":[{"embeddable":true,"href":"https:\/\/www.europesays.com\/fr\/wp-json\/wp\/v2\/comments?post=608284"}],"version-history":[{"count":0,"href":"https:\/\/www.europesays.com\/fr\/wp-json\/wp\/v2\/posts\/608284\/revisions"}],"wp:featuredmedia":[{"embeddable":true,"href":"https:\/\/www.europesays.com\/fr\/wp-json\/wp\/v2\/media\/608285"}],"wp:attachment":[{"href":"https:\/\/www.europesays.com\/fr\/wp-json\/wp\/v2\/media?parent=608284"}],"wp:term":[{"taxonomy":"category","embeddable":true,"href":"https:\/\/www.europesays.com\/fr\/wp-json\/wp\/v2\/categories?post=608284"},{"taxonomy":"post_tag","embeddable":true,"href":"https:\/\/www.europesays.com\/fr\/wp-json\/wp\/v2\/tags?post=608284"}],"curies":[{"name":"wp","href":"https:\/\/api.w.org\/{rel}","templated":true}]}}