{"id":608298,"date":"2025-12-18T22:27:11","date_gmt":"2025-12-18T22:27:11","guid":{"rendered":"https:\/\/www.europesays.com\/fr\/608298\/"},"modified":"2025-12-18T22:27:11","modified_gmt":"2025-12-18T22:27:11","slug":"la-colere-noire-des-eleveurs-qui-ont-manifeste-a-rouen","status":"publish","type":"post","link":"https:\/\/www.europesays.com\/fr\/608298\/","title":{"rendered":"la col\u00e8re noire des \u00e9leveurs qui ont manifest\u00e9 \u00e0 Rouen"},"content":{"rendered":"<p melodystyle=\"texte\">\u00ab\u00a0On travaille parce qu&rsquo;on aime notre m\u00e9tier. Pas pour \u00eatre trait\u00e9s comme des chiens\u00a0!\u00a0\u00bb. Trois \u00e9leveurs de la Vall\u00e9e de la Seine \u00e9taient en col\u00e8re ce jeudi 18\u00a0d\u00e9cembre. Ils figuraient parmi les agriculteurs de la Seine-Maritime et de l&rsquo;Eure qui se sont rendus \u00e0 Rouen. Ils ont d&rsquo;abord rejoint la cit\u00e9 administrative, puis la pr\u00e9fecture, afin de manifester leur m\u00e9contentement. Mercosur, taxes, dermatose, ils sont \u00e0 bout et cherchent des r\u00e9ponses.<\/p>\n<p>\u00ab\u00a0Il faut vraiment \u00eatre solidaires entre nous\u00a0\u00bb<\/p>\n<p melodystyle=\"texte\">A 20 h 30, les porte-paroles de la Coordination rurale sont sortis de la pr\u00e9fecture afin de dresser le bilan. Ils ont \u00e9chang\u00e9 plusieurs heures durant, avec le Pr\u00e9fet et une repr\u00e9sentante de la Direction d\u00e9partementale de la Protection des populations (DDPP), au sujet du Mercosur, des normes, des charges, des prix et de la dermatose nodulaire. \u00ab\u00a0Pour eux, la maladie ne montera pas en Normandie, rapportait Dorian Hav\u00e9, repr\u00e9sentant des jeunes \u00e0 la Coordination et install\u00e9 \u00e0 Sainte-Croix-sur-Buchy. Le pr\u00e9fet a donn\u00e9 des consignes. Nous devons les appliquer, proc\u00e9der \u00e0 la d\u00e9sinfection quand cela est possible et \u00e9viter les mouvements dans les fermes. Si un cas est d\u00e9tect\u00e9 en Normandie, ce sera l&rsquo;abattage total, ce sera la seule solution\u00a0\u00bb.<\/p>\n<p>Des agriculteurs inquiets<\/p>\n<p melodystyle=\"texte\">Face \u00e0 ces premi\u00e8res paroles, la col\u00e8re s&rsquo;est faite ressentir dans l&rsquo;auditoire. \u00ab\u00a0Et pourquoi ne pas isoler la b\u00eate malade\u00a0?\u00a0\u00bb. \u00ab\u00a0Ils ont pens\u00e9 aux deux coll\u00e8gues qui se sont suicid\u00e9s\u00a0?\u00a0\u00bb. Les agriculteurs sont inquiets. Pour le moment, la pr\u00e9vention est de rigueur. <a href=\"https:\/\/www.lecourriercauchois.fr\/actualite-393679-seine-maritime-dermatose-nodulaire-des-operations-de-controle-menees-sur-les-routes\" target=\"_blank\" rel=\"noopener\">Des contr\u00f4les ont d&rsquo;ailleurs \u00e9t\u00e9 men\u00e9s<\/a> sur les routes mercredi 17\u00a0d\u00e9cembre. \u00ab\u00a0Il faut vraiment \u00eatre solidaires entre nous, ils ne nous feront pas de cadeaux\u00a0\u00bb, insistait Dorian Hav\u00e9. \u00ab\u00a0On s&rsquo;est sentis \u00e9cout\u00e9s, compris et entendus. Nous devons continuer de parler avec les pouvoirs publics, nous sommes des agriculteurs responsables et nous ferons tout pour prot\u00e9ger nos troupeaux\u00a0\u00bb, ajoutait Sylvain de Bosschere, pr\u00e9sident de la Coordination rurale de Seine-Maritime.<\/p>\n<p>La signature de l&rsquo;accord repouss\u00e9e<\/p>\n<p melodystyle=\"texte\">Ce jeudi 18\u00a0d\u00e9cembre, <a href=\"https:\/\/www.lecourriercauchois.fr\/actualite-393734-video-des-agriculteurs-cauchois-dans-la-manifestation-europeenne-de-bruxelles\" target=\"_blank\" rel=\"noopener\">les agriculteurs \u00e9taient \u00e9galement mobilis\u00e9s \u00e0 Bruxelles<\/a> o\u00f9 s&rsquo;\u00e9taient r\u00e9unis les dirigeants des 27 pays de l&rsquo;Union europ\u00e9enne.<\/p>\n<p melodystyle=\"textnoprint\">\n<p melodystyle=\"texte\">Dans la soir\u00e9e, la pr\u00e9sidente de la Commission europ\u00e9enne Ursula von der Leyen, a inform\u00e9 les dirigeants que la signature de l&rsquo;accord commercial entre l&rsquo;UE et les pays du Mercosur \u00e9tait report\u00e9e \u00e0 janvier. Ce trait\u00e9 aurait pu \u00eatre paraph\u00e9 samedi lors du sommet du Mercosur \u00e0 Foz do Igua\u00e7u au Br\u00e9sil, si tous les dirigeants s&rsquo;\u00e9taient mis d&rsquo;accord aujourd&rsquo;hui. La France et l&rsquo;Italie se sont oppos\u00e9es \u00e0 cet accord.<\/p>\n<p melodystyle=\"texte\">Pour rappel, <a href=\"https:\/\/www.lecourriercauchois.fr\/actualite-392708-tancarville-mercosur-dernier-rendez-vous-avant-bruxelles\" target=\"_blank\" rel=\"noopener\">ce trait\u00e9 n\u00e9goci\u00e9 depuis plus de 25 ans<\/a>, a pour objectifs de permettre \u00e0 l&rsquo;Union europ\u00e9enne d&rsquo;exporter davantage de v\u00e9hicules et machines agricoles, vins et spiritueux en Argentine, au Br\u00e9sil, au Paraguay et en Uruguay. A l&rsquo;inverse, les entr\u00e9es de viande, sucre, riz, miel et soja sud-am\u00e9ricains seraient facilit\u00e9es par l&rsquo;Europe. \u00ab\u00a0On nous ment depuis 30 ans. On va faire venir des b\u00eates du Br\u00e9sil qui ne sont pas contr\u00f4l\u00e9es et nous, on nous abat nos b\u00eates au lieu de nous aider \u00e0 vacciner. On va droit dans le mur. Il y a un an on est venus manifester ici et rien n&rsquo;a chang\u00e9\u00a0!\u00a0\u00bb, concluaient, d\u00e9pit\u00e9s, les trois \u00e9leveurs de la Vall\u00e9e de la Seine.<\/p>\n","protected":false},"excerpt":{"rendered":"\u00ab\u00a0On travaille parce qu&rsquo;on aime notre m\u00e9tier. Pas pour \u00eatre trait\u00e9s comme des chiens\u00a0!\u00a0\u00bb. Trois \u00e9leveurs de la&hellip;\n","protected":false},"author":2,"featured_media":608299,"comment_status":"","ping_status":"","sticky":false,"template":"","format":"standard","meta":{"footnotes":""},"categories":[9587],"tags":[1111,11,1777,674,1011,27,12,5161,25,9590],"class_list":{"0":"post-608298","1":"post","2":"type-post","3":"status-publish","4":"format-standard","5":"has-post-thumbnail","7":"category-rouen","8":"tag-actu","9":"tag-actualites","10":"tag-eu","11":"tag-europe","12":"tag-fr","13":"tag-france","14":"tag-news","15":"tag-normandie","16":"tag-republique-francaise","17":"tag-rouen"},"share_on_mastodon":{"url":"https:\/\/pubeurope.com\/@fr\/115742929450759949","error":""},"_links":{"self":[{"href":"https:\/\/www.europesays.com\/fr\/wp-json\/wp\/v2\/posts\/608298","targetHints":{"allow":["GET"]}}],"collection":[{"href":"https:\/\/www.europesays.com\/fr\/wp-json\/wp\/v2\/posts"}],"about":[{"href":"https:\/\/www.europesays.com\/fr\/wp-json\/wp\/v2\/types\/post"}],"author":[{"embeddable":true,"href":"https:\/\/www.europesays.com\/fr\/wp-json\/wp\/v2\/users\/2"}],"replies":[{"embeddable":true,"href":"https:\/\/www.europesays.com\/fr\/wp-json\/wp\/v2\/comments?post=608298"}],"version-history":[{"count":0,"href":"https:\/\/www.europesays.com\/fr\/wp-json\/wp\/v2\/posts\/608298\/revisions"}],"wp:featuredmedia":[{"embeddable":true,"href":"https:\/\/www.europesays.com\/fr\/wp-json\/wp\/v2\/media\/608299"}],"wp:attachment":[{"href":"https:\/\/www.europesays.com\/fr\/wp-json\/wp\/v2\/media?parent=608298"}],"wp:term":[{"taxonomy":"category","embeddable":true,"href":"https:\/\/www.europesays.com\/fr\/wp-json\/wp\/v2\/categories?post=608298"},{"taxonomy":"post_tag","embeddable":true,"href":"https:\/\/www.europesays.com\/fr\/wp-json\/wp\/v2\/tags?post=608298"}],"curies":[{"name":"wp","href":"https:\/\/api.w.org\/{rel}","templated":true}]}}