{"id":608300,"date":"2025-12-18T22:28:24","date_gmt":"2025-12-18T22:28:24","guid":{"rendered":"https:\/\/www.europesays.com\/fr\/608300\/"},"modified":"2025-12-18T22:28:24","modified_gmt":"2025-12-18T22:28:24","slug":"un-refroidissement-attendu-la-semaine-de-noel","status":"publish","type":"post","link":"https:\/\/www.europesays.com\/fr\/608300\/","title":{"rendered":"un refroidissement attendu la semaine de No\u00ebl"},"content":{"rendered":"<p>Apr\u00e8s plusieurs semaines <a href=\"https:\/\/www.ledauphine.com\/environnement\/2025\/11\/11\/plus-de-20-c-par-endroits-un-pic-de-douceur-pour-la-mi-novembre-pres-de-chez-vous\" target=\"_blank\" rel=\"nofollow noopener\">globalement tr\u00e8s douces pour la saison<\/a> , l\u2019entame des vacances scolaires de No\u00ebl devrait suivre la m\u00eame tendance. En plaine, les temp\u00e9ratures devraient fr\u00f4ler voire d\u00e9passer les 10 degr\u00e9s jusqu\u2019\u00e0 la journ\u00e9e de mardi, malgr\u00e9 un soleil h\u00e9sitant. Ensuite, \u00ab\u00a0la tendance va vers un refroidissement \u00e0 partir de mercredi et pour le reste de la semaine au minimum, avec un passage sous les normales de saison, ce qui n\u2019\u00e9tait pas arriv\u00e9 depuis un moment\u00a0\u00bb, anticipe Arnaud Guy, pr\u00e9visionniste au centre M\u00e9t\u00e9o France des Alpes du Nord, qui indique que \u00ab\u00a0ce rafra\u00eechissement pourrait s\u2019installer dans le temps\u00a0\u00bb, soit potentiellement en seconde semaine des vacances.<\/p>\n<p>C\u00f4t\u00e9 thermom\u00e8tre, cela se traduira par \u00ab\u00a0un maximum de 6\u00a0\u00b0C \u00e0 Grenoble, et des nuits \u00e0 1\u00a0\u00b0C, ce qui veut dire qu\u2019en montant, il pourra y avoir des gel\u00e9es g\u00e9n\u00e9ralis\u00e9es\u00a0\u00bb, poursuit le pr\u00e9visionniste. Autrement dit, \u00ab\u00a0on va revenir \u00e0 ce qui ressemble un peu plus \u00e0 l\u2019hiver\u00a0\u00bb.<\/p>\n<p>  Deux \u00e9pisodes pluvieux voire neigeux d\u2019ici dimanche<\/p>\n<p>Ce coup de froid devrait arranger les stations de moyenne altitude, qui souffrent de la douceur actuelle (lire en page\u00a02) et qui attendent les basses temp\u00e9ratures pour produire de la neige de culture, \u00e0 d\u00e9faut de chutes naturelles. Deux \u00e9pisodes pluvieux, et potentiellement neigeux, sont toutefois attendus ces prochains jours\u00a0: \u00ab\u00a0Dans la soir\u00e9e de vendredi\u00a019, une perturbation venue de M\u00e9diterran\u00e9e devrait amener 5 \u00e0 10 millim\u00e8tres de pluie, soit 10 centim\u00e8tres de neige au mieux, mais au-dessus de la limite pluie neige \u00e0 1\u00a0800 voire 2\u00a0000 m\u00e8tres\u00a0\u00bb, pr\u00e9voit Arnaud Guy. Rebelote dimanche\u00a021, \u00ab\u00a0avec des petites chutes en journ\u00e9e, du m\u00eame ordre que vendredi soir, qui se transformeront en pluie sous les 1\u00a0800 m\u00e8tres\u00a0\u00bb.<\/p>\n<p>Un motif de r\u00e9jouissance pour les skieurs\u00a0: le risque d\u2019avalanches est faible dans les diff\u00e9rents massifs, \u00ab\u00a0o\u00f9 les \u00e9pisodes de redoux et de pluie ont tass\u00e9 la neige et assaini le manteau neigeux, explique le pr\u00e9visionniste. \u00c7a changera quand il se remettra \u00e0 neiger une vraie couche, mais ce n\u2019est pas encore d\u2019actualit\u00e9\u00a0\u00bb.<\/p>\n<p class=\"note\">Lire aussi le bulletin d\u2019enneigement en page\u00a011.<\/p>\n","protected":false},"excerpt":{"rendered":"Apr\u00e8s plusieurs semaines globalement tr\u00e8s douces pour la saison , l\u2019entame des vacances scolaires de No\u00ebl devrait suivre&hellip;\n","protected":false},"author":2,"featured_media":608301,"comment_status":"","ping_status":"","sticky":false,"template":"","format":"standard","meta":{"footnotes":""},"categories":[9566],"tags":[1111,11,2430,33,112,113,114,436,1777,674,1011,27,2731,2732,108,8423,12,25,9589,602],"class_list":{"0":"post-608300","1":"post","2":"type-post","3":"status-publish","4":"format-standard","5":"has-post-thumbnail","7":"category-grenoble","8":"tag-actu","9":"tag-actualites","10":"tag-auvergne-rhone-alpes","11":"tag-economie","12":"tag-edition-grenoble-agglomeration","13":"tag-edition-gresivaudan-oisans","14":"tag-edition-voiron-saint-marcellin","15":"tag-environnement","16":"tag-eu","17":"tag-europe","18":"tag-fr","19":"tag-france","20":"tag-grenoble","21":"tag-grenoble-bassin","22":"tag-isere","23":"tag-meteorologie-climat","24":"tag-news","25":"tag-republique-francaise","26":"tag-sports-dhiver","27":"tag-tourisme"},"share_on_mastodon":{"url":"https:\/\/pubeurope.com\/@fr\/115742933269433424","error":""},"_links":{"self":[{"href":"https:\/\/www.europesays.com\/fr\/wp-json\/wp\/v2\/posts\/608300","targetHints":{"allow":["GET"]}}],"collection":[{"href":"https:\/\/www.europesays.com\/fr\/wp-json\/wp\/v2\/posts"}],"about":[{"href":"https:\/\/www.europesays.com\/fr\/wp-json\/wp\/v2\/types\/post"}],"author":[{"embeddable":true,"href":"https:\/\/www.europesays.com\/fr\/wp-json\/wp\/v2\/users\/2"}],"replies":[{"embeddable":true,"href":"https:\/\/www.europesays.com\/fr\/wp-json\/wp\/v2\/comments?post=608300"}],"version-history":[{"count":0,"href":"https:\/\/www.europesays.com\/fr\/wp-json\/wp\/v2\/posts\/608300\/revisions"}],"wp:featuredmedia":[{"embeddable":true,"href":"https:\/\/www.europesays.com\/fr\/wp-json\/wp\/v2\/media\/608301"}],"wp:attachment":[{"href":"https:\/\/www.europesays.com\/fr\/wp-json\/wp\/v2\/media?parent=608300"}],"wp:term":[{"taxonomy":"category","embeddable":true,"href":"https:\/\/www.europesays.com\/fr\/wp-json\/wp\/v2\/categories?post=608300"},{"taxonomy":"post_tag","embeddable":true,"href":"https:\/\/www.europesays.com\/fr\/wp-json\/wp\/v2\/tags?post=608300"}],"curies":[{"name":"wp","href":"https:\/\/api.w.org\/{rel}","templated":true}]}}