{"id":608302,"date":"2025-12-18T22:29:19","date_gmt":"2025-12-18T22:29:19","guid":{"rendered":"https:\/\/www.europesays.com\/fr\/608302\/"},"modified":"2025-12-18T22:29:19","modified_gmt":"2025-12-18T22:29:19","slug":"grenoble-perd-des-habitants-et-des-places-au-classement-des-grandes-villes-de-france","status":"publish","type":"post","link":"https:\/\/www.europesays.com\/fr\/608302\/","title":{"rendered":"Grenoble perd des habitants et des places au classement des grandes villes de France"},"content":{"rendered":"<p itemprop=\"description\"><strong>Un exode ? L&rsquo;Insee a d\u00e9voil\u00e9 le classement des grandes villes de France avec le recensement de 2023.<\/strong><\/p>\n<p>Le podium de t\u00eate reste inchang\u00e9, m\u00eame si Paris a perdu plus de 80 000 habitants depuis 2017. La capitale et ses 2,1 millions d&rsquo;\u00e2mes restent largement devant Marseille (886 040 habitants) et Lyon (519 127). Cette derni\u00e8re est de plus en plus challeng\u00e9e par Toulouse, qui revendique 514 819 habitants.<\/p>\n<p>Grenoble d\u00e9gringole de son c\u00f4t\u00e9. Avec 156 140 habitants en 2023, la capitale des Alpes passe de la 16e place \u00e0 la 19e position nationale. Il faut dire qu&rsquo;avec 2314 habitants en moins, Grenoble a une dynamique d\u00e9mographique n\u00e9gative, contrairement \u00e0 Villeurbanne, Dijon et Angers qui la doublent dans ce dernier recensement.<\/p>\n<p>Tout laisse \u00e0 croire que d&rsquo;ici la prochaine annonce de l&rsquo;Insee en 2029, Grenoble aura quitt\u00e9 le top 20, puisque Saint-Denis \u00e0 la R\u00e9union la talonne avec 155 634 habitants, et N\u00eemes arrive aussi dans le r\u00e9troviseur.<\/p>\n<p>Avec 37 695 habitants, Saint-Martin-d&rsquo;H\u00e8res est encore la 2e ville la plus peupl\u00e9e d&rsquo;Is\u00e8re, mais plus pour longtemps. Son taux de croissance annuel moyen est encore plus n\u00e9gatif (-0,3%) que celui de Grenoble. Tandis qu&rsquo;Echirolles et ses 37 491 habitants alli\u00e9s \u00e0 son taux de croissance de 0,3% devraient la doubler d&rsquo;ici le prochain recensement.<\/p>\n","protected":false},"excerpt":{"rendered":"Un exode ? L&rsquo;Insee a d\u00e9voil\u00e9 le classement des grandes villes de France avec le recensement de 2023.&hellip;\n","protected":false},"author":2,"featured_media":608303,"comment_status":"","ping_status":"","sticky":false,"template":"","format":"standard","meta":{"footnotes":""},"categories":[9566],"tags":[1111,11,2813,2430,1109,251,1112,2811,1777,674,118,1011,27,21780,2731,14004,1922,1110,1114,108,12,316,25,2812,517,800],"class_list":{"0":"post-608302","1":"post","2":"type-post","3":"status-publish","4":"format-standard","5":"has-post-thumbnail","7":"category-grenoble","8":"tag-actu","9":"tag-actualites","10":"tag-article","11":"tag-auvergne-rhone-alpes","12":"tag-breves","13":"tag-culture","14":"tag-depeches","15":"tag-economique","16":"tag-eu","17":"tag-europe","18":"tag-faits-divers","19":"tag-fr","20":"tag-france","21":"tag-gf38","22":"tag-grenoble","23":"tag-grenoblemag","24":"tag-info","25":"tag-informations","26":"tag-infos","27":"tag-isere","28":"tag-news","29":"tag-politique","30":"tag-republique-francaise","31":"tag-sociale","32":"tag-sport","33":"tag-transports"},"share_on_mastodon":{"url":"https:\/\/pubeurope.com\/@fr\/115742937298533431","error":""},"_links":{"self":[{"href":"https:\/\/www.europesays.com\/fr\/wp-json\/wp\/v2\/posts\/608302","targetHints":{"allow":["GET"]}}],"collection":[{"href":"https:\/\/www.europesays.com\/fr\/wp-json\/wp\/v2\/posts"}],"about":[{"href":"https:\/\/www.europesays.com\/fr\/wp-json\/wp\/v2\/types\/post"}],"author":[{"embeddable":true,"href":"https:\/\/www.europesays.com\/fr\/wp-json\/wp\/v2\/users\/2"}],"replies":[{"embeddable":true,"href":"https:\/\/www.europesays.com\/fr\/wp-json\/wp\/v2\/comments?post=608302"}],"version-history":[{"count":0,"href":"https:\/\/www.europesays.com\/fr\/wp-json\/wp\/v2\/posts\/608302\/revisions"}],"wp:featuredmedia":[{"embeddable":true,"href":"https:\/\/www.europesays.com\/fr\/wp-json\/wp\/v2\/media\/608303"}],"wp:attachment":[{"href":"https:\/\/www.europesays.com\/fr\/wp-json\/wp\/v2\/media?parent=608302"}],"wp:term":[{"taxonomy":"category","embeddable":true,"href":"https:\/\/www.europesays.com\/fr\/wp-json\/wp\/v2\/categories?post=608302"},{"taxonomy":"post_tag","embeddable":true,"href":"https:\/\/www.europesays.com\/fr\/wp-json\/wp\/v2\/tags?post=608302"}],"curies":[{"name":"wp","href":"https:\/\/api.w.org\/{rel}","templated":true}]}}