{"id":608306,"date":"2025-12-18T22:32:48","date_gmt":"2025-12-18T22:32:48","guid":{"rendered":"https:\/\/www.europesays.com\/fr\/608306\/"},"modified":"2025-12-18T22:32:48","modified_gmt":"2025-12-18T22:32:48","slug":"des-figurants-recherches-pour-tourner-avec-adele-exarchopoulos-et-vincent-lacoste","status":"publish","type":"post","link":"https:\/\/www.europesays.com\/fr\/608306\/","title":{"rendered":"des figurants recherch\u00e9s pour tourner avec Ad\u00e8le Exarchopoulos et Vincent Lacoste"},"content":{"rendered":"<p><img decoding=\"async\" class=\"\" style=\"width:100%;max-width:100%\" src=\"https:\/\/www.europesays.com\/fr\/wp-content\/uploads\/2025\/12\/steadicam_with_camera_for_video_production_are_sho_2025_03_14_20_57_47_utc1766067622069-format16by9..webp\" alt=\"Cam\u00e9ra\"\/><\/p>\n<p>Cr\u00e9dit : Illustration Envato &#8211; DR<\/p>\n<p style=\"text-align: justify;\"><strong>Le nouveau film de Christophe Honor\u00e9, <\/strong>connu pour \u00eatre l\u2019auteur de\u00a0\u201cChansons d\u2019amour\u201d et \u201cChambre 212\u201d, <strong>sera un film d\u2019\u00e9poque.<\/strong> <strong>Les figurants<\/strong> recherch\u00e9s <strong>tourneront \u00e0 Rennes en f\u00e9vrier 2026.<\/strong><\/p>\n<p style=\"text-align: justify;\">\u00a0<\/p>\n<p>Un film d\u2019\u00e9poque se d\u00e9roulant \u00e0 Nantes<\/p>\n<p style=\"text-align: justify;\">Ce nouveau film intitul\u00e9 \u00ab\u00a0<strong>Mariage au go\u00fbt d\u2019orange\u00a0\u00bb<\/strong><strong> est inspir\u00e9 de l\u2019histoire familiale de Christophe Honor\u00e9 et de sa pi\u00e8ce de th\u00e9\u00e2tre intitul\u00e9e \u00ab\u00a0Le ciel de Nantes\u00a0\u00bb. <\/strong>Ce film remonte le temps puisqu\u2019il <strong>se d\u00e9roule en mars 1978, dans un faubourg de Nantes, <\/strong>et il raconte <strong>l\u2019histoire d\u2019une journ\u00e9e de mariage o\u00f9 vont se m\u00ealer histoires familiales et blessures de l\u2019enfance.<\/strong><\/p>\n<p style=\"text-align: justify;\">Pour ce nouveau projet, Christophe Honor\u00e9 s\u2019entoure pour la quatri\u00e8me fois de <strong>Vincent Lacoste, connu pour avoir jou\u00e9 dans \u00ab\u00a0Les beaux gosses\u00a0\u00bb, \u00ab\u00a0<\/strong><strong>Premi\u00e8re ann\u00e9e\u00a0\u00bb <\/strong>et aux c\u00f4t\u00e9s d&rsquo;Ad\u00e8le Exarchopoulos <strong>dans \u00ab\u00a0<\/strong><strong>L&rsquo;amour ouf<\/strong><strong>\u00ab\u00a0<\/strong>. <strong>Ad\u00e8le Exarchopoulos qui figure \u00e9galement au casting<\/strong> de ce nouveau film. L&rsquo;actrice a notamment re\u00e7u la Palme d&rsquo;or pour \u00ab\u00a0La vie d&rsquo;Ad\u00e8le\u00a0\u00bb.<\/p>\n<p style=\"text-align: justify;\">\u00a0<\/p>\n<p>Invit\u00e9s de mariage et passants<\/p>\n<p style=\"text-align: justify;\">Les <strong>figurants recherch\u00e9s<\/strong> sont <strong>des femmes et des hommes \u00e2g\u00e9s de 20 \u00e0 60 ans, <\/strong>de <strong>toutes origines <\/strong>confondues. Petite pr\u00e9cision, <strong>les figurants doivent \u00e9viter d\u2019avoir les cheveux color\u00e9s, des coupes modernes et des piercings visibles<\/strong>, pour respecter l\u2019\u00e9poque du film.<\/p>\n<p style=\"text-align: justify;\">Le <strong>tournage <\/strong>se d\u00e9roulera <strong>\u00e0 Rennes les 9, 10 et 11 f\u00e9vrier.<\/strong> En amont du tournage, <strong>les figurants s\u00e9lectionn\u00e9s devront essayer leur costume.<\/strong> Ainsi, cette s\u00e9ance d\u2019<strong>essayage est pr\u00e9vue entre le 26 janvier et le 6 f\u00e9vrier 2026.<\/strong><\/p>\n<p style=\"text-align: justify;\">\u00a0<\/p>\n<p>Comment candidater\u00a0?<\/p>\n<p style=\"text-align: justify;\"><strong>Si vous souhaitez candidater <\/strong>pour \u00eatre figurant dans le prochain film de Christophe Honor\u00e9, <strong>vous devez envoyer un mail \u00e0 l\u2019adresse suivante : <a href=\"https:\/\/www.alouette.fr\/mailto:mariageorange@gmail.com\" target=\"_blank\" rel=\"noopener\">mariageorange@gmail.com<\/a>.<\/strong><\/p>\n<p style=\"text-align: justify;\">Dans ce mail, vous devez int\u00e9grer<strong> deux photos en couleur<\/strong> (portrait et plein pied), votre<strong> pr\u00e9nom, nom, \u00e2ge, date de naissance, taille, <\/strong>votre<strong> ville de r\u00e9sidence<\/strong> ainsi que vos <strong>coordonn\u00e9es t\u00e9l\u00e9phoniques<\/strong> et<strong> une mention de permis de conduire valide.<\/strong><\/p>\n","protected":false},"excerpt":{"rendered":"Cr\u00e9dit : Illustration Envato &#8211; DR Le nouveau film de Christophe Honor\u00e9, connu pour \u00eatre l\u2019auteur de\u00a0\u201cChansons d\u2019amour\u201d&hellip;\n","protected":false},"author":2,"featured_media":608307,"comment_status":"","ping_status":"","sticky":false,"template":"","format":"standard","meta":{"footnotes":""},"categories":[2821],"tags":[1111,11,34114,829,71954,1777,674,42221,2081,71953,1011,27,1930,71956,766,12,584,25,6265,71955],"class_list":{"0":"post-608306","1":"post","2":"type-post","3":"status-publish","4":"format-standard","5":"has-post-thumbnail","7":"category-rennes","8":"tag-actu","9":"tag-actualites","10":"tag-adele-exarchopoulos","11":"tag-bretagne","12":"tag-christophe-honore","13":"tag-eu","14":"tag-europe","15":"tag-figuration","16":"tag-film","17":"tag-film-depoque","18":"tag-fr","19":"tag-france","20":"tag-mariage","21":"tag-mariage-au-gout-dorange","22":"tag-nantes","23":"tag-news","24":"tag-rennes","25":"tag-republique-francaise","26":"tag-tournage","27":"tag-vincent-lacoste"},"share_on_mastodon":{"url":"https:\/\/pubeurope.com\/@fr\/115742954223380596","error":""},"_links":{"self":[{"href":"https:\/\/www.europesays.com\/fr\/wp-json\/wp\/v2\/posts\/608306","targetHints":{"allow":["GET"]}}],"collection":[{"href":"https:\/\/www.europesays.com\/fr\/wp-json\/wp\/v2\/posts"}],"about":[{"href":"https:\/\/www.europesays.com\/fr\/wp-json\/wp\/v2\/types\/post"}],"author":[{"embeddable":true,"href":"https:\/\/www.europesays.com\/fr\/wp-json\/wp\/v2\/users\/2"}],"replies":[{"embeddable":true,"href":"https:\/\/www.europesays.com\/fr\/wp-json\/wp\/v2\/comments?post=608306"}],"version-history":[{"count":0,"href":"https:\/\/www.europesays.com\/fr\/wp-json\/wp\/v2\/posts\/608306\/revisions"}],"wp:featuredmedia":[{"embeddable":true,"href":"https:\/\/www.europesays.com\/fr\/wp-json\/wp\/v2\/media\/608307"}],"wp:attachment":[{"href":"https:\/\/www.europesays.com\/fr\/wp-json\/wp\/v2\/media?parent=608306"}],"wp:term":[{"taxonomy":"category","embeddable":true,"href":"https:\/\/www.europesays.com\/fr\/wp-json\/wp\/v2\/categories?post=608306"},{"taxonomy":"post_tag","embeddable":true,"href":"https:\/\/www.europesays.com\/fr\/wp-json\/wp\/v2\/tags?post=608306"}],"curies":[{"name":"wp","href":"https:\/\/api.w.org\/{rel}","templated":true}]}}