{"id":608312,"date":"2025-12-18T22:37:12","date_gmt":"2025-12-18T22:37:12","guid":{"rendered":"https:\/\/www.europesays.com\/fr\/608312\/"},"modified":"2025-12-18T22:37:12","modified_gmt":"2025-12-18T22:37:12","slug":"un-policier-de-nice-mis-en-examen-pour-blanchiment-corruption-et-association-de-malfaiteurs-avec-un","status":"publish","type":"post","link":"https:\/\/www.europesays.com\/fr\/608312\/","title":{"rendered":"Un policier de Nice mis en examen pour blanchiment, corruption et association de malfaiteurs avec un"},"content":{"rendered":"<p>Un <a href=\"https:\/\/nice.maville.com\/actu\/actudet_-un-policier-de-l-aeroport-de-nice-incarcere-pour-des-soupcons-de-corruption-par-des-narcotrafiquants-_9580-7108339_actu.Htm\" target=\"_self\" rel=\"noopener\">policier de Nice<\/a> a \u00e9t\u00e9 mis en examen lundi \u00e0 Paris, soup\u00e7onn\u00e9 de blanchiment, de corruption et d\u2019association de malfaiteurs en lien avec un r\u00e9seau des Balkans, a indiqu\u00e9 jeudi \u00e0 l\u2019AFP une source proche du dossier, confirmant une information de  <a href=\"https:\/\/www.nicematin.com\/faits-divers\/blanchiment-corruption-et-association-de-malfaiteurs-un-policier-nicois-suspecte-d-etre-en-lien-avec-un-reseau-criminel-des-balkans-10661373\" target=\"_blank\" rel=\"noopener\">Nice Matin<\/a>. Il a \u00e9t\u00e9 plac\u00e9 sous contr\u00f4le judiciaire.<\/p>\n<p>Une vaste information judiciaire<\/p>\n<p><strong>\u00ab\u00a0Outre l\u2019obligation de pointage, il lui est interdit d\u2019exercer sa profession, de se rendre dans les Alpes-Maritimes et d\u2019entrer en contact avec les autres personnes mises en cause\u00a0\u00bb<\/strong>, explique Nice Matin.<\/p>\n<p>Le parquet de Paris avait indiqu\u00e9 dimanche que ce policier de 47\u00a0ans avait \u00e9t\u00e9 plac\u00e9 en garde \u00e0 vue la semaine pass\u00e9e et qu\u2019il devait \u00eatre pr\u00e9sent\u00e9 lundi \u00e0 un juge d\u2019instruction sp\u00e9cialis\u00e9 dans la criminalit\u00e9 organis\u00e9e (Junalco) en vue d\u2019une possible mise en examen. Le parquet n\u2019a depuis pas communiqu\u00e9 sur ce dossier.<\/p>\n<p>Une information judiciaire plus large est ouverte depuis 2022 notamment des chefs de trafic de produits stup\u00e9fiants, blanchiment, association de malfaiteurs et corruption, selon le parquet.<\/p>\n<p>Il n\u2019est pas poursuivi pour trafic de stup\u00e9fiants<\/p>\n<p>Nice-Matin a indiqu\u00e9 jeudi que <strong>\u00ab\u00a0contrairement \u00e0 certaines informations initialement diffus\u00e9es\u00a0\u00bb,<\/strong> ce fonctionnaire n\u2019a jamais exerc\u00e9 \u00e0 la Police aux fronti\u00e8res (PAF) et n\u2019est de son c\u00f4t\u00e9 pas poursuivi pour trafic de stup\u00e9fiants.<\/p>\n<p><strong>\u00ab\u00a0L\u2019enqu\u00eate, toujours en cours, pr\u00e9voit encore l\u2019audition d\u2019au moins 16\u00a0personnes, notamment au sein de la PAF, des douanes et du secteur de la s\u00e9curit\u00e9 priv\u00e9e\u00a0\u00bb<\/strong>, explique le journal.<\/p>\n<p>\u00a0<\/p>\n","protected":false},"excerpt":{"rendered":"Un policier de Nice a \u00e9t\u00e9 mis en examen lundi \u00e0 Paris, soup\u00e7onn\u00e9 de blanchiment, de corruption et&hellip;\n","protected":false},"author":2,"featured_media":608313,"comment_status":"","ping_status":"","sticky":false,"template":"","format":"standard","meta":{"footnotes":""},"categories":[2819],"tags":[1111,11,4077,13307,3849,1770,1777,674,5061,1011,27,5059,18360,12,2401,10910,882,25,2421,12326],"class_list":{"0":"post-608312","1":"post","2":"type-post","3":"status-publish","4":"format-standard","5":"has-post-thumbnail","7":"category-nice","8":"tag-actu","9":"tag-actualites","10":"tag-association","11":"tag-balkans","12":"tag-blanchiment","13":"tag-corruption","14":"tag-eu","15":"tag-europe","16":"tag-examen","17":"tag-fr","18":"tag-france","19":"tag-malfaiteurs","20":"tag-mis","21":"tag-news","22":"tag-nice","23":"tag-policier","24":"tag-provence-alpes-cote-dazur","25":"tag-republique-francaise","26":"tag-reseau","27":"tag-seyne"},"share_on_mastodon":{"url":"https:\/\/pubeurope.com\/@fr\/115742968656051071","error":""},"_links":{"self":[{"href":"https:\/\/www.europesays.com\/fr\/wp-json\/wp\/v2\/posts\/608312","targetHints":{"allow":["GET"]}}],"collection":[{"href":"https:\/\/www.europesays.com\/fr\/wp-json\/wp\/v2\/posts"}],"about":[{"href":"https:\/\/www.europesays.com\/fr\/wp-json\/wp\/v2\/types\/post"}],"author":[{"embeddable":true,"href":"https:\/\/www.europesays.com\/fr\/wp-json\/wp\/v2\/users\/2"}],"replies":[{"embeddable":true,"href":"https:\/\/www.europesays.com\/fr\/wp-json\/wp\/v2\/comments?post=608312"}],"version-history":[{"count":0,"href":"https:\/\/www.europesays.com\/fr\/wp-json\/wp\/v2\/posts\/608312\/revisions"}],"wp:featuredmedia":[{"embeddable":true,"href":"https:\/\/www.europesays.com\/fr\/wp-json\/wp\/v2\/media\/608313"}],"wp:attachment":[{"href":"https:\/\/www.europesays.com\/fr\/wp-json\/wp\/v2\/media?parent=608312"}],"wp:term":[{"taxonomy":"category","embeddable":true,"href":"https:\/\/www.europesays.com\/fr\/wp-json\/wp\/v2\/categories?post=608312"},{"taxonomy":"post_tag","embeddable":true,"href":"https:\/\/www.europesays.com\/fr\/wp-json\/wp\/v2\/tags?post=608312"}],"curies":[{"name":"wp","href":"https:\/\/api.w.org\/{rel}","templated":true}]}}