{"id":608314,"date":"2025-12-18T22:38:20","date_gmt":"2025-12-18T22:38:20","guid":{"rendered":"https:\/\/www.europesays.com\/fr\/608314\/"},"modified":"2025-12-18T22:38:20","modified_gmt":"2025-12-18T22:38:20","slug":"de-la-prison-ferme-pour-le-supremaciste-blanc-nicois-alexis-issaurat","status":"publish","type":"post","link":"https:\/\/www.europesays.com\/fr\/608314\/","title":{"rendered":"de la prison ferme pour le supr\u00e9maciste blanc ni\u00e7ois, Alexis Issaurat"},"content":{"rendered":"<p class=\"fs-5 \">\u00ab Je veux jouer au foot avec sa t\u00eate. (&#8230;) On va lui faire comme au juge Michel\u2026 celui qui lui tranche la t\u00eate, je lui donne un tiers de mon h\u00e9ritage. \u00bb&#8230; Le n\u00e9onazi ni\u00e7ois, Alexis Issaurat, a \u00e9t\u00e9 condamn\u00e9 \u00e0 15 mois de prison avec mandat de d\u00e9p\u00f4t par le tribunal correctionnel de Paris. Le supr\u00e9maciste blanc a comparu en juin dernier pour \u00ab outrages \u00e0 magistrat, menaces de mort, provocation \u00e0 commettre un crime ou un d\u00e9lit \u00bb. Vis\u00e9 ? L\u2019ancien Procureur de la R\u00e9publique de Nice, Xavier Bonhomme.<\/p>\n<p class=\"fs-5 \">En 2023, alors qu\u2019il \u00e9tait encore en cavale dans les pays de l\u2019est, Alexis Issaurat, au casier judiciaire d\u00e9j\u00e0 bien charg\u00e9, avait lanc\u00e9 un contrat sur la t\u00eate du magistrat sur une vid\u00e9o post\u00e9e sur sa cha\u00eene YouTube et sur laquelle il exhibait son arsenal et expliquait comment se d\u00e9fendre face aux \u00ab \u00e9trangers \u00bb.<\/p>\n<p>        <img src=\"https:\/\/www.europesays.com\/fr\/wp-content\/uploads\/2025\/12\/9d9fc3e_upload-from-url-1-3v32ipcbmon8-data-art-15354237-gij6wpiw.jpg\"   loading=\"lazy\" decoding=\"async\" alt=\"\" class=\"img-fluid position-absolute w-100 object-fit-cover rounded-2\" width=\"600\" height=\"400\"\/><\/p>\n<p>                                                                                Une extradition mouvement\u00e9e<\/p>\n<p class=\"fs-5 \">Arr\u00eat\u00e9 \u00e0 Banja Luka (Bosnie-Herz\u00e9govine), l\u2019ancien skinhead, biberonn\u00e9 au \u00ab Front national \u00bb a \u00e9t\u00e9 extrad\u00e9 en France dans le cadre d\u2019un mandat d\u2019arr\u00eat europ\u00e9en, fin janvier 2024. Un tr\u00e8s co\u00fbteux rapatriement. D\u00e9barqu\u00e9 plusieurs fois par le commandant de bord en raison de son comportement, alors que la France tentait de le ramener dans un avion de ligne, le minist\u00e8re de la Justice s\u2019\u00e9tait r\u00e9solu, apr\u00e8s plusieurs tentatives, \u00e0 affr\u00e9ter un avion priv\u00e9.<\/p>\n<p class=\"fs-5 \">Depuis son extradition, il dormait d\u00e9j\u00e0 en prison.<\/p>\n","protected":false},"excerpt":{"rendered":"\u00ab Je veux jouer au foot avec sa t\u00eate. (&#8230;) On va lui faire comme au juge Michel\u2026&hellip;\n","protected":false},"author":2,"featured_media":608315,"comment_status":"","ping_status":"","sticky":false,"template":"","format":"standard","meta":{"footnotes":""},"categories":[2819],"tags":[1111,11,1777,674,1011,27,12,2401,882,25],"class_list":{"0":"post-608314","1":"post","2":"type-post","3":"status-publish","4":"format-standard","5":"has-post-thumbnail","7":"category-nice","8":"tag-actu","9":"tag-actualites","10":"tag-eu","11":"tag-europe","12":"tag-fr","13":"tag-france","14":"tag-news","15":"tag-nice","16":"tag-provence-alpes-cote-dazur","17":"tag-republique-francaise"},"share_on_mastodon":{"url":"https:\/\/pubeurope.com\/@fr\/115742973738370975","error":""},"_links":{"self":[{"href":"https:\/\/www.europesays.com\/fr\/wp-json\/wp\/v2\/posts\/608314","targetHints":{"allow":["GET"]}}],"collection":[{"href":"https:\/\/www.europesays.com\/fr\/wp-json\/wp\/v2\/posts"}],"about":[{"href":"https:\/\/www.europesays.com\/fr\/wp-json\/wp\/v2\/types\/post"}],"author":[{"embeddable":true,"href":"https:\/\/www.europesays.com\/fr\/wp-json\/wp\/v2\/users\/2"}],"replies":[{"embeddable":true,"href":"https:\/\/www.europesays.com\/fr\/wp-json\/wp\/v2\/comments?post=608314"}],"version-history":[{"count":0,"href":"https:\/\/www.europesays.com\/fr\/wp-json\/wp\/v2\/posts\/608314\/revisions"}],"wp:featuredmedia":[{"embeddable":true,"href":"https:\/\/www.europesays.com\/fr\/wp-json\/wp\/v2\/media\/608315"}],"wp:attachment":[{"href":"https:\/\/www.europesays.com\/fr\/wp-json\/wp\/v2\/media?parent=608314"}],"wp:term":[{"taxonomy":"category","embeddable":true,"href":"https:\/\/www.europesays.com\/fr\/wp-json\/wp\/v2\/categories?post=608314"},{"taxonomy":"post_tag","embeddable":true,"href":"https:\/\/www.europesays.com\/fr\/wp-json\/wp\/v2\/tags?post=608314"}],"curies":[{"name":"wp","href":"https:\/\/api.w.org\/{rel}","templated":true}]}}