{"id":608324,"date":"2025-12-18T22:43:13","date_gmt":"2025-12-18T22:43:13","guid":{"rendered":"https:\/\/www.europesays.com\/fr\/608324\/"},"modified":"2025-12-18T22:43:13","modified_gmt":"2025-12-18T22:43:13","slug":"premieres-assises-de-linnovation-en-occitanie-a-toulouse","status":"publish","type":"post","link":"https:\/\/www.europesays.com\/fr\/608324\/","title":{"rendered":"Premi\u00e8res \u00ab Assises de l\u2019Innovation en Occitanie \u00bb \u00e0 Toulouse"},"content":{"rendered":"<p>La R\u00e9gion Occitanie et l\u2019agence de d\u00e9veloppement \u00e9conomique Ad\u2019Occ organisent, le 27\u00a0janvier prochain, la premi\u00e8re \u00e9dition des Assises de l\u2019Innovation en Occitanie. Au programme, \u00ab\u00a0une demi-journ\u00e9e de visions crois\u00e9es entre entreprises, chercheurs, start-up, acteurs publics autour des grands enjeux d\u2019innovation et de coop\u00e9ration\u00a0\u00bb.<\/p>\n<p>L\u2019anthropologue Fanny Parise interviendra notamment sur la th\u00e9matique \u00ab\u00a0R\u00e9inventer l\u2019innovation au XXIe si\u00e8cle\u00a0\u00bb. <a href=\"https:\/\/www.agence-adocc.com\/-evenements-\/les-assises-de-linnovation-en-occitanie\/\" class=\"spip_out\" rel=\"external noopener\" target=\"_blank\">Plus d\u2019informations<\/a> et <a href=\"https:\/\/forms.office.com\/Pages\/ResponsePage.aspx?id=5hE9daj35UiPieK-rk0yUm8OLClnKjBFtn8TDzSnlnJUNEVONllFTFRaMzZON045MllTWTlWUVdBQy4u\" class=\"spip_out\" rel=\"external noopener\" target=\"_blank\">inscriptions<\/a> en ligne.<\/p>\n<p>Assises de l\u2019Innovation en Occitanie. Le mardi 27\u00a0janvier 2026, de 13h30 \u00e0 20 heures, \u00e0 La Cit\u00e9, 55 avenue Louis Br\u00e9guet, \u00e0 Toulouse.<\/p>\n","protected":false},"excerpt":{"rendered":"La R\u00e9gion Occitanie et l\u2019agence de d\u00e9veloppement \u00e9conomique Ad\u2019Occ organisent, le 27\u00a0janvier prochain, la premi\u00e8re \u00e9dition des Assises&hellip;\n","protected":false},"author":2,"featured_media":373637,"comment_status":"","ping_status":"","sticky":false,"template":"","format":"standard","meta":{"footnotes":""},"categories":[2816],"tags":[1111,11,17934,12917,1777,674,1011,27,5701,12,2680,25,675,2312],"class_list":{"0":"post-608324","1":"post","2":"type-post","3":"status-publish","4":"format-standard","5":"has-post-thumbnail","7":"category-toulouse","8":"tag-actu","9":"tag-actualites","10":"tag-agence-adocc","11":"tag-conseil-regional-occitanie","12":"tag-eu","13":"tag-europe","14":"tag-fr","15":"tag-france","16":"tag-innovation","17":"tag-news","18":"tag-occitanie","19":"tag-republique-francaise","20":"tag-start-up","21":"tag-toulouse"},"share_on_mastodon":{"url":"https:\/\/pubeurope.com\/@fr\/115742992247984272","error":""},"_links":{"self":[{"href":"https:\/\/www.europesays.com\/fr\/wp-json\/wp\/v2\/posts\/608324","targetHints":{"allow":["GET"]}}],"collection":[{"href":"https:\/\/www.europesays.com\/fr\/wp-json\/wp\/v2\/posts"}],"about":[{"href":"https:\/\/www.europesays.com\/fr\/wp-json\/wp\/v2\/types\/post"}],"author":[{"embeddable":true,"href":"https:\/\/www.europesays.com\/fr\/wp-json\/wp\/v2\/users\/2"}],"replies":[{"embeddable":true,"href":"https:\/\/www.europesays.com\/fr\/wp-json\/wp\/v2\/comments?post=608324"}],"version-history":[{"count":0,"href":"https:\/\/www.europesays.com\/fr\/wp-json\/wp\/v2\/posts\/608324\/revisions"}],"wp:featuredmedia":[{"embeddable":true,"href":"https:\/\/www.europesays.com\/fr\/wp-json\/wp\/v2\/media\/373637"}],"wp:attachment":[{"href":"https:\/\/www.europesays.com\/fr\/wp-json\/wp\/v2\/media?parent=608324"}],"wp:term":[{"taxonomy":"category","embeddable":true,"href":"https:\/\/www.europesays.com\/fr\/wp-json\/wp\/v2\/categories?post=608324"},{"taxonomy":"post_tag","embeddable":true,"href":"https:\/\/www.europesays.com\/fr\/wp-json\/wp\/v2\/tags?post=608324"}],"curies":[{"name":"wp","href":"https:\/\/api.w.org\/{rel}","templated":true}]}}