{"id":608325,"date":"2025-12-18T22:44:15","date_gmt":"2025-12-18T22:44:15","guid":{"rendered":"https:\/\/www.europesays.com\/fr\/608325\/"},"modified":"2025-12-18T22:44:15","modified_gmt":"2025-12-18T22:44:15","slug":"le-parquet-de-toulouse-requiert-une-suspension-des-travaux-de-lautoroute-entre-castres-et-toulouse-sur-le-perimetre-non-autorise","status":"publish","type":"post","link":"https:\/\/www.europesays.com\/fr\/608325\/","title":{"rendered":"le parquet de Toulouse requiert une suspension des travaux de l&rsquo;autoroute entre Castres et Toulouse sur le p\u00e9rim\u00e8tre non-autoris\u00e9"},"content":{"rendered":"<p><img decoding=\"async\" class=\"\" style=\"width:100%\" src=\"https:\/\/www.europesays.com\/fr\/wp-content\/uploads\/2025\/12\/A691766051967743.webp.webp\" alt=\"A69\"\/><\/p>\n<p>La construction de l&rsquo;A69 entre Castres et Toulouse<\/p>\n<p>Cr\u00e9dit : La r\u00e9daction 100% Radio<\/p>\n<p>Le parquet de Toulouse a annonc\u00e9, ce jeudi 18 d\u00e9cembre 2025, requ\u00e9rir une suspension des travaux de l&rsquo;A69, dont le chantier entre Castres et Toulouse \u00ab\u00a0s&rsquo;est \u00e9tendu sans autorisation\u00a0\u00bb sur \u00ab\u00a0un total de 46 sites\u00a0\u00bb, pr\u00e9cisant avoir saisi le juge des libert\u00e9s et de la d\u00e9tention (JLD) pour qu&rsquo;il statue sur la question.<\/p>\n<p>\u00ab\u00a0Au regard (&#8230;) de la gravit\u00e9 des atteintes \u00e0 l&rsquo;environnement relev\u00e9es, le parquet de Toulouse a d\u00e9cid\u00e9 de saisir hier (mercredi) le juge des libert\u00e9s et de la d\u00e9tention d&rsquo;un r\u00e9f\u00e9r\u00e9 p\u00e9nal environnemental (&#8230;) afin de mettre fin aux agissements incrimin\u00e9s dans un but de pr\u00e9servation de l&rsquo;environnement\u00a0\u00bb, a indiqu\u00e9 le parquet dans un communiqu\u00e9, annon\u00e7ant une audience publique vendredi \u00e0 10h00 au palais de Justice de Toulouse.<\/p>\n<p>Le parquet de Toulouse a annonc\u00e9 avoir saisi le juge des libert\u00e9s et de la d\u00e9tention d\u2019un r\u00e9f\u00e9r\u00e9 p\u00e9nal environnemental visant les travaux de l\u2019autoroute A69, apr\u00e8s une plainte d\u00e9pos\u00e9e le 10 d\u00e9cembre dernnier par l\u2019association France Nature Environnement (FNE) Occitanie.<\/p>\n<p>Selon l\u2019association, ATOSCA a r\u00e9alis\u00e9 de multiples emprises ill\u00e9gales dans le cadre du chantier.<\/p>\n<p>Une audience se tiendra demain (19 d\u00e9cembre 2025) devant le juge des libert\u00e9s et de la d\u00e9tention au palais de justice de Toulouse, \u00e0 10h.<\/p>\n","protected":false},"excerpt":{"rendered":"La construction de l&rsquo;A69 entre Castres et Toulouse Cr\u00e9dit : La r\u00e9daction 100% Radio Le parquet de Toulouse&hellip;\n","protected":false},"author":2,"featured_media":608326,"comment_status":"","ping_status":"","sticky":false,"template":"","format":"standard","meta":{"footnotes":""},"categories":[2816],"tags":[50194,1111,11,8173,4107,1777,674,1011,27,12,2680,25,927,8412,2312],"class_list":{"0":"post-608325","1":"post","2":"type-post","3":"status-publish","4":"format-standard","5":"has-post-thumbnail","7":"category-toulouse","8":"tag-a69","9":"tag-actu","10":"tag-actualites","11":"tag-castres","12":"tag-chantier","13":"tag-eu","14":"tag-europe","15":"tag-fr","16":"tag-france","17":"tag-news","18":"tag-occitanie","19":"tag-republique-francaise","20":"tag-suspension","21":"tag-tarn","22":"tag-toulouse"},"share_on_mastodon":{"url":"https:\/\/pubeurope.com\/@fr\/115742997490170613","error":""},"_links":{"self":[{"href":"https:\/\/www.europesays.com\/fr\/wp-json\/wp\/v2\/posts\/608325","targetHints":{"allow":["GET"]}}],"collection":[{"href":"https:\/\/www.europesays.com\/fr\/wp-json\/wp\/v2\/posts"}],"about":[{"href":"https:\/\/www.europesays.com\/fr\/wp-json\/wp\/v2\/types\/post"}],"author":[{"embeddable":true,"href":"https:\/\/www.europesays.com\/fr\/wp-json\/wp\/v2\/users\/2"}],"replies":[{"embeddable":true,"href":"https:\/\/www.europesays.com\/fr\/wp-json\/wp\/v2\/comments?post=608325"}],"version-history":[{"count":0,"href":"https:\/\/www.europesays.com\/fr\/wp-json\/wp\/v2\/posts\/608325\/revisions"}],"wp:featuredmedia":[{"embeddable":true,"href":"https:\/\/www.europesays.com\/fr\/wp-json\/wp\/v2\/media\/608326"}],"wp:attachment":[{"href":"https:\/\/www.europesays.com\/fr\/wp-json\/wp\/v2\/media?parent=608325"}],"wp:term":[{"taxonomy":"category","embeddable":true,"href":"https:\/\/www.europesays.com\/fr\/wp-json\/wp\/v2\/categories?post=608325"},{"taxonomy":"post_tag","embeddable":true,"href":"https:\/\/www.europesays.com\/fr\/wp-json\/wp\/v2\/tags?post=608325"}],"curies":[{"name":"wp","href":"https:\/\/api.w.org\/{rel}","templated":true}]}}