{"id":608327,"date":"2025-12-18T22:45:31","date_gmt":"2025-12-18T22:45:31","guid":{"rendered":"https:\/\/www.europesays.com\/fr\/608327\/"},"modified":"2025-12-18T22:45:31","modified_gmt":"2025-12-18T22:45:31","slug":"lhistoire-en-vr-decors-immersifs-expo-inedite-nos-idees-de-sorties-pour-ce-week-end-a-lille","status":"publish","type":"post","link":"https:\/\/www.europesays.com\/fr\/608327\/","title":{"rendered":"L\u2019Histoire en VR, d\u00e9cors immersifs, expo in\u00e9dite\u2026 Nos id\u00e9es de sorties pour ce week-end \u00e0 Lille"},"content":{"rendered":"<p>                    Par<br \/>\n        <strong><br \/>\n            <a href=\"https:\/\/actu.fr\/auteur\/amandine-vachez\" title=\"Consulter tous les articles de Amandine Vachez\" target=\"_blank\" rel=\"noopener\">Amandine Vachez<\/a><br \/>\n                    <\/strong><\/p>\n<p>        Publi\u00e9 le<\/p>\n<p>            18 d\u00e9c. 2025 \u00e0 16h56        <\/p>\n<p>Vous ne savez pas quoi faire ce <b>week-end\u2009<\/b>? La r\u00e9daction vous donne quelques <b>id\u00e9es de sorties<\/b>. D\u2019autant que des animations hyper sympas vous attendent, du c\u00f4t\u00e9 de <a href=\"https:\/\/actu.fr\/lille\/\" target=\"_blank\" rel=\"noopener\">Lille<\/a> (Nord)\u2009! Que vous soyez friand de l\u2019esprit de <a href=\"https:\/\/actu.fr\/tag\/noel\" target=\"_blank\" rel=\"noopener\">No\u00ebl<\/a> ou non, vous trouverez de quoi faire. Nos suggestions, pour les <b>samedi\u00a020 et dimanche 21\u00a0d\u00e9cembre 2025.<\/b><\/p>\n<p>Ce qu\u2019on a rep\u00e9r\u00e9 pour ce week-end d\u2019ouverture des vacances scolaires<\/p>\n<ul class=\" wall-content\">\n<li><b>March\u00e9 de cr\u00e9ateurs streetwear et grande vente de vaisselle \u00e0 Lille<\/b><\/li>\n<\/ul>\n<p class=\" wall-content\">\u00c0 quelques jours de No\u00ebl, alors que la course aux cadeaux touche bient\u00f4t \u00e0 sa fin, un \u00e9v\u00e9nement in\u00e9dit d\u00e9barque \u00e0 Lille ce week-end\u2009: le collectif Dimension investit Garage Les Lillois, boulevard Carnot, pour organiser le plus grand pop-up streetwear jamais propos\u00e9 dans le Nord. Une premi\u00e8re qui promet de s\u00e9duire les amateurs de mode urbaine et les retardataires en qu\u00eate d\u2019id\u00e9es originales. <a href=\"https:\/\/actu.fr\/hauts-de-france\/lille_59350\/a-lille-un-immense-marche-de-createurs-sinstalle-pour-sauver-les-cadeaux-de-noel_63588311.html\" target=\"_blank\" rel=\"noopener\">Plus d\u2019infos<\/a>.<\/p>\n<p class=\" wall-content\">Autre bon plan de cette fin de semaine, pour \u00e9gayer votre table pour les f\u00eates de fin d\u2019ann\u00e9e\u2009: jusqu\u2019\u00e0 dimanche, une vente de d\u00e9stockage est propos\u00e9e \u00e0\u00a0Lille. Elle permet de s\u2019offrir \u00e0 prix doux de la\u00a0vaisselle artisanale fabriqu\u00e9e au Portugal, pays reconnu pour son savoir-faire et la durabilit\u00e9 de ses produits. <a href=\"https:\/\/actu.fr\/hauts-de-france\/lille_59350\/bon-plan-a-lille-un-gros-destockage-de-vaisselle-artisanale-fabriquee-au-portugal-a-petits-prix_63579211.html\" target=\"_blank\" rel=\"noopener\">Plus d\u2019infos<\/a>.<\/p>\n<ul class=\" wall-content\">\n<li><b>Les march\u00e9s de No\u00ebl du week-end<\/b><\/li>\n<\/ul>\n<p class=\" wall-content\">Ce week-end, vous pourrez encore fl\u00e2ner dans les march\u00e9s de No\u00ebl. \u00c0 Lille, <a href=\"https:\/\/actu.fr\/hauts-de-france\/lille_59350\/le-marche-de-noel-de-lille-2025-ouvre-ce-mercredi-voici-ce-que-vous-trouverez-dans-les-90-chalets_63455582.html\" target=\"_blank\" rel=\"noopener\">les 90 chalets sont toujours ouverts place Rihour<\/a>. Le <a href=\"https:\/\/actu.fr\/hauts-de-france\/roubaix_59512\/un-des-plus-beaux-marches-de-noel-de-la-metropole-de-lille-debute-ce-vendredi_63489353.html\" target=\"_blank\" rel=\"noopener\">march\u00e9 de No\u00ebl durable de Roubaix<\/a> accueillera aussi le public, avec ses animations. D\u2019autres \u00e9v\u00e9nements vous attendent dans la m\u00e9tropole lilloise et au-del\u00e0. On vous liste les march\u00e9s et animations phares du week-end sur le Nord et le Pas-de-Calais, dans un article cibl\u00e9.<\/p>\n<ul class=\" wall-content\">\n<li><b>Revivez des moments historiques gr\u00e2ce \u00e0 la r\u00e9alit\u00e9 virtuelle<\/b><\/li>\n<\/ul>\n<p class=\" wall-content\">Deux exp\u00e9riences exceptionnelles de r\u00e9alit\u00e9 virtuelle vous attendent \u00e0 Lille, en ce moment. D\u2019abord, <a href=\"https:\/\/actu.fr\/hauts-de-france\/lille_59350\/lille-que-vaut-lexperience-en-realite-virtuelle-titanic-le-reve-englouti-on-a-teste-en-avant-premiere_63287849.html\" target=\"_blank\" rel=\"noopener\">la travers\u00e9e du Titanic d\u2019Eclipso, dans \u00ab\u2009Le r\u00eave englouti\u2009\u00bb<\/a>. Vous y d\u00e9couvrez l\u2019Insubmersible depuis le pont d\u2019embarquement, puis \u00e0 l\u2019int\u00e9rieur, et revivez la travers\u00e9e et la nuit tragique qui l\u2019a vu sombrer dans l\u2019Atlantique. Autre salle et autre ambiance au <a href=\"https:\/\/actu.fr\/hauts-de-france\/lille_59350\/simulateur-de-grand-8-mario-kart-grandeur-nature-follow-park-un-mini-disneyland-ouvre-a-lille_61622193.html\" target=\"_blank\" rel=\"noopener\">Follow Park<\/a>, avec \u00ab<a href=\"https:\/\/www.napoleonvr.com\/city\/lille\" target=\"_blank\" rel=\"noopener\">\u2009L\u2019\u00e9pop\u00e9e immersive\u2009\u00bb de Napol\u00e9on, par Sandora<\/a>. L\u2019empereur lui-m\u00eame vous parle de son \u0153uvre et vous emm\u00e8ne tant\u00f4t sur les champs de bataille et dans l\u2019intimit\u00e9 de ses exploits.<\/p>\n<p>Votre r\u00e9gion, votre actu !<\/p>\n<p>Recevez chaque jour les infos qui comptent pour vous.<\/p>\n<p>\t<a href=\"https:\/\/actu.fr\/newsletter\" class=\"ac-btn ac-btn--corner ac-btn--medium ac-btn--blue800\" target=\"_blank\" rel=\"noopener\">S&rsquo;incrire<\/a><\/p>\n<ul class=\" wall-content\">\n<li><b>Une expo LEGO\u00ae mondialement connue \u00e0 Euratech<\/b><\/li>\n<\/ul>\n<p class=\" wall-content\">La folie LEGO\u00ae s\u2019invite dans les foyers, avec un vrai regain depuis quelques ann\u00e9es, des petits et grands amateurs de briques color\u00e9es. La marque s\u2019invite dans le monde de l\u2019art, avec des \u00e9v\u00e9nements. Un en particulier est remarquable\u2009: l\u2019exposition mondialement connue \u00ab\u2009The Art of the Brick\u2009\u00bb avec d\u2019impressionnantes r\u00e9alisations. Elle a pos\u00e9 ses valises \u00e0 Euratechnologies. On vous en dit plus <a href=\"https:\/\/actu.fr\/hauts-de-france\/lille_59350\/decouvrez-en-images-leblouissante-expo-lego-the-art-of-the-brick-tout-juste-arrivee-a-lille_63558290.html\" target=\"_blank\" rel=\"noopener\">dans un article consacr\u00e9 au sujet<\/a>.<\/p>\n<ul class=\" wall-content\">\n<li><b>Les expositions phares du moment<\/b><\/li>\n<\/ul>\n<p class=\" wall-content\">Le temps du week-end est l\u2019occasion bien souvent de se pencher sur les expositions \u00e0 voir en ce moment. Dans la m\u00e9tropole, vous pouvez opter pour <a href=\"https:\/\/actu.fr\/hauts-de-france\/lille_59350\/lille-le-palais-des-beaux-arts-devoile-les-petits-secrets-des-geants-dans-une-expo_63270143.html\" target=\"_blank\" rel=\"noopener\">celle consacr\u00e9e aux g\u00e9ants du territoire<\/a>, au Palais des Beaux-arts de Lille, celle consacr\u00e9e \u00e0 <a href=\"https:\/\/actu.fr\/hauts-de-france\/roubaix_59512\/roubaix-une-expo-remarquable-pour-celebrer-les-100-ans-de-lart-deco-au-musee-de-la-piscine_63364885.html\" target=\"_blank\" rel=\"noopener\">Odette Pauvert, figure de l\u2019Art d\u00e9co \u00e0 La Piscine<\/a>, ou encore \u00e0 <a href=\"https:\/\/actu.fr\/hauts-de-france\/roubaix_59512\/roubaix-la-styliste-du-graffiti-expose-a-la-piscine-ou-quand-le-vetement-dialogue-avec-lart-de-rue_63364384.html\" target=\"_blank\" rel=\"noopener\">la \u00ab\u2009styliste du graffiti\u2009\u00bb agn\u00e8s b.<\/a> dans le mus\u00e9e roubaisien \u00e9galement.<\/p>\n<p class=\" wall-content\">Le MUba de Tourcoing vous propose d\u2019<a href=\"https:\/\/www.muba-tourcoing.fr\/EXPOSITIONS\/En-cours\/Eugene-Leroy.-Peintures-dessins-1980-2000\" target=\"_blank\" rel=\"noopener\">explorer les peintures et dessins d\u2019Eug\u00e8ne Leroy (1980-2000)<\/a>, alors que l\u2019Institut du monde arabe propose <a href=\"https:\/\/www.ima-tourcoing.fr\/institut-monde-arabe-tourcoing\/bagdad-redecouvrir-madinat-al-salam-avec-assassins-creed-mirage\/\" target=\"_blank\" rel=\"noopener\">une immersion dans le Bagdad d\u2019une autre \u00e9poque<\/a>. Une exp\u00e9rience con\u00e7ue avec le sp\u00e9cialiste des jeux vid\u00e9o Ubisoft. Autre ambiance au Fresnoy, avec <a href=\"https:\/\/actu.fr\/hauts-de-france\/tourcoing_59599\/a-tourcoing-des-installations-hypnotiques-et-impressionnantes-dans-la-nouvelle-expo-panorama-27_63454191.html\" target=\"_blank\" rel=\"noopener\">l\u2019exposition \u00ab\u2009Panorama 27\u2009\u00bb<\/a>, ayant pour th\u00e8me la simultan\u00e9it\u00e9.<\/p>\n<p class=\" wall-content\">Au Ch\u00e2teau de Flers, une <a href=\"https:\/\/www.lillemetropole.fr\/evenements\/exposition-banquet-au-chateau-de-flers\" target=\"_blank\" rel=\"noopener\">exposition sur le banquet est visible<\/a>, pour une (re) d\u00e9couverte des traditions entre pass\u00e9 et pr\u00e9sent. Si vous \u00eates avec des enfants, optez pour le Forum d\u00e9partemental des sciences \u00e0 Villeneuve-d\u2019Ascq, pour une exp\u00e9rience de visite adapt\u00e9e \u00e0 tous les \u00e2ges. D\u2019ailleurs, <a href=\"https:\/\/actu.fr\/hauts-de-france\/villeneuve-d-ascq_59009\/villeneuve-dascq-limpressionnant-planetarium-du-forum-des-sciences-rouvre-ses-portes-ce-samedi_63315604.html\" target=\"_blank\" rel=\"noopener\">son plan\u00e9tarium est tout juste refait<\/a>\u2009!<\/p>\n<ul class=\" wall-content\">\n<li><b>Des parcours immersifs \u00e0 Lillenium<\/b><\/li>\n<\/ul>\n<p class=\" wall-content\">Oubliez les escape games classiques. \u00c0 Lille, le centre commercial Lillenium accueille en ce moment un projet in\u00e9dit en France\u2009: Inside Game \u2013 Les Mondes Fantastiques, sign\u00e9 par Secret Studio, d\u00e9j\u00e0 connu pour le D\u00e9fi des Sorciers et Jurassic Safari. D\u2019une superficie de 1\u2009200 m\u00b2, le lieu situ\u00e9 au 2e \u00e9tage du centre propose une plong\u00e9e au c\u0153ur de quatre univers immersifs o\u00f9 le visiteur devient\u2026 le h\u00e9ros. Entre escape game, th\u00e9\u00e2tre vivant et parc d\u2019attractions indoor, ce nouveau concept entend bousculer les codes du divertissement. <a href=\"https:\/\/actu.fr\/hauts-de-france\/lille_59350\/lille-quatre-parcours-immersifs-et-decors-de-cinema-sur-1200-m%C2%B2-devenez-le-heros-dune-aventure-fantastique_63492821.html\" target=\"_blank\" rel=\"noopener\">Plus d\u2019infos<\/a>.<\/p>\n<p class=\" wall-content\">Que vous soyez seul, \u00e0 deux, en famille ou entre amis, vous avez de quoi faire pour un moment 100\u2009% humour \u00e0 Lille ce week-end. La Com\u00e9die de Lille affiche une programmation tr\u00e8s charg\u00e9e, autour de la th\u00e9matique de No\u00ebl ou non. Elle est <a href=\"https:\/\/www.comediedelille.fr\/\" target=\"_blank\" rel=\"noopener\">disponible en ligne<\/a>. Le Comedy Club du Spotlight revient sur son traditionnel cr\u00e9neau de 17\u2009h, avant deux\u2009: Fran\u00e7ois Martinez et Sofia Belabbes. Les infos pratiques sont disponibles <a href=\"https:\/\/www.lespotlight.fr\/\" target=\"_blank\" rel=\"noopener\">sur le site de la salle<\/a>. Si vous \u00eates en qu\u00eate de d\u00e9couverte totale, allez faire un tour au LOKO, nouveau comedy club du quartier de Wazemmes, inspir\u00e9 de NYC. On vous pr\u00e9sente le lieu <a href=\"https:\/\/actu.fr\/hauts-de-france\/lille_59350\/lille-le-loko-le-nouveau-comedy-club-new-yorkais-qui-va-vous-faire-hurler-de-rire_63574652.html\" target=\"_blank\" rel=\"noopener\">dans un article consacr\u00e9 au sujet<\/a>.<\/p>\n<ul class=\" wall-content\">\n<li><b>Un nouveau bar latino \u00e0 Lille<\/b><\/li>\n<\/ul>\n<p class=\" wall-content\">Pour une sortie festive, notez qu\u2019une nouvelle adresse est ouverte depuis quelques semaines, rue Royale. Le\u00a0<a href=\"https:\/\/actu.fr\/hauts-de-france\/lille_59350\/lille-un-nouveau-bar-latino-ouvre-rue-royale-le-havana-cafe-remplace-le-little-delirium_63553001.html\" target=\"_blank\" rel=\"noopener\">Havana Caf\u00e9. Install\u00e9 \u00e0 la place de l\u2019ancien Little Delirium Caf\u00e9<\/a>, a de quoi r\u00e9chauffer l\u2019hiver\u2009! L\u2019\u00e9tablissement revisit\u00e9 propose d\u00e9sormais une ambiance latino, avec des\u00a0cocktails\u00a0au rhum (mais pas que\u2009!), des\u00a0bi\u00e8res pression\u00a0et des soir\u00e9es\u00a0caliente\u00a0avec\u00a0DJ sets\u00a0chaque week-end\u2009!<\/p>\n<ul class=\" wall-content\">\n<li><b>Nouveau\u2009: Escapad, concept in\u00e9dit de sport urbain \u00e0 Euralille<\/b><\/li>\n<\/ul>\n<p class=\" wall-content\">Un tout nouveau lieu de vie a ouvert ses portes au c\u0153ur du centre commercial Westfield Euralille. Son nom\u2009: Escapad, un concept in\u00e9dit qui m\u00eale\u00a0padel, escalade et convivialit\u00e9. Avant ou apr\u00e8s une s\u00e9ance de sport, ou m\u00eame en parall\u00e8le, il est possible de se rendre au bar-restaurant pour partager un moment entre amis. On vous pr\u00e9sente les lieux <a href=\"https:\/\/actu.fr\/hauts-de-france\/lille_59350\/cest-quoi-escapad-ce-concept-inedit-de-sport-urbain-qui-ouvre-au-centre-westfield-euralille_63393265.html\" target=\"_blank\" rel=\"noopener\">dans un article cibl\u00e9<\/a>.<\/p>\n<ul class=\" wall-content\">\n<li><b>Quiz de No\u00ebl dans une ambiance \u00ab\u2009fun et d\u00e9cal\u00e9e\u2009\u00bb<\/b><\/li>\n<\/ul>\n<p class=\" wall-content\">De nombreuses enseignes proposent des quiz \u00e0 Lille, pour se plonger dans l\u2019ambiance des plateaux TV, tout en testant ses connaissances face \u00e0 d\u2019autres joueurs. Quiz Room, situ\u00e9 en plein centre-ville, propose en plus de ses questionnaires permanents, une session enti\u00e8rement de saison, avec un \u00ab\u2009Christmas quiz\u2009\u00bb. De quoi permettre aux aficionados de cette p\u00e9riode de briller\u2009! Plus d\u2019infos <a href=\"https:\/\/actu.fr\/hauts-de-france\/lille_59350\/a-lille-un-quiz-special-noel-en-decembre-pour-tester-vos-connaissances-de-facon-fun-et-decalee_63542322.html\" target=\"_blank\" rel=\"noopener\">par ici<\/a>.<\/p>\n<ul class=\" wall-content\">\n<li><b>Les patinoires \u00e0 tester dans la m\u00e9tropole lilloise<\/b><\/li>\n<\/ul>\n<p class=\" wall-content\">Plusieurs patinoires plongent pleinement dans l\u2019ambiance de No\u00ebl, pour les f\u00eates. Celle, p\u00e9renne, de Wasquehal, <a href=\"https:\/\/www.patinoire-lillemetropole.fr\/non-classe\/viens-passer-noel-a-la-patinoire-2\/\" target=\"_blank\" rel=\"noopener\">s\u2019anime aux couleurs des f\u00eates de fin d\u2019ann\u00e9e<\/a>, pour un moment festif et convivial. Deux autres, \u00e9ph\u00e9m\u00e8res, sont install\u00e9es <a href=\"https:\/\/actu.fr\/hauts-de-france\/marcq-en-baroeul_59378\/une-des-plus-belles-patinoires-de-noel-de-la-metropole-de-lille-ouvre-ses-portes-ce-samedi_63516630.html\" target=\"_blank\" rel=\"noopener\">\u00e0 Marcq-en-Bar\u0153ul<\/a> et <a href=\"https:\/\/www.ville-roubaix.fr\/agenda\/patinoire-de-noel-2025\" target=\"_blank\" rel=\"noopener\">\u00e0 Roubaix, sur la Grand-place<\/a>. \u00c0 vos patins\u2009!<\/p>\n<p class=\" wall-content\">Voil\u00e0 de quoi vous occuper\u2009! Retrouvez aussi <a href=\"https:\/\/actu.fr\/hauts-de-france\/lille_59350\/expos-marches-titanic-en-vr-20-idees-de-sorties-pour-les-vacances-de-noel-a-lille-et-autour_63580531.html\" target=\"_blank\" rel=\"noopener\">nos id\u00e9es de sorties pour ces vacances dans un article d\u00e9di\u00e9<\/a>.<\/p>\n<p class=\" wall-content\">Personnalisez votre actualit\u00e9 en ajoutant vos villes et m\u00e9dias en favori avec <a href=\"https:\/\/moncompte.actu.fr\" title=\"D\u00e9couvez Mon Actu\" rel=\"nofollow noopener\" data-trk=\"{&quot;cta&quot;:{&quot;action&quot;:&quot;https:\\\/\\\/moncompte.actu.fr&quot;,&quot;category&quot;:&quot;mon compte&quot;,&quot;from&quot;:&quot;article footer&quot;,&quot;name&quot;:&quot;Mon actu&quot;,&quot;type&quot;:&quot;cta&quot;}}\" target=\"_blank\">Mon Actu<\/a>.<\/p>\n","protected":false},"excerpt":{"rendered":"Par Amandine Vachez Publi\u00e9 le 18 d\u00e9c. 2025 \u00e0 16h56 Vous ne savez pas quoi faire ce week-end\u2009?&hellip;\n","protected":false},"author":2,"featured_media":608328,"comment_status":"","ping_status":"","sticky":false,"template":"","format":"standard","meta":{"footnotes":""},"categories":[2815],"tags":[1111,11,6557,1777,674,652,1011,27,811,1307,1652,12,25],"class_list":{"0":"post-608327","1":"post","2":"type-post","3":"status-publish","4":"format-standard","5":"has-post-thumbnail","7":"category-lille","8":"tag-actu","9":"tag-actualites","10":"tag-bon-plan-a-lille","11":"tag-eu","12":"tag-europe","13":"tag-famille","14":"tag-fr","15":"tag-france","16":"tag-hauts-de-france","17":"tag-lille","18":"tag-loisirs-culture","19":"tag-news","20":"tag-republique-francaise"},"share_on_mastodon":{"url":"https:\/\/pubeurope.com\/@fr\/115743000370690299","error":""},"_links":{"self":[{"href":"https:\/\/www.europesays.com\/fr\/wp-json\/wp\/v2\/posts\/608327","targetHints":{"allow":["GET"]}}],"collection":[{"href":"https:\/\/www.europesays.com\/fr\/wp-json\/wp\/v2\/posts"}],"about":[{"href":"https:\/\/www.europesays.com\/fr\/wp-json\/wp\/v2\/types\/post"}],"author":[{"embeddable":true,"href":"https:\/\/www.europesays.com\/fr\/wp-json\/wp\/v2\/users\/2"}],"replies":[{"embeddable":true,"href":"https:\/\/www.europesays.com\/fr\/wp-json\/wp\/v2\/comments?post=608327"}],"version-history":[{"count":0,"href":"https:\/\/www.europesays.com\/fr\/wp-json\/wp\/v2\/posts\/608327\/revisions"}],"wp:featuredmedia":[{"embeddable":true,"href":"https:\/\/www.europesays.com\/fr\/wp-json\/wp\/v2\/media\/608328"}],"wp:attachment":[{"href":"https:\/\/www.europesays.com\/fr\/wp-json\/wp\/v2\/media?parent=608327"}],"wp:term":[{"taxonomy":"category","embeddable":true,"href":"https:\/\/www.europesays.com\/fr\/wp-json\/wp\/v2\/categories?post=608327"},{"taxonomy":"post_tag","embeddable":true,"href":"https:\/\/www.europesays.com\/fr\/wp-json\/wp\/v2\/tags?post=608327"}],"curies":[{"name":"wp","href":"https:\/\/api.w.org\/{rel}","templated":true}]}}