{"id":60833,"date":"2025-04-29T03:35:09","date_gmt":"2025-04-29T03:35:09","guid":{"rendered":"https:\/\/www.europesays.com\/fr\/60833\/"},"modified":"2025-04-29T03:35:09","modified_gmt":"2025-04-29T03:35:09","slug":"hanouna-fait-monter-la-sauce-sur-son-eventuelle-candidature-a-la-presidentielle-de-2027","status":"publish","type":"post","link":"https:\/\/www.europesays.com\/fr\/60833\/","title":{"rendered":"Hanouna fait monter la sauce sur son \u00e9ventuelle candidature \u00e0 la pr\u00e9sidentielle de 2027"},"content":{"rendered":"<p>Cyril Hanouna entretient le suspense. Sur <a class=\"link \" href=\"https:\/\/www.europe1.fr\/emissions\/on-marche-sur-la-tete\/cyril-hanouna-demain-mardi-29-avril-on-fera-toute-lemission-la-dessus-cyril-hanouna-reagit-a-la-une-de-valeurs-actuelles-709096\" rel=\"nofollow noopener\" target=\"_blank\" data-ylk=\"slk:Europe 1;elm:context_link;itc:0;sec:content-canvas\">Europe 1<\/a>, l&rsquo;animateur Cyril Hanouna a fait savoir qu&rsquo;il dirait \u00ab\u00a0la v\u00e9rit\u00e9\u00a0\u00bb, mardi ou mercredi, concernant sa <a class=\"link \" href=\"https:\/\/www.lepoint.fr\/politique\/pourquoi-hanouna-fait-courir-le-bruit-de-sa-candidature-a-la-presidentielle-06-02-2025-2581711_20.php\" rel=\"nofollow noopener\" target=\"_blank\" data-ylk=\"slk:candidature ou non \u00e0 la pr\u00e9sidentielle de 2027;elm:context_link;itc:0;sec:content-canvas\">candidature ou non \u00e0 la pr\u00e9sidentielle de 2027<\/a>. Ce lundi 28\u00a0avril, l&rsquo;hebdomadaire d&rsquo;extr\u00eame droite Valeurs actuelles a d\u00e9voil\u00e9 la Une de son num\u00e9ro qui para\u00eetra mercredi\u00a0le pr\u00e9sentant comme candidat \u00e0 l&rsquo;\u00e9lection.<\/p>\n<p>Sur celle-ci, on peut lire\u00a0: \u00ab\u00a02027, le candidat\u00a0Hanouna\u00a0!\u00a0\u00bb\u00a0Le magazine promet des \u00ab\u00a0r\u00e9v\u00e9lations\u00a0\u00bb sur le programme de l&rsquo;agitateur du PAF.\u00a0Il n&rsquo;en a pas fallu plus pour que Cyril Hanouna saute sur l&rsquo;occasion pour r\u00e9agir dans son \u00e9mission de radio quotidienne, affirmant que la couverture du magazine \u00ab\u00a0est en train de tourner\u00a0\u00bb et qu&rsquo;elle \u00ab\u00a0met le feu partout\u00a0\u00bb.<\/p>\n<p>\u00ab\u00a0J&rsquo;ai un m\u00e9tier, on ne peut pas tout faire non plus\u00a0\u00bb<\/p>\n<p>Entour\u00e9 de son \u00e9quipe hilare, il s&rsquo;est f\u00e9licit\u00e9 \u00ab\u00a0d&rsquo;\u00eatre\u00a0cr\u00e9dit\u00e9 de 10\u00a0% des voix dans un sondage pour Valeurs actuelles\u00a0\u00bb. Il a pr\u00e9cis\u00e9 qu&rsquo;il n&rsquo;avait pas donn\u00e9 d&rsquo;interview au m\u00e9dia et qu&rsquo;il n&rsquo;y annon\u00e7ait pas sa candidature.<\/p>\n<p>\u00c0 LIRE AUSSI <strong class=\"strong\"><a href=\"https:\/\/www.lepoint.fr\/politique\/presidentielle-2027-l-absurde-bal-des-postures-des-candidats-25-03-2025-2585644_20.php\" rel=\"nofollow noopener\" target=\"_blank\" data-ylk=\"slk:L&#039;absurde bal des postures des candidats pour 2027;elm:context_link;itc:0;sec:content-canvas\" class=\"link \">L&rsquo;absurde bal des postures des candidats pour 2027<\/a><\/strong><\/p>\n<p>Mais pr\u00e9f\u00e9rant maintenir le suspense et faire monter la courbe d&rsquo;audience, il a ajout\u00e9 qu&rsquo;il dirait \u00ab\u00a0la v\u00e9rit\u00e9\u00a0\u00bb, mardi ou mercredi, au cours d&rsquo;une \u00e9mission sp\u00e9ciale sur le sujet. Des journalistes et r\u00e9dacteurs de Valeurs actuelles seront invit\u00e9s.<\/p>\n<p>L&rsquo;ex-animateur de C8, recordman du nombre <a class=\"link \" href=\"https:\/\/www.lepoint.fr\/economie\/hanouna-s-en-prend-a-hidalgo-c8-ecope-d-une-amende-de-300-000-euros-31-05-2023-2522527_28.php\" rel=\"nofollow noopener\" target=\"_blank\" data-ylk=\"slk:d&#039;amendes distribu\u00e9es par l&#039;Arcom;elm:context_link;itc:0;sec:content-canvas\">d&rsquo;amendes distribu\u00e9es par l&rsquo;Arcom<\/a>, a toutefois nuanc\u00e9\u00a0: \u00ab\u00a0J&rsquo;ai un m\u00e9tier, on ne peut pas tout faire non plus.\u00a0\u00bb<\/p>\n","protected":false},"excerpt":{"rendered":"Cyril Hanouna entretient le suspense. Sur Europe 1, l&rsquo;animateur Cyril Hanouna a fait savoir qu&rsquo;il dirait \u00ab\u00a0la v\u00e9rit\u00e9\u00a0\u00bb,&hellip;\n","protected":false},"author":2,"featured_media":60834,"comment_status":"","ping_status":"","sticky":false,"template":"","format":"standard","meta":{"footnotes":""},"categories":[1356],"tags":[15822,1083,58,15824,59,1011,27,15823,252,1364,15825],"class_list":{"0":"post-60833","1":"post","2":"type-post","3":"status-publish","4":"format-standard","5":"has-post-thumbnail","7":"category-television","8":"tag-candidat-a-lelection","9":"tag-cyril-hanouna","10":"tag-divertissement","11":"tag-emission-de-radio","12":"tag-entertainment","13":"tag-fr","14":"tag-france","15":"tag-la-verite","16":"tag-television","17":"tag-tv","18":"tag-valeurs-actuelles"},"share_on_mastodon":{"url":"https:\/\/pubeurope.com\/@fr\/114419159774977415","error":""},"_links":{"self":[{"href":"https:\/\/www.europesays.com\/fr\/wp-json\/wp\/v2\/posts\/60833","targetHints":{"allow":["GET"]}}],"collection":[{"href":"https:\/\/www.europesays.com\/fr\/wp-json\/wp\/v2\/posts"}],"about":[{"href":"https:\/\/www.europesays.com\/fr\/wp-json\/wp\/v2\/types\/post"}],"author":[{"embeddable":true,"href":"https:\/\/www.europesays.com\/fr\/wp-json\/wp\/v2\/users\/2"}],"replies":[{"embeddable":true,"href":"https:\/\/www.europesays.com\/fr\/wp-json\/wp\/v2\/comments?post=60833"}],"version-history":[{"count":0,"href":"https:\/\/www.europesays.com\/fr\/wp-json\/wp\/v2\/posts\/60833\/revisions"}],"wp:featuredmedia":[{"embeddable":true,"href":"https:\/\/www.europesays.com\/fr\/wp-json\/wp\/v2\/media\/60834"}],"wp:attachment":[{"href":"https:\/\/www.europesays.com\/fr\/wp-json\/wp\/v2\/media?parent=60833"}],"wp:term":[{"taxonomy":"category","embeddable":true,"href":"https:\/\/www.europesays.com\/fr\/wp-json\/wp\/v2\/categories?post=60833"},{"taxonomy":"post_tag","embeddable":true,"href":"https:\/\/www.europesays.com\/fr\/wp-json\/wp\/v2\/tags?post=60833"}],"curies":[{"name":"wp","href":"https:\/\/api.w.org\/{rel}","templated":true}]}}