{"id":608333,"date":"2025-12-18T22:49:11","date_gmt":"2025-12-18T22:49:11","guid":{"rendered":"https:\/\/www.europesays.com\/fr\/608333\/"},"modified":"2025-12-18T22:49:11","modified_gmt":"2025-12-18T22:49:11","slug":"a-marseille-ben-mazue-regale-le-silo-pour-son-dernier-seul-en-scene","status":"publish","type":"post","link":"https:\/\/www.europesays.com\/fr\/608333\/","title":{"rendered":"\u00c0 Marseille, Ben Mazu\u00e9 r\u00e9gale le Silo pour son \u00ab\u00a0dernier seul en sc\u00e8ne\u00a0\u00bb"},"content":{"rendered":"<p>Ce jeudi 18\u00a0d\u00e9cembre, sur les coups de 20\u00a0h\u00a015, la salle pleine du <a href=\"https:\/\/www.laprovence.com\/article\/region\/76340321009469\/marseille-le-silo-d-arenc-a-la-joliette-d-ancien-silo-a-grains-a-salle-de-concert\" target=\"_blank\" rel=\"noopener\">Cepac\u00a0Silo <\/a>\u00e9tait plong\u00e9e dans le noir. Ben Mazu\u00e9 apparaissait sur sc\u00e8ne par le biais d\u2019un \u00e9cran fa\u00e7on conf\u00e9rence de presse d\u2019avant-match de Ligue des champions. \u00ab\u00a0Votre adversaire du soir est l\u2019ennui. Vous l\u2019avez souvent vaincu l\u2019ann\u00e9e derni\u00e8re\u00a0\u00bb, affirme le journaliste avant que <a href=\"https:\/\/www.laprovence.com\/article\/culture-loisirs\/2231395793622\/amour-famille-complexite-des-relations-le-chanteur-ben-mazue-confie-etre-plus-serein-et-plus-joyeux\" target=\"_blank\" rel=\"noopener\">Ben\u00a0Mazu\u00e9<\/a> ne lui r\u00e9ponde du tac au tac\u00a0: \u00ab\u00a0Eh Marseille, je suis tout seul ce soir\u00a0?\u00a0\u00bb. Et de rentrer sur sc\u00e8ne accompagn\u00e9 par les cris de la foule et d\u2019un morceau instrumental tirant vers la musique \u00e9lectronique.<\/p>\n<p>\u00ab\u00a0Bonsoir et bienvenue chez moi, le sujet de ce soir est un sujet de salon, c\u2019est la famille\u00a0\u00bb, d\u00e9clame en pr\u00e9ambule l\u2019artiste ni\u00e7ois sur une sc\u00e8ne d\u00e9cor\u00e9e fa\u00e7on salon chic parisien\u00a0: immense tapis persan au sol, lampes \u00e0 pied vintage, canap\u00e9 en cuir couleur olive, vieux piano en bois et quinzaine de lampes suspendues au-dessus de l\u2019artiste. Ben Mazu\u00e9 encha\u00eene avec C\u2019est l\u2019heure, qu\u2019il conclut par un solo de piano.<\/p>\n<p>\u00ab\u00a0La seule chanson qui n\u2019ait jamais fait pleurer mon p\u00e8re\u00a0\u00bb<\/p>\n<p>Loquace, il s\u2019autorise de longs apart\u00e9s avec son public en maniant habilement anecdotes et humour &#8211;\u00a0il appelle lui-m\u00eame son show un seul en sc\u00e8ne ou un spectacle\u00a0-, flirt&#8230;<\/p>\n","protected":false},"excerpt":{"rendered":"Ce jeudi 18\u00a0d\u00e9cembre, sur les coups de 20\u00a0h\u00a015, la salle pleine du Cepac\u00a0Silo \u00e9tait plong\u00e9e dans le noir.&hellip;\n","protected":false},"author":2,"featured_media":608334,"comment_status":"","ping_status":"","sticky":false,"template":"","format":"standard","meta":{"footnotes":""},"categories":[2814],"tags":[17,1111,11,49698,251,1777,674,1011,27,884,71957,12,471,882,56045,25,11795,3711],"class_list":{"0":"post-608333","1":"post","2":"type-post","3":"status-publish","4":"format-standard","5":"has-post-thumbnail","7":"category-marseille","8":"tag-17","9":"tag-actu","10":"tag-actualites","11":"tag-ben","12":"tag-culture","13":"tag-eu","14":"tag-europe","15":"tag-fr","16":"tag-france","17":"tag-marseille","18":"tag-mazue","19":"tag-news","20":"tag-pour","21":"tag-provence-alpes-cote-dazur","22":"tag-regale","23":"tag-republique-francaise","24":"tag-silo","25":"tag-son"},"share_on_mastodon":{"url":"https:\/\/pubeurope.com\/@fr\/115743015841955540","error":""},"_links":{"self":[{"href":"https:\/\/www.europesays.com\/fr\/wp-json\/wp\/v2\/posts\/608333","targetHints":{"allow":["GET"]}}],"collection":[{"href":"https:\/\/www.europesays.com\/fr\/wp-json\/wp\/v2\/posts"}],"about":[{"href":"https:\/\/www.europesays.com\/fr\/wp-json\/wp\/v2\/types\/post"}],"author":[{"embeddable":true,"href":"https:\/\/www.europesays.com\/fr\/wp-json\/wp\/v2\/users\/2"}],"replies":[{"embeddable":true,"href":"https:\/\/www.europesays.com\/fr\/wp-json\/wp\/v2\/comments?post=608333"}],"version-history":[{"count":0,"href":"https:\/\/www.europesays.com\/fr\/wp-json\/wp\/v2\/posts\/608333\/revisions"}],"wp:featuredmedia":[{"embeddable":true,"href":"https:\/\/www.europesays.com\/fr\/wp-json\/wp\/v2\/media\/608334"}],"wp:attachment":[{"href":"https:\/\/www.europesays.com\/fr\/wp-json\/wp\/v2\/media?parent=608333"}],"wp:term":[{"taxonomy":"category","embeddable":true,"href":"https:\/\/www.europesays.com\/fr\/wp-json\/wp\/v2\/categories?post=608333"},{"taxonomy":"post_tag","embeddable":true,"href":"https:\/\/www.europesays.com\/fr\/wp-json\/wp\/v2\/tags?post=608333"}],"curies":[{"name":"wp","href":"https:\/\/api.w.org\/{rel}","templated":true}]}}