{"id":608336,"date":"2025-12-18T22:51:13","date_gmt":"2025-12-18T22:51:13","guid":{"rendered":"https:\/\/www.europesays.com\/fr\/608336\/"},"modified":"2025-12-18T22:51:13","modified_gmt":"2025-12-18T22:51:13","slug":"un-vol-milan-paris-deroute-a-lyon-saint-exupery","status":"publish","type":"post","link":"https:\/\/www.europesays.com\/fr\/608336\/","title":{"rendered":"un vol Milan-Paris d\u00e9rout\u00e9 \u00e0 Lyon Saint-Exup\u00e9ry"},"content":{"rendered":"<p>Les passagers du vol Air France 1313 reliant Milan \u00e0 Paris Charles-de-Gaulle n&rsquo;avaient s\u00fbrement pas pr\u00e9vu de faire une escale dans la capitale des Gaules ce jeudi 18 d\u00e9cembre au soir.<\/p>\n<p>Selon les pompiers, l&rsquo;engin aurait \u00e9t\u00e9 contraint de se d\u00e9router\u00a0vers l&rsquo;a\u00e9roport de Lyon Saint-Exup\u00e9ry en raison de fum\u00e9es dans le cockpit.<\/p>\n<p>Les passagers d\u00e9barqu\u00e9s<\/p>\n<p>L&rsquo;avion avait d\u00e9coll\u00e9 de l&rsquo;a\u00e9roport de Milan Linate peu avant 19 h 30, et a d\u00fb atterrir sur les pistes de Lyon Saint-Exup\u00e9ry moins d&rsquo;une heure plus tard pour faire face \u00e0 cet incident.<\/p>\n<p>Toujours selon les pompiers, plusieurs engins auraient \u00e9t\u00e9 mobilis\u00e9s pour accueillir l&rsquo;avion \u00e0 son atterrissage. Les passagers ont ensuite \u00e9t\u00e9 d\u00e9barqu\u00e9s afin de proc\u00e9der \u00e0 des v\u00e9rifications, sans que l&rsquo;origine des fum\u00e9es ne soit trouv\u00e9e.<\/p>\n<p>Selon le site internet sp\u00e9cialis\u00e9 Flightradar24, l&rsquo;appareil devait normalement s&rsquo;envoler \u00e0 nouveau vers 22 heures vers sa destination initiale\u00a0: Paris Charles-de-Gaulle.<\/p>\n","protected":false},"excerpt":{"rendered":"Les passagers du vol Air France 1313 reliant Milan \u00e0 Paris Charles-de-Gaulle n&rsquo;avaient s\u00fbrement pas pr\u00e9vu de faire&hellip;\n","protected":false},"author":2,"featured_media":608337,"comment_status":"","ping_status":"","sticky":false,"template":"","format":"standard","meta":{"footnotes":""},"categories":[1889],"tags":[1111,11,2430,23533,1777,674,274,107,1011,27,2428,12,25,2429,3151,2803],"class_list":{"0":"post-608336","1":"post","2":"type-post","3":"status-publish","4":"format-standard","5":"has-post-thumbnail","7":"category-lyon","8":"tag-actu","9":"tag-actualites","10":"tag-auvergne-rhone-alpes","11":"tag-colombier-saugnieu","12":"tag-eu","13":"tag-europe","14":"tag-faits-divers-justice","15":"tag-fil-info","16":"tag-fr","17":"tag-france","18":"tag-lyon","19":"tag-news","20":"tag-republique-francaise","21":"tag-rhone","22":"tag-selection-de-la-redaction-69","23":"tag-transport"},"share_on_mastodon":{"url":"https:\/\/pubeurope.com\/@fr\/115743023670470517","error":""},"_links":{"self":[{"href":"https:\/\/www.europesays.com\/fr\/wp-json\/wp\/v2\/posts\/608336","targetHints":{"allow":["GET"]}}],"collection":[{"href":"https:\/\/www.europesays.com\/fr\/wp-json\/wp\/v2\/posts"}],"about":[{"href":"https:\/\/www.europesays.com\/fr\/wp-json\/wp\/v2\/types\/post"}],"author":[{"embeddable":true,"href":"https:\/\/www.europesays.com\/fr\/wp-json\/wp\/v2\/users\/2"}],"replies":[{"embeddable":true,"href":"https:\/\/www.europesays.com\/fr\/wp-json\/wp\/v2\/comments?post=608336"}],"version-history":[{"count":0,"href":"https:\/\/www.europesays.com\/fr\/wp-json\/wp\/v2\/posts\/608336\/revisions"}],"wp:featuredmedia":[{"embeddable":true,"href":"https:\/\/www.europesays.com\/fr\/wp-json\/wp\/v2\/media\/608337"}],"wp:attachment":[{"href":"https:\/\/www.europesays.com\/fr\/wp-json\/wp\/v2\/media?parent=608336"}],"wp:term":[{"taxonomy":"category","embeddable":true,"href":"https:\/\/www.europesays.com\/fr\/wp-json\/wp\/v2\/categories?post=608336"},{"taxonomy":"post_tag","embeddable":true,"href":"https:\/\/www.europesays.com\/fr\/wp-json\/wp\/v2\/tags?post=608336"}],"curies":[{"name":"wp","href":"https:\/\/api.w.org\/{rel}","templated":true}]}}